{"id":2744,"date":"2012-09-27T15:30:45","date_gmt":"2012-09-27T13:30:45","guid":{"rendered":"http:\/\/www.ladislavjakl.cz\/?p=2744"},"modified":"2012-09-27T15:30:45","modified_gmt":"2012-09-27T13:30:45","slug":"pockam-si-na-pohrbivani-karla-schwarzenberga","status":"publish","type":"post","link":"https:\/\/www.ladislavjakl.cz\/?p=2744","title":{"rendered":"Po\u010dk\u00e1m si na poh\u0159b\u00edv\u00e1n\u00ed Karla Schwarzenberga"},"content":{"rendered":"<p>To: Jakl Ladislav Subject: pozv\u00e1nka na p\u0159edstaven\u00ed Poh\u0159b\u00edv\u00e1n\u00ed<\/p>\n<p>V\u00e1\u017een\u00fd pane Jakle, dovolte, abych V\u00e1s a pana prezidenta Klause jm\u00e9nem Divadla Feste pozvala na na\u0161e p\u0159edstaven\u00ed Poh\u0159b\u00edv\u00e1n\u00ed, kter\u00e9 uv\u00e1d\u00edme  10.10. ve 20:00 v NoD Teatro v Praze.<\/p>\n<p><!--more-->Inscenace, jej\u00edm\u017e autem je dramatik Roman Sikora, reflektuje stav \u010desk\u00e9 spole\u010dnosti za doby sou\u010dasn\u00e9ho prezidenta V\u00e1clava Klause.  P\u0159edstaven\u00ed m\u011blo premi\u00e9ru 6. \u010dervna v Brn\u011b, v Praze bude uvedeno poprv\u00e9.  Hlavn\u00edm motivem kontroverzn\u00ed inscenace je p\u0159\u00edm\u00fd p\u0159enos z poh\u0159bu V\u00e1clava Klause.   ,,N\u00e1pad napsat hru o poh\u0159bu V\u00e1clava Klause k n\u00e1m p\u0159irozen\u011b p\u0159i\u0161el. P\u0159\u00ed\u0161t\u00ed rok bude rokem, kdy si ob\u010dan\u00e9 \u010cR poprv\u00e9 p\u0159\u00edmou volbou zvol\u00ed sv\u00e9ho nov\u00e9ho prezidenta a n\u00e1s napadlo bilancovat t\u011bch posledn\u00edch deset let, kdy v \u010dele na\u0161\u00ed zem\u011b st\u00e1l pr\u00e1v\u011b V\u00e1clav Klaus,\u201d vysv\u011btluje Honz\u00edrek. Poh\u0159b\u00edv\u00e1n\u00ed v\u0161ak nemapuje pouze posledn\u00edch deset let, ale zachycuje cel\u00fd polistopadov\u00fd v\u00fdvoj v \u010desk\u00e9 spole\u010dnosti. Po form\u00e1ln\u00ed str\u00e1nce \u010derp\u00e1 z ud\u00e1lost\u00ed a okolnost\u00ed po smrti b\u00fdval\u00e9ho prezidenta V\u00e1clava Havla a pr\u016fb\u011bhu st\u00e1tn\u00edho poh\u0159bu p\u0159en\u00e1\u0161en\u00e9ho \u010ceskou televiz\u00ed. Poh\u0159b\u00edv\u00e1n\u00ed je p\u0159irozen\u00fdm pokra\u010dov\u00e1n\u00ed trilogie o xenofobii a \u0161ovinismu v \u010desk\u00e9 spole\u010dnosti, do n\u00ed\u017e je\u0161t\u011b pat\u0159\u00ed Mimo\u0159\u00e1dn\u00e9 ud\u00e1losti odkazuj\u00edc\u00ed k p\u0159\u00edb\u011bhu ultrakonzervativn\u00edho masov\u00e9ho vraha Anderse Breivika a N\u00e1rodn\u00ed t\u0159\u00edda od Jaroslava Rudi\u0161e nach\u00e1zej\u00edc\u00ed zako\u0159en\u011bn\u00e9 projevy xenofobie a rasismu v \u0161irok\u00e9 ve\u0159ejnosti, u tzv. \u00fapln\u011b oby\u010dejn\u00fdch lid\u00ed. Posledn\u00ed jmenovan\u00e1 bude m\u00edt teprve svou premi\u00e9ru v  Brn\u011b. Budeme r\u00e1di, kdy\u017e si najdete \u010das na\u0161e p\u0159edstaven\u00ed nav\u0161t\u00edvit.  V p\u0159\u00edpad\u011b z\u00e1jmu o rezervaci voln\u00fdch vstupenek se na mne nev\u00e1hejte obr\u00e1tit.<\/p>\n<p>P\u011bkn\u00fd den,<\/p>\n<p>Mgr. \u0160\u00e1rka Syslov\u00e1<br \/>\nPR mana\u017eerka Divadla Feste<\/p>\n<p>From: Jakl Ladislav<br \/>\nSent: Wednesday, September 26, 2012 10:37 AM<br \/>\nTo: &#8218;\u0160\u00e1rka Syslov\u00e1&#8216;<br \/>\nSubject: RE: pozv\u00e1nka na p\u0159edstaven\u00ed Poh\u0159b\u00edv\u00e1n\u00ed<\/p>\n<p>Moc d\u011bkuji za pozv\u00e1n\u00ed.<\/p>\n<p>Va\u0161i hru o poh\u0159b\u00edv\u00e1n\u00ed V\u00e1clava Havla jsem asi pro\u0161vihl, ani tuhle nestihnu.<\/p>\n<p>Ale po\u010dk\u00e1m si na Va\u0161i komedii o poh\u0159b\u00edv\u00e1n\u00ed Karla Schwarzenberga. Dejte, pros\u00edm, v\u011bd\u011bt.<\/p>\n<p>L. Jakl<\/p>\n","protected":false},"excerpt":{"rendered":"<p>To: Jakl Ladislav Subject: pozv\u00e1nka na p\u0159edstaven\u00ed Poh\u0159b\u00edv\u00e1n\u00ed V\u00e1\u017een\u00fd pane Jakle, dovolte, abych V\u00e1s a pana prezidenta Klause jm\u00e9nem Divadla Feste pozvala na na\u0161e p\u0159edstaven\u00ed Poh\u0159b\u00edv\u00e1n\u00ed, kter\u00e9 uv\u00e1d\u00edme 10.10. ve 20:00 v NoD Teatro v Praze.<\/p>\n","protected":false},"author":1,"featured_media":0,"comment_status":"open","ping_status":"open","sticky":false,"template":"","format":"standard","meta":{"ngg_post_thumbnail":0,"footnotes":""},"categories":[6],"tags":[],"class_list":["post-2744","post","type-post","status-publish","format-standard","hentry","category-co-jsem-nerekl"],"_links":{"self":[{"href":"https:\/\/www.ladislavjakl.cz\/index.php?rest_route=\/wp\/v2\/posts\/2744","targetHints":{"allow":["GET"]}}],"collection":[{"href":"https:\/\/www.ladislavjakl.cz\/index.php?rest_route=\/wp\/v2\/posts"}],"about":[{"href":"https:\/\/www.ladislavjakl.cz\/index.php?rest_route=\/wp\/v2\/types\/post"}],"author":[{"embeddable":true,"href":"https:\/\/www.ladislavjakl.cz\/index.php?rest_route=\/wp\/v2\/users\/1"}],"replies":[{"embeddable":true,"href":"https:\/\/www.ladislavjakl.cz\/index.php?rest_route=%2Fwp%2Fv2%2Fcomments&post=2744"}],"version-history":[{"count":1,"href":"https:\/\/www.ladislavjakl.cz\/index.php?rest_route=\/wp\/v2\/posts\/2744\/revisions"}],"predecessor-version":[{"id":2745,"href":"https:\/\/www.ladislavjakl.cz\/index.php?rest_route=\/wp\/v2\/posts\/2744\/revisions\/2745"}],"wp:attachment":[{"href":"https:\/\/www.ladislavjakl.cz\/index.php?rest_route=%2Fwp%2Fv2%2Fmedia&parent=2744"}],"wp:term":[{"taxonomy":"category","embeddable":true,"href":"https:\/\/www.ladislavjakl.cz\/index.php?rest_route=%2Fwp%2Fv2%2Fcategories&post=2744"},{"taxonomy":"post_tag","embeddable":true,"href":"https:\/\/www.ladislavjakl.cz\/index.php?rest_route=%2Fwp%2Fv2%2Ftags&post=2744"}],"curies":[{"name":"wp","href":"https:\/\/api.w.org\/{rel}","templated":true}]}}