{"id":2750,"date":"2012-10-02T10:01:58","date_gmt":"2012-10-02T08:01:58","guid":{"rendered":"http:\/\/www.ladislavjakl.cz\/?p=2750"},"modified":"2012-10-02T10:01:58","modified_gmt":"2012-10-02T08:01:58","slug":"taji-neco-viewegh-kradeze-uplatky-sex-pod-15","status":"publish","type":"post","link":"https:\/\/www.ladislavjakl.cz\/?p=2750","title":{"rendered":"Taj\u00ed n\u011bco Viewegh? Kr\u00e1de\u017ee, \u00faplatky, sex pod 15?"},"content":{"rendered":"<p>Jen n\u011bkolik dn\u00ed pot\u00e9, co se na ve\u0159ejnost dostaly uk\u00e1zky z chystan\u00e9 knihy Michala Viewegha, p\u0159e\u0161el Hrad do proti\u00fatoku.<\/p>\n<p><!--more--><\/p>\n<p>\u0158editel  politick\u00e9ho odboru kancel\u00e1\u0159e prezidenta republiky Ladislav Jakl toti\u017e  nazna\u010duje, \u017ee \u017eivot samotn\u00e9ho autora knihy, kter\u00fd si tentokr\u00e1t op\u011bt vzal  na pa\u0161k\u00e1l V\u00e1clava Klause, mo\u017en\u00e1 skr\u00fdv\u00e1 nejedno p\u0159ekvapen\u00ed.<\/p>\n<p>Bylo  by z\u0159ejm\u011b zaj\u00edmav\u00e9, kdyby Viewegh liter\u00e1rn\u011b zpracoval vlastn\u00ed minulost i  sou\u010dasnost &#8211; takov\u00fd rom\u00e1n byl jist\u011b velmi barvit\u00fd a \u0161el by dob\u0159e na  prodej.<\/p>\n<p>&#8222;T\u011b\u0161\u00edm se na jeho knihu o tom, jak s\u00e1m vykr\u00e1dal auta,  provozoval skupinov\u00fd sex s nezletil\u00fdmi a upl\u00e1cel autory recenz\u00ed,&#8220; \u0159\u00edk\u00e1  Jakl v odpov\u011bdi pro Prvnizpravy.cz.<\/p>\n<p>Co t\u00edm Jakl m\u00edn\u00ed? V\u00ed n\u011bco, co  ostatn\u00ed netu\u0161\u00ed? Je jeho vyj\u00e1d\u0159en\u00ed pob\u00eddkou pro novin\u00e1\u0159e, aby zap\u00e1trali v  minulosti lidov\u00e9ho spisovatele? V\u017edy\u0165 po Praze se toho o n\u011bm pov\u00edd\u00e1  hodn\u011b. Nebo jen odpov\u00edd\u00e1 stejnou nads\u00e1zkou, jakou se h\u00e1j\u00ed Viewegh, kdy\u017e  obhajuje sv\u016fj posledn\u00ed v\u00fdtvor?<\/p>\n<p>Nev\u00edme. Jist\u00e9 ale je, \u017ee Jakl  reaguje pr\u00e1v\u011b na \u00faryvky z t\u00e9to knihy, kter\u00e9 p\u0159ed \u010dasem &#8222;unikly&#8220; do m\u00e9di\u00ed  a ve kter\u00fdch se nejpokleslej\u0161\u00edm zp\u016fsobem \u00fato\u010d\u00ed na prezidenta republiky,  ale i na \u0159adu dal\u0161\u00edch politik\u016f Hradu v\u00edce \u010di m\u00e9n\u011b bl\u00edzk\u00fdch.<\/p>\n<p>Kniha  vyvolala zd\u011b\u0161en\u00ed i mezi samotn\u00fdmi pravdol\u00e1ska\u0159i, ke kter\u00fdm se Viewegh  po\u010d\u00edt\u00e1 &#8211; mnoz\u00ed z nich p\u0159izn\u00e1vaj\u00ed, \u017ee spisovatel p\u0159est\u0159elil a \u017ee jeho  posledn\u00ed kniha u nich sv\u00fdmi nechutn\u00fdmi pas\u00e1\u017eemi bud\u00ed odpor. L\u00ed\u010d\u00ed v nich  nap\u0159\u00edklad prezidenta jako homosexu\u00e1la, kter\u00fd nech\u00e1 zavra\u017edit sv\u00e9ho  milence \u010di sn\u00ed o tom, \u017ee by po sob\u011b nechal p\u0159ejmenovat V\u00e1clavsk\u00e9  n\u00e1m\u011bst\u00ed.<\/p>\n<p>Je ot\u00e1zka, zda ve sv\u00e9 nejnov\u011bj\u0161\u00ed fikci Viewegh  nepopisuje sp\u00ed\u0161e vlastn\u00ed zku\u0161enosti a pro\u017eitky. Tento zp\u016fsob psan\u00ed je  toti\u017e pro jeho tvorbu typick\u00fd, jak i s\u00e1m p\u0159izn\u00e1v\u00e1.<\/p>\n<p>&#8222;Bezpochyby  pat\u0159\u00edm k tomu typu autor\u016f, kter\u00fdm se l\u00e9pe p\u00ed\u0161e o tom, co alespo\u0148 z\u010d\u00e1sti  sami pro\u017eili, a nijak nepop\u00edr\u00e1m \u010d\u00e1ste\u010dnou autobiografi\u010dnost n\u011bkter\u00fdch  motiv\u016f,&#8220; uvedl Viewegh.<\/p>\n<p>Redakce Prvnizpravy.cz se pokusila autora  oslovit, aby zjistila, co je na Jaklem uveden\u00fdch zv\u011bstech pravdy a zda  by se k nim necht\u011bl vyj\u00e1d\u0159it. Autora se ale nepoda\u0159ilo zastihnout.<\/p>\n<p><a href=\"http:\/\/www.prvnizpravy.cz\/zpravy\/z-domova\/taji-neco-viewegh-kradeze-uplatky-sex-pod-15\/\" target=\"_blank\">Zdroj<\/a><\/p>\n","protected":false},"excerpt":{"rendered":"<p>Jen n\u011bkolik dn\u00ed pot\u00e9, co se na ve\u0159ejnost dostaly uk\u00e1zky z chystan\u00e9 knihy Michala Viewegha, p\u0159e\u0161el Hrad do proti\u00fatoku.<\/p>\n","protected":false},"author":1,"featured_media":0,"comment_status":"open","ping_status":"open","sticky":false,"template":"","format":"standard","meta":{"ngg_post_thumbnail":0,"footnotes":""},"categories":[6,11],"tags":[],"class_list":["post-2750","post","type-post","status-publish","format-standard","hentry","category-co-jsem-nerekl","category-ozvena"],"_links":{"self":[{"href":"https:\/\/www.ladislavjakl.cz\/index.php?rest_route=\/wp\/v2\/posts\/2750","targetHints":{"allow":["GET"]}}],"collection":[{"href":"https:\/\/www.ladislavjakl.cz\/index.php?rest_route=\/wp\/v2\/posts"}],"about":[{"href":"https:\/\/www.ladislavjakl.cz\/index.php?rest_route=\/wp\/v2\/types\/post"}],"author":[{"embeddable":true,"href":"https:\/\/www.ladislavjakl.cz\/index.php?rest_route=\/wp\/v2\/users\/1"}],"replies":[{"embeddable":true,"href":"https:\/\/www.ladislavjakl.cz\/index.php?rest_route=%2Fwp%2Fv2%2Fcomments&post=2750"}],"version-history":[{"count":1,"href":"https:\/\/www.ladislavjakl.cz\/index.php?rest_route=\/wp\/v2\/posts\/2750\/revisions"}],"predecessor-version":[{"id":2751,"href":"https:\/\/www.ladislavjakl.cz\/index.php?rest_route=\/wp\/v2\/posts\/2750\/revisions\/2751"}],"wp:attachment":[{"href":"https:\/\/www.ladislavjakl.cz\/index.php?rest_route=%2Fwp%2Fv2%2Fmedia&parent=2750"}],"wp:term":[{"taxonomy":"category","embeddable":true,"href":"https:\/\/www.ladislavjakl.cz\/index.php?rest_route=%2Fwp%2Fv2%2Fcategories&post=2750"},{"taxonomy":"post_tag","embeddable":true,"href":"https:\/\/www.ladislavjakl.cz\/index.php?rest_route=%2Fwp%2Fv2%2Ftags&post=2750"}],"curies":[{"name":"wp","href":"https:\/\/api.w.org\/{rel}","templated":true}]}}