{"id":2752,"date":"2012-10-02T10:02:57","date_gmt":"2012-10-02T08:02:57","guid":{"rendered":"http:\/\/www.ladislavjakl.cz\/?p=2752"},"modified":"2012-10-02T10:02:57","modified_gmt":"2012-10-02T08:02:57","slug":"prezident-se-neda-zastrasit-rika-jeho-tajemnik-jakl","status":"publish","type":"post","link":"https:\/\/www.ladislavjakl.cz\/?p=2752","title":{"rendered":"Prezident se ned\u00e1 zastra\u0161it, \u0159\u00edk\u00e1 jeho tajemn\u00edk Jakl"},"content":{"rendered":"<p>Prezident V\u00e1clav Klaus se nenech\u00e1 \u00fatokem v Chrastav\u011b zastra\u0161it a nebude  ani m\u011bnit sv\u016fj program. V rozhovoru pro Pr\u00e1vo to \u0159\u00edk\u00e1 jeho tajemn\u00edk  Ladislav Jakl.<\/p>\n<p><!--more--><\/p>\n<h4>Uprav\u00ed pan prezident v reakci na \u00fatok v Chrastav\u011b sv\u016fj program?<\/h4>\n<p>S  panem prezidentem jsem od t\u00e9 doby mluvil pouze telefonicky, tak\u017ee  nechci moc mluvit za procesy, kter\u00e9 se mu odehr\u00e1vaj\u00ed v hlav\u011b. Ale sp\u00ed\u0161  jak ho zn\u00e1m, t\u011b\u017eko si um\u00edm p\u0159edstavit, \u017ee by se n\u011b\u010d\u00edm takov\u00fdm dal  zastra\u0161it a\u017e do t\u00e9 m\u00edry, \u017ee by po tom \u00fatoku m\u011bnil sv\u016fj program. Je dost  mo\u017en\u00e9, \u017ee se bude zaj\u00edmat o to, jak\u00e1 byla p\u0159ijata opat\u0159en\u00ed ke zv\u00fd\u0161en\u00ed  bezpe\u010dnosti.<\/p>\n<p>Mo\u017en\u00e1 \u017ee m\u00e1lokdo i z va\u0161ich \u010dten\u00e1\u0159\u016f v\u00ed, \u017ee ochrann\u00e1  slu\u017eba prezidenta republiky, dokonce v\u010detn\u011b \u0159idi\u010d\u016f i aut, nespad\u00e1 pod  prezidenta, nespad\u00e1 pod Kancel\u00e1\u0159 prezidenta republiky. Jsou to  zam\u011bstnanci ministerstva vnitra. Pan prezident jim ve v\u011bcech slu\u017eebn\u00edch  p\u0159\u00edmo nevel\u00ed a ani nem\u016f\u017ee m\u011bnit metodiku jejich postupu. Ale je dost  mo\u017en\u00e9, \u017ee se o n\u011bkter\u00e1 p\u0159ijat\u00e1 opat\u0159en\u00ed bude zaj\u00edmat.<\/p>\n<h4>Podle  informac\u00ed Ot\u00e1zek V\u00e1clava Moravce je jedn\u00edm z d\u016fvod\u016f sou\u010dasn\u00e9ho jedn\u00e1n\u00ed  prezidenta to, \u017ee chce m\u00edt vliv na slo\u017een\u00ed budouc\u00ed \u00fa\u0159ednick\u00e9 vl\u00e1dy a t\u00edm  i na jmenov\u00e1n\u00ed velvyslanc\u016f z \u0159ad sv\u00fdch spolupracovn\u00edk\u016f. Co je na tom  pravdy?<\/h4>\n<p>Kdy\u017e sleduji m\u00e9dia posledn\u00ed dva t\u00fddny, mus\u00edm ka\u017edou  chv\u00edli vykulit o\u010di a p\u0159i poslouch\u00e1n\u00ed pana Moravce mi u\u017e m\u00e1lem vypadly.  L\u017ei, spekulace, f\u00e1my, nesmysly a vysloven\u00e9 blbosti, kter\u00e9 se v posledn\u00ed  dob\u011b v m\u00e9di\u00edch kup\u00ed kolem \u00fadajn\u00e9ho chov\u00e1n\u00ed pana prezidenta, v m\u00fdch o\u010d\u00edch  p\u0159esahuj\u00ed u\u017e b\u011b\u017enou m\u00edru manipulace, na kterou jsem zvykl\u00fd.<\/p>\n<p>Pan  prezident za posledn\u00ed m\u011bs\u00edce, t\u00fddny anebo dny neud\u011blal v\u016fbec nic, to  bych skoro zopakoval n\u011bkolikr\u00e1t, neud\u011blal v\u016fbec nic proti vl\u00e1d\u011b, proti  panu premi\u00e9rovi. Neu\u010dinil \u017e\u00e1dn\u00fd nestandardn\u00ed, neb\u011b\u017en\u00fd krok, kter\u00fdm by  snad cht\u011bl ovlivnit procesy uvnit\u0159 stran nebo kter\u00fdm by sledoval n\u011bjak\u00e9  p\u0159eskupen\u00ed na politick\u00e9 sc\u00e9n\u011b. To jsou absurdn\u00ed fantasmagorie.<\/p>\n<p>M\u00e1m  pocit, \u017ee dnes m\u016f\u017eete tvrdit \u00fapln\u011b v\u0161echno a nepot\u0159ebujete jako podklad  v\u016fbec nic. Tuto vlnu bl\u00e1zniv\u00fdch spekulac\u00ed, kdy nev\u00edm, kdo za n\u00ed stoj\u00ed a  v jak\u00e9m z\u00e1jmu jsou vedeny, odstartoval v\u00e1\u0161 konkuren\u010dn\u00ed den\u00edk, Mlad\u00e1  fronta Dnes, jak \u00fadajn\u011b prezident \u00fato\u010d\u00ed na vl\u00e1du, proto\u017ee vl\u00e1d\u011b vr\u00e1til  t\u0159i z\u00e1kony.<\/p>\n<h4>A jak to tedy s prezidentsk\u00fdmi vety je?<\/h4>\n<p>Z\u00e1kon  byl jenom jeden, a ne t\u0159i. MfD k tomu p\u0159ipo\u010detla z\u00e1kon z \u010dervence, plus  jeden z\u00e1kon, kter\u00fd byl poslaneck\u00fd, tud\u00ed\u017e ho vl\u00e1da v\u016fbec nep\u0159edkl\u00e1dala.  Byla to novela trestn\u00edho z\u00e1kona. Jak by mohl prezident oslabit vl\u00e1du  prost\u0159ednictv\u00edm \u010dervencov\u00e9ho vetov\u00e1n\u00ed z\u00e1kona o energetick\u00fdch \u0161t\u00edtc\u00edch?  T\u00edm by tak maxim\u00e1ln\u011b mohl vl\u00e1d\u011b pomoci, proto\u017ee toto opat\u0159en\u00ed zdra\u017e\u00ed  v\u00fdstavbu, zkomplikuje situace na trhu nemovitost\u00ed, zbrzd\u00ed ekonomick\u00fd  rozvoj a nepochybn\u011b i podv\u00e1\u017ee p\u0159\u00edjmovou str\u00e1nku rozpo\u010dtu.<\/p>\n<p>Jak by mohl prezident bojovat proti vl\u00e1d\u011b t\u00edm, \u017ee vr\u00e1t\u00ed Sn\u011bmovn\u011b poslaneckou iniciativu, podle kter\u00e9 se m\u00e1 neplacen\u00ed aliment\u016f trestat  ztr\u00e1tou \u0159idi\u010d\u00e1k\u016f? No to je \u00fatok na vl\u00e1du jako hrom. Za t\u0159et\u00ed, jak by  mohl shodit vl\u00e1du t\u00edm, \u017ee vr\u00e1t\u00ed z\u00e1kon o p\u011bstounech? To jsou \u00fatoky na  vl\u00e1du?<\/p>\n<h4>Nyn\u00ed se ov\u0161em hlavn\u011b prop\u00edr\u00e1 veto d\u016fchodov\u00e9 reformy.<\/h4>\n<p>Proti  druh\u00e9mu pil\u00ed\u0159i pan prezident protestuje dlouh\u00e1, dlouh\u00e1 l\u00e9ta. Kdy\u017e proti  n\u011bmu velmi siln\u011b protestoval p\u0159ed rokem a p\u016fl, tak se novin\u00e1\u0159\u016fm sna\u017eil  vysv\u011btlit l\u00e9ta trvaj\u00edc\u00ed konzistentn\u00ed v\u00fdhrady proti cel\u00e9mu syst\u00e9mu. A  m\u00edsto toho jsem se do\u010detl v novin\u00e1ch, \u017ee kritikou druh\u00e9ho pil\u00ed\u0159e pan  prezident chce pomoci n\u011bjak\u00e9mu panu poslanci B\u00e1rtovi.<\/p>\n<p>Takov\u00e9  \u0161okuj\u00edc\u00ed hlouposti je mo\u017en\u00e9 napsat a neru\u010dit za n\u011b jak\u00fdmkoliv  argumentem nebo faktem. \u017de pan prezident dlouhodob\u011b kritizuje zvy\u0161ov\u00e1n\u00ed  dan\u00ed, to p\u0159ece nen\u00ed \u017e\u00e1dn\u00fd objev. A \u017ee to zopakoval na Sn\u011b\u017ece, tak t\u00edm  jako shazuje vl\u00e1du? To u\u017e by nemohl \u0159\u00edct v\u016fbec nic a musel by sn\u00edst  v\u0161echny \u010dl\u00e1nky, projevy a vystoupen\u00ed, kter\u00e9 na tak v\u00e1\u017en\u00e9 ekonomick\u00e9 t\u00e9ma  kdy v \u017eivot\u011b m\u011bl. To by potom nemohl u\u017e v\u016fbec nic. V\u0161echno ostatn\u00ed u\u017e  jsou naprost\u00e9 fantasmagorie.<\/p>\n<p>A je\u0161t\u011b jedna v\u011bc. Mysl\u00ed n\u011bkdo v\u00e1\u017en\u011b,  \u017ee je prost\u0159ednictv\u00edm vet mo\u017en\u00e9 jakkoliv ohrozit jakoukoliv vl\u00e1du?  P\u0159ece vl\u00e1dn\u00ed v\u011bt\u0161ina mal\u00ed\u010dkem lev\u00e9 nohy prezidenta kdykoliv p\u0159ehlasuje.  Pokud tuto v\u011bt\u0161inu nem\u00e1, nem\u016f\u017ee p\u0159ece vl\u00e1dnout. Veta nem\u016f\u017eou nikdy  slou\u017eit k jak\u00e9mukoliv oslaben\u00ed vl\u00e1dy. Pokud jde o srovn\u00e1v\u00e1n\u00ed po\u010dtu vet  sou\u010dasn\u00e9ho prezidenta a minul\u00e9ho, tak se nikdo nezamysl\u00ed, kolik v\u016fbec  tehdy prezident Havel z\u00e1kon\u016f m\u011bl, kdy\u017e ode\u010dteme automatick\u00e9  implementace. Skoro polovina vet za cel\u00fdch deset let prezidenta V\u00e1clava Klause jde na vrub n\u011bkolika m\u011bs\u00edc\u016f vl\u00e1dy Ji\u0159\u00edho Paroubka. A to z doby, kdy  z\u00e1kony neschvaloval koali\u010dn\u00ed v\u011bt\u0161inou, ale spole\u010dn\u011b s komunisty.<\/p>\n<p>Nev\u00edm, kdo m\u00e1 tuto \u010derstvou vlnu roze\u0161tv\u00e1v\u00e1n\u00ed vl\u00e1dy a prezidenta na sv\u011bdom\u00ed. Skoro m\u00e1m n\u011bkdy pocit, \u017ee to je pr\u00e1v\u011b pan Kalousek a jeho maskot pan Schwarzenberg,  kte\u0159\u00ed cht\u011bj\u00ed vnutit panu premi\u00e9rovi p\u0159edstavu, \u017ee oni jsou jeho  nejlep\u0161\u00ed k\u00e1mo\u0161i a \u017ee kdy\u017e jim nevyhov\u00ed \u00fapln\u011b ve v\u0161em a neposlechne je na  slovo, \u017ee ho ten zl\u00fd drak z Hradu se\u017eere.<\/p>\n<h4>Mysl\u00edte si, \u017ee by v  p\u0159\u00edpad\u011b p\u00e1du vl\u00e1dy byly lep\u0161\u00edm \u0159e\u0161en\u00edm rychl\u00e9 p\u0159ed\u010dasn\u00e9 volby, nebo  vl\u00e1da ve stejn\u00e9 nebo obdobn\u00e9 konstelaci s jin\u00fdm premi\u00e9rem?<\/h4>\n<p>V\u00edte,  j\u00e1 v\u016fbec nem\u00e1m motivaci na takov\u00e9 ot\u00e1zky odpov\u00eddat. Za prv\u00e9, v\u016fbec o  tom nep\u0159em\u00fd\u0161l\u00edm. Pro m\u011b to nen\u00ed na po\u0159adu dne, pro m\u011b je to naprosto  um\u011bl\u00e1, vykonstruovan\u00e1 problematika, kter\u00e1 re\u00e1ln\u011b nesouvis\u00ed s dne\u0161n\u00ed  skute\u010dnou situac\u00ed. Za druh\u00e9, kdy\u017e te\u010f budu s v\u00e1mi spole\u010dn\u011b hypoteticky  spekulovat jako \u010dlov\u011bk, kter\u00fd se zab\u00fdv\u00e1 \u00fastavn\u00ed prax\u00ed, hned druh\u00fd den  n\u011bkdo za\u010dne k\u0159i\u010det, pod\u00edvejte, Jaklova slova jsou d\u016fkazem, jak tady  n\u011bkdo pl\u00e1nuje p\u0159ekreslen\u00ed politick\u00e9 mapy.<\/p>\n<h4>Prezident se vyj\u00e1d\u0159il  kriticky na adresu prohibice. Ta byla nyn\u00ed uvoln\u011bna. Zaj\u00edmal by m\u011b v\u00e1\u0161  n\u00e1zor na opat\u0159en\u00ed, kter\u00e1 kv\u016fli metanolov\u00e9 af\u00e9\u0159e kabinet zavedl.<\/h4>\n<p>Je  to samoz\u0159ejm\u011b velk\u00e1 katastrofa, velk\u00e1 trag\u00e9die, zma\u0159en\u00ed lidsk\u00fdch \u017eivot\u016f  zp\u016fsoben\u00e9 naprostou bezohlednost\u00ed n\u011bkter\u00fdch \u00fa\u010dastn\u00edk\u016f trhu s lihov\u00fdmi  produkty. Zdr\u00e1h\u00e1m se uv\u011b\u0159it, \u017ee existuje n\u011bjak\u00fd univerz\u00e1ln\u00ed l\u00e9k, \u017ee by  snad mohl zamezit podobn\u00fdm zlo\u010dinn\u00fdm pokus\u016fm. Pokud je l\u00edh komoditou  zdan\u011bnou spot\u0159ebn\u00ed dan\u00ed, budou v\u017edy existovat pokusy vyr\u00e1b\u011bt l\u00edh na\u010derno  a tento nezdan\u011bn\u00ed l\u00edh dost\u00e1vat do leg\u00e1ln\u00edho ob\u011bhu.<\/p>\n<p>Pokud bude  existovat takov\u00e1 praxe, v\u017edy bude existovat ur\u010dit\u00e9 riziko, \u017ee se s  etanolem sveze i jeho zl\u00fd brat\u0159\u00ed\u010dek metanol. Ono se snadno v takov\u00e9  chv\u00edli kdekoho kritizuje. Mysl\u00edm si, \u017ee ve\u0159ejnost m\u011bla b\u00fdt v ka\u017ed\u00e9m dni  informov\u00e1na l\u00e9pe, jak\u00fdch produkt\u016f se to t\u00fdk\u00e1, jak\u00fdch typ\u016f lihovin, kde  se nach\u00e1zej\u00ed, z jak\u00fdch zdroj\u016f.<\/p>\n<p>M\u011bl jsem tak\u00e9 pocit, \u017ee se m\u011blo v  jistou chv\u00edli j\u00edt p\u0159\u00edmo po tom samotn\u00e9m probl\u00e9mu, a ne p\u0159en\u00e1\u0161et debatu  na probl\u00e9m da\u0148ov\u00fdch \u00fanik\u016f. A u\u017e v\u016fbec si nemysl\u00edm, \u017ee plo\u0161n\u00e1 prohibice  p\u0159isp\u011bla k vy\u0159e\u0161en\u00ed probl\u00e9mu, k nalezen\u00ed zdroj\u016f a vyp\u00e1tr\u00e1n\u00ed vin\u00edk\u016f.  Nav\u00edc m\u011bla podle m\u00e9ho p\u0159\u00edli\u0161 velk\u00e9 negativn\u00ed vedlej\u0161\u00ed efekty. Znovu ale  \u0159\u00edk\u00e1m, \u017ee to je tak v\u00e1\u017en\u00e1 a citliv\u00e1 v\u011bc, \u017ee to si kde kdo hraje na  chytr\u00e9ho.<\/p>\n<p><a href=\"http:\/\/www.novinky.cz\/domaci\/280122-prezident-se-neda-zastrasit-rika-jeho-tajemnik-jakl.html\" target=\"_blank\">Zdroj<\/a><\/p>\n","protected":false},"excerpt":{"rendered":"<p>Prezident V\u00e1clav Klaus se nenech\u00e1 \u00fatokem v Chrastav\u011b zastra\u0161it a nebude ani m\u011bnit sv\u016fj program. V rozhovoru pro Pr\u00e1vo to \u0159\u00edk\u00e1 jeho tajemn\u00edk Ladislav Jakl.<\/p>\n","protected":false},"author":1,"featured_media":0,"comment_status":"open","ping_status":"open","sticky":false,"template":"","format":"standard","meta":{"ngg_post_thumbnail":0,"footnotes":""},"categories":[13],"tags":[],"class_list":["post-2752","post","type-post","status-publish","format-standard","hentry","category-rozhovory"],"_links":{"self":[{"href":"https:\/\/www.ladislavjakl.cz\/index.php?rest_route=\/wp\/v2\/posts\/2752","targetHints":{"allow":["GET"]}}],"collection":[{"href":"https:\/\/www.ladislavjakl.cz\/index.php?rest_route=\/wp\/v2\/posts"}],"about":[{"href":"https:\/\/www.ladislavjakl.cz\/index.php?rest_route=\/wp\/v2\/types\/post"}],"author":[{"embeddable":true,"href":"https:\/\/www.ladislavjakl.cz\/index.php?rest_route=\/wp\/v2\/users\/1"}],"replies":[{"embeddable":true,"href":"https:\/\/www.ladislavjakl.cz\/index.php?rest_route=%2Fwp%2Fv2%2Fcomments&post=2752"}],"version-history":[{"count":1,"href":"https:\/\/www.ladislavjakl.cz\/index.php?rest_route=\/wp\/v2\/posts\/2752\/revisions"}],"predecessor-version":[{"id":2753,"href":"https:\/\/www.ladislavjakl.cz\/index.php?rest_route=\/wp\/v2\/posts\/2752\/revisions\/2753"}],"wp:attachment":[{"href":"https:\/\/www.ladislavjakl.cz\/index.php?rest_route=%2Fwp%2Fv2%2Fmedia&parent=2752"}],"wp:term":[{"taxonomy":"category","embeddable":true,"href":"https:\/\/www.ladislavjakl.cz\/index.php?rest_route=%2Fwp%2Fv2%2Fcategories&post=2752"},{"taxonomy":"post_tag","embeddable":true,"href":"https:\/\/www.ladislavjakl.cz\/index.php?rest_route=%2Fwp%2Fv2%2Ftags&post=2752"}],"curies":[{"name":"wp","href":"https:\/\/api.w.org\/{rel}","templated":true}]}}