{"id":2754,"date":"2012-10-02T10:05:09","date_gmt":"2012-10-02T08:05:09","guid":{"rendered":"http:\/\/www.ladislavjakl.cz\/?p=2754"},"modified":"2012-10-02T10:05:32","modified_gmt":"2012-10-02T08:05:32","slug":"siklova-jakl-a-klepetko-v-udalostech-komentarich-ct","status":"publish","type":"post","link":"https:\/\/www.ladislavjakl.cz\/?p=2754","title":{"rendered":"\u0160iklov\u00e1, Jakl a Klepetko v Ud\u00e1lostech, koment\u00e1\u0159\u00edch \u010cT"},"content":{"rendered":"<p>Ta \u010d\u00e1st pond\u011bln\u00edch Ud\u00e1losti, koment\u00e1\u0159\u016f, v\u011bnovan\u00e1 \u00fatoku na prezidenta, se opravdu povedla! Byla to skute\u010dn\u00e1 ud\u00e1lost&#8230;<\/p>\n<p><!--more-->Hlavn\u00ed z\u00e1sluhu nutno p\u0159ipsat p\u0159edev\u0161\u00edm na konto jmenovan\u00fdch akt\u00e9r\u016f:<\/p>\n<p>Jako v\u017edy t\u011b\u017ekop\u00e1dn\u00fd, upacht\u011bn\u00fd, ale oblig\u00e1tn\u011b p\u011bkn\u011b upraven\u00fd a \u00a0sna\u017eiv\u00fd moder\u00e1tor<strong> Klepetko<\/strong>,  tentokr\u00e1t v\u0161ak evidentn\u011b dot\u010den\u00fd prezidentovou kritikou m\u00e9di\u00ed. \u010cesk\u00e1  televize disponuje n\u011bkolika nad\u011bjn\u00fdmi, bojovn\u00fdmi moder\u00e1tory &#8211;  prokur\u00e1tory, tohle ov\u0161em \u00a0zjevn\u011b nen\u00ed ta spr\u00e1vn\u00e1 parketa pro toho, jinak  spolehliv\u00e9ho, p\u0159ed\u010d\u00edta\u010de \u00a0zpr\u00e1v&#8230;<\/p>\n<p><strong>Ji\u0159ina \u0160iklov\u00e1<\/strong>,  sice u\u017e postar\u0161\u00ed \u017een\u0161tina, kter\u00e1 m\u00edv\u00e1 \u010d\u00edm d\u00e1l v\u011bt\u0161\u00ed pot\u00ed\u017ee s pam\u011bt\u00ed,  (ve sv\u00fdch \u017eivotopisech, zcela pravideln\u011b zapom\u00edn\u00e1 na \u010dlenstv\u00ed a  zast\u00e1van\u00e9 funkce v KS\u010c) se tak\u00e9 opravdu \u010dinila\u2026<\/p>\n<p><strong>Ladislav Jakl, <\/strong>pon\u011bkud<strong> <\/strong> extravagantn\u00ed z\u00e1stupce Hradu, kter\u00fd v pond\u011bl\u00ed \u00a0&#8211; dost \u00a0p\u0159ekvapiv\u011b,  \u00a0prok\u00e1zal obrovskou m\u00edru sebeovl\u00e1d\u00e1n\u00ed, zvl\u00e1\u0161t\u011b, kdy\u017e mu, mizern\u011b \u00a0se  ovl\u00e1daj\u00edc\u00ed \u00a0moder\u00e1tor, zoufale h\u00e1j\u00edc\u00ed m\u00e9dia, neust\u00e1le sk\u00e1kal do \u0159e\u010di,  nebo kdy\u017e, ve v\u0161\u00ed slu\u0161nosti, dok\u00e1zal komunikovat &#8211; jako s d\u00e1mou, dokonce  i \u00a0s tou \u00a0bl\u00e1bol\u00edc\u00ed Ji\u0159inou \u0160iklovou &#8211; Havlovou.<\/p>\n<p>\u0158eknu v\u00e1m,  poslouchat tuhle soudru\u017eku, kterak vypr\u00e1v\u00ed o pistoli, kterou p\u0159\u00edslu\u0161n\u00ed  experti ozna\u010dili vizu\u00e1ln\u011b k nerozezn\u00e1n\u00ed od b\u011b\u017en\u00e9 pistole, jako o d\u011btsk\u00e9  pistolce s cucav\u00fdmi kuli\u010dkami, to bylo opravdu o nervy! \u010clov\u011bk se mohl  jen obt\u00ed\u017en\u011b dom\u00fd\u0161let, zda ta osoba \u00a0 \u00famysln\u011b \u00a0l\u017ee , nebo jde \u00a0o tu ji\u017e  zm\u00edn\u011bnou fat\u00e1ln\u00ed ztr\u00e1tu mozkov\u00fdch &#8211; pam\u011b\u0165ov\u00fdch bun\u011bk.<\/p>\n<p>Jasn\u00fdm v\u00edt\u011bzem  tak, alespo\u0148 pro mne, byl Jakl, kter\u00fd to v\u0161echno zvl\u00e1dnul &#8211; pro\u0161el tou  mimo\u0159\u00e1dn\u011b tvrdou zkou\u0161kou bez ztr\u00e1ty kv\u011btinky. Fakt dobr\u00fd! \u00a0Norm\u00e1ln\u011b ho  p\u0159\u00edli\u0161 nemus\u00edm, ale tohle pond\u011bl\u00ed m\u011b napadlo, \u017ee by to \u00a0mo\u017en\u00e1 nemusel  bejt zase \u00a0a\u017e tak \u0161patnej prezident!<\/p>\n<p><a href=\"http:\/\/josefhavranek.blog.idnes.cz\/c\/290126\/Siklova-Jakl-a-Klepetko-v-Udalostech-komentarich-CT.html\" target=\"_blank\">Zdroj<\/a><\/p>\n","protected":false},"excerpt":{"rendered":"<p>Ta \u010d\u00e1st pond\u011bln\u00edch Ud\u00e1losti, koment\u00e1\u0159\u016f, v\u011bnovan\u00e1 \u00fatoku na prezidenta, se opravdu povedla! Byla to skute\u010dn\u00e1 ud\u00e1lost&#8230;<\/p>\n","protected":false},"author":1,"featured_media":0,"comment_status":"open","ping_status":"open","sticky":false,"template":"","format":"standard","meta":{"ngg_post_thumbnail":0,"footnotes":""},"categories":[17,11],"tags":[],"class_list":["post-2754","post","type-post","status-publish","format-standard","hentry","category-jakl-president","category-ozvena"],"_links":{"self":[{"href":"https:\/\/www.ladislavjakl.cz\/index.php?rest_route=\/wp\/v2\/posts\/2754","targetHints":{"allow":["GET"]}}],"collection":[{"href":"https:\/\/www.ladislavjakl.cz\/index.php?rest_route=\/wp\/v2\/posts"}],"about":[{"href":"https:\/\/www.ladislavjakl.cz\/index.php?rest_route=\/wp\/v2\/types\/post"}],"author":[{"embeddable":true,"href":"https:\/\/www.ladislavjakl.cz\/index.php?rest_route=\/wp\/v2\/users\/1"}],"replies":[{"embeddable":true,"href":"https:\/\/www.ladislavjakl.cz\/index.php?rest_route=%2Fwp%2Fv2%2Fcomments&post=2754"}],"version-history":[{"count":3,"href":"https:\/\/www.ladislavjakl.cz\/index.php?rest_route=\/wp\/v2\/posts\/2754\/revisions"}],"predecessor-version":[{"id":2757,"href":"https:\/\/www.ladislavjakl.cz\/index.php?rest_route=\/wp\/v2\/posts\/2754\/revisions\/2757"}],"wp:attachment":[{"href":"https:\/\/www.ladislavjakl.cz\/index.php?rest_route=%2Fwp%2Fv2%2Fmedia&parent=2754"}],"wp:term":[{"taxonomy":"category","embeddable":true,"href":"https:\/\/www.ladislavjakl.cz\/index.php?rest_route=%2Fwp%2Fv2%2Fcategories&post=2754"},{"taxonomy":"post_tag","embeddable":true,"href":"https:\/\/www.ladislavjakl.cz\/index.php?rest_route=%2Fwp%2Fv2%2Ftags&post=2754"}],"curies":[{"name":"wp","href":"https:\/\/api.w.org\/{rel}","templated":true}]}}