{"id":2758,"date":"2012-10-02T10:08:42","date_gmt":"2012-10-02T08:08:42","guid":{"rendered":"http:\/\/www.ladislavjakl.cz\/?p=2758"},"modified":"2012-10-02T10:08:42","modified_gmt":"2012-10-02T08:08:42","slug":"sprcha-z-hradu-kdyby-vam-zastrelili-havla","status":"publish","type":"post","link":"https:\/\/www.ladislavjakl.cz\/?p=2758","title":{"rendered":"Sprcha z Hradu: Kdyby v\u00e1m zast\u0159elili Havla&#8230;"},"content":{"rendered":"<p><strong>T\u011bsn\u011b po \u00fatoku na  prezidenta jeho tajemn\u00edk Ladislav Jakl p\u0159edpov\u011bd\u011bl, \u017ee mnoho Klausov\u00fdch  odp\u016frc\u016f bude napaden\u00ed h\u00e1jit a pova\u017eovat za projev svobodn\u00e9 ob\u010dansk\u00e9  spole\u010dnosti. A p\u0159esn\u011b v t\u00e9 rovin\u011b druh\u00fd den mluvila sociolo\u017eka Ji\u0159ina  \u0160iklov\u00e1. Nyn\u00ed Jakl pro Parlamentn\u00edListy.cz \u0159\u00edk\u00e1, \u017ee \u00fatok je jednozna\u010dnou  inspirac\u00ed pro dal\u0161\u00ed \u201emagory\u201c.<\/strong><\/p>\n<p><strong><!--more--><\/strong>\u201eNedivil bych se, kdyby ti v\u0161ichni nen\u00e1vistn\u00ed levicov\u00ed intelektu\u00e1lov\u00e9  vyd\u00e1vali dne\u0161n\u00ed \u00fatok za projev svobodn\u00e9 ob\u010dansk\u00e9 spole\u010dnosti. Mago\u0159i  byli v\u017edy, ale nen\u00e1vist v\u00a0m\u00e9di\u00edch je pro n\u011b inspirac\u00ed,\u201c uvedl v\u00a0p\u00e1tek  Ladislav Jakl.<\/p>\n<h4>Plynov\u00e1 pistole na tvrzen\u00e9 kuli\u010dky. Podle \u0160iklov\u00e1 hra\u010dka<\/h4>\n<p>V\u00a0sobotu pak sociolo\u017eka Ji\u0159ina \u0160iklov\u00e1, mnohdy ozna\u010dovan\u00e1 za  p\u0159\u00edslu\u0161nici takzvan\u00e9 \u201epravdol\u00e1sky\u201c, v\u00a0jednom z\u00a0internetov\u00fdch server\u016f  \u00fatok na V\u00e1clava Klause ozna\u010dila za nevinnou hru plastovou pistolkou  s\u00a0t\u00edm, \u017ee je to podobn\u00e9, jako p\u0159imalov\u00e1n\u00ed tykadel na p\u0159edvolebn\u00ed  plak\u00e1ty.<\/p>\n<p>Tajemn\u00edk hlavy st\u00e1tu, kandid\u00e1t na prezidenta Ladislav Jakl nad n\u011b\u010d\u00edm  podobn\u00fdm krout\u00ed hlavou. \u201eJestli\u017ee se n\u011bkdo dopust\u00ed takov\u00e9 hrubosti na  hlavu st\u00e1tu a za\u00fato\u010d\u00ed proti jeho osobn\u00ed integrit\u011b, tak bych skoro \u0159ekl,  \u017ee norm\u00e1ln\u00ed \u010dlov\u011bk se mus\u00ed nad n\u011b\u010d\u00edm takov\u00fdm zhrozit a vyslovit  p\u0159inejmen\u0161\u00edm pohrd\u00e1n\u00ed nad takov\u00fdm chov\u00e1n\u00edm,\u201c \u0159ekl v\u00a0rozhovoru pro  Parlamentn\u00edListy.cz.<\/p>\n<p>\u201eKdyby se n\u011bco takov\u00e9ho stalo v\u00a0jak\u00e9koli jin\u00e9 zemi, neum\u00edm si  p\u0159edstavit, \u017ee by hlavn\u00edm t\u00e9matem m\u00e9di\u00ed bylo monitorov\u00e1n\u00ed posm\u011b\u0161k\u016f ze  zahrani\u010d\u00ed, nebo jak\u00e9koli zleh\u010dov\u00e1n\u00ed,\u201c \u0159\u00edk\u00e1.<\/p>\n<h4>Vtipkovali by takhle, kdyby jim n\u011bkdo vyst\u0159elil na Havla?<\/h4>\n<p>Ten je sice p\u0159esv\u011bd\u010den, \u017ee politick\u00e1 polemika by m\u011bla b\u00fdt na krev ostr\u00e1  a nekompromisn\u00ed, ale p\u0159ed takto osobn\u00edmi v\u011bcmi, kter\u00e9 za\u0161ly a\u017e do  podoby fyzick\u00e9ho \u00fatoku proti \u010dlov\u011bku, by se politick\u00e1 polemika m\u011bla  zastavit a \u0159\u00edci, tak toto u\u017e nen\u00ed mo\u017en\u00e9.<\/p>\n<p>\u201eZ\u0159ejm\u011b je ale pro n\u011bkter\u00e9 lidi kumulovan\u00e1 nen\u00e1vist proti politick\u00e9mu  oponentovi tak ohromn\u00e1, \u017ee se p\u0159ed t\u00edm nezastav\u00ed. V\u0161ech t\u011bchto lid\u00ed bych  se cht\u011bl zeptat, jestli by reagovali stejn\u011b, kdyby se takhle n\u011bkdo  dotkl jejich bo\u017estva, koho oni vyn\u00e1\u0161eli \u010di vyn\u00e1\u0161ej\u00ed do nebe. Jestli by  podobn\u011b vtipkovali, zleh\u010dovali by to, nebo zda by zareagovali \u00fapln\u011b  jinak. A\u0165 se do t\u00e9 situace zkus\u00ed v\u017e\u00edt a a\u0165 si p\u0159estanou myslet, \u017ee  takov\u00e1 v\u011bc m\u016f\u017ee jakkoli slou\u017eit jejich postoj\u016fm,\u201c vzkazuje jim Ladislav  Jakl.<\/p>\n<p>V\u00a0p\u0159\u00edpad\u011b, \u017ee by n\u011bco podobn\u00e9ho bylo d\u0159\u00edve sp\u00e1ch\u00e1no na minul\u00e9ho  prezidenta V\u00e1clava Havla, zcela jist\u011b by podle n\u011bho lid\u00e9 jako sociolo\u017eka  \u0160iklov\u00e1 a dal\u0161\u00ed reagovali jinak. \u201eStejn\u011b tak jsem si jist, \u017ee kritici  prezidenta Havla by se k\u00a0n\u011bjak\u00e9mu zleh\u010dov\u00e1n\u00ed a posm\u011b\u0161k\u016fm ur\u010dit\u011b  nesn\u00ed\u017eili,\u201c je p\u0159esv\u011bd\u010den Jakl.<\/p>\n<h4>M\u00e9dia ochranku odsoudila. Kdyby v\u0161ak \u00fato\u010dn\u00edka zast\u0159elili, ud\u011blala by tot\u00e9\u017e<\/h4>\n<p>Prakticky v\u0161echna velk\u00e1 m\u00e9dia, v\u010detn\u011b t\u011bch, kter\u00e1 by se dala ozna\u010dit za  protiklausovsk\u00e1, odsoudila neprofesion\u00e1ln\u00ed p\u0159\u00edstup ochranky. Co kdyby  ale ochranka \u00fato\u010dn\u00edka ihned reagovala a \u00fato\u010dn\u00edka zast\u0159elila,  neodsuzovala by to m\u00e9dia stejn\u011b, jako kdy\u017e str\u00e1\u017eci nic ned\u011blali?<\/p>\n<p>\u201eUr\u010dit\u011b ano. Ochranky to maj\u00ed v\u0161ude velmi t\u011b\u017ek\u00e9, proto\u017ee v\u017edy mus\u00ed  v\u00e1\u017eit, jestli p\u00e9\u010de o st\u0159e\u017eenou osobu nen\u00ed takov\u00e9ho charakteru, \u017ee se  jev\u00ed nep\u0159\u00e1telsky v\u016f\u010di jin\u00fdm lidem. Je to velmi odpov\u011bdn\u00e1 a slo\u017eit\u00e1  pr\u00e1ce, kterou nem\u016f\u017ee d\u011blat kde kdo,\u201c m\u00edn\u00ed Klaus\u016fv tajemn\u00edk.<\/p>\n<p>Takov\u00e9 v\u011bci se podle jeho slov maj\u00ed \u0159e\u0161it r\u00e1zn\u011b a nekompromisn\u011b, s\u00e1m  ale nikdy nebyl, a to ani v\u00a0b\u011b\u017en\u00fdch ob\u010dansk\u00fdch konfliktech tohoto typu,  stoupencem teorie, \u017ee ka\u017ed\u00fd \u00fato\u010dn\u00edk a t\u0159eba i domn\u011bl\u00fd, m\u016f\u017ee b\u00fdt klidn\u011b  zlikvidov\u00e1n. \u201eKa\u017ed\u00e1 reakce mus\u00ed b\u00fdt spr\u00e1vn\u00e1, p\u0159im\u011b\u0159en\u00e1, promy\u0161len\u00e1 a  profesion\u00e1ln\u00ed,\u201c upozor\u0148uje pro Parlamentn\u00edListy.cz.<\/p>\n<h4>\u00datok bude \u017eivou vodou pro dal\u0161\u00ed magory<\/h4>\n<p>Dalo by se \u0159\u00edci, \u017ee i d\u00edky mnoh\u00e9mu zleh\u010dov\u00e1n\u00ed p\u00e1te\u010dn\u00edho  bezprecedentn\u00edho \u00fatoku hroz\u00ed, \u017ee se n\u011bkdo dal\u0161\u00ed inspiruje? Nav\u00edc t\u0159eba  premi\u00e9r Petr Ne\u010das nem\u00e1 ochranku \u017e\u00e1dnou, s\u00e1m ji odm\u00edtl.<\/p>\n<p>\u201eTen postup ochranky ur\u010dit\u011b m\u011bl b\u00fdt r\u00e1zn\u011bj\u0161\u00ed. J\u00e1 jsem se mnoha akc\u00ed  s\u00a0panem prezidentem \u00fa\u010dastnil a v\u00edm, \u017ee to nen\u00ed v\u00a0davu lid\u00ed zrovna  jednoduch\u00e9. Nicm\u00e9n\u011b b\u011bhem bezprost\u0159edn\u00edch minut pot\u00e9 tam n\u011bjak\u00e1 reakce  b\u00fdt m\u011bla, ale nemysl\u00edm si, \u017ee to chov\u00e1n\u00ed ochranky a potom i policie,  p\u0159\u00edslu\u0161n\u00e9ho soudce a st\u00e1tn\u00edho z\u00e1stupce m\u00e1 n\u011bjak\u00fd vliv na m\u00edru v\u00e1hy t\u00e9  inspirace. Proto\u017ee inspirace to podle m\u011b je v\u00a0ka\u017ed\u00e9m p\u0159\u00edpad\u011b,\u201c sd\u011blil  Ladislav Jakl serveru Parlamentn\u00edListy.cz.<\/p>\n<p>Mohou tomu pr\u00fd pomoci i mnoh\u00e1 m\u00e9dia, a to d\u00edky publicit\u011b, kter\u00e9 se  \u00fato\u010dn\u00edkovi dost\u00e1v\u00e1. \u201eM\u00edsto jeho odsouzen\u00ed a pohrd\u00e1n\u00ed je br\u00e1n div ne za  celebritu a to m\u016f\u017ee leckoho inspirovat. Ur\u010dit\u00e9 procento magor\u016f je  v\u00a0ka\u017ed\u00e9 spole\u010dnosti, ale je dost mo\u017en\u00e9, \u017ee v\u00a0tom \u017eivot\u011b nast\u00e1vaj\u00ed  okam\u017eiky, kter\u00e9 tohle procento pokrop\u00ed \u017eivou vodou a k\u00a0n\u011b\u010demu je  inspiruj\u00ed, a te\u010f tuto inspiraci dostali,\u201c dodal v\u00a0rozhovoru tajemn\u00edk  prezidenta republiky.<\/p>\n<p><a href=\"http:\/\/www.parlamentnilisty.cz\/zpravy\/Sprcha-z-Hradu-Kdyby-vam-zastrelili-Havla-248179\/diskuse\" target=\"_blank\">Zdroj<\/a><\/p>\n","protected":false},"excerpt":{"rendered":"<p>T\u011bsn\u011b po \u00fatoku na prezidenta jeho tajemn\u00edk Ladislav Jakl p\u0159edpov\u011bd\u011bl, \u017ee mnoho Klausov\u00fdch odp\u016frc\u016f bude napaden\u00ed h\u00e1jit a pova\u017eovat za projev svobodn\u00e9 ob\u010dansk\u00e9 spole\u010dnosti. A p\u0159esn\u011b v t\u00e9 rovin\u011b druh\u00fd den mluvila sociolo\u017eka Ji\u0159ina \u0160iklov\u00e1. Nyn\u00ed Jakl pro Parlamentn\u00edListy.cz \u0159\u00edk\u00e1, \u017ee \u00fatok je jednozna\u010dnou inspirac\u00ed pro dal\u0161\u00ed \u201emagory\u201c.<\/p>\n","protected":false},"author":1,"featured_media":0,"comment_status":"open","ping_status":"open","sticky":false,"template":"","format":"standard","meta":{"ngg_post_thumbnail":0,"footnotes":""},"categories":[11],"tags":[],"class_list":["post-2758","post","type-post","status-publish","format-standard","hentry","category-ozvena"],"_links":{"self":[{"href":"https:\/\/www.ladislavjakl.cz\/index.php?rest_route=\/wp\/v2\/posts\/2758","targetHints":{"allow":["GET"]}}],"collection":[{"href":"https:\/\/www.ladislavjakl.cz\/index.php?rest_route=\/wp\/v2\/posts"}],"about":[{"href":"https:\/\/www.ladislavjakl.cz\/index.php?rest_route=\/wp\/v2\/types\/post"}],"author":[{"embeddable":true,"href":"https:\/\/www.ladislavjakl.cz\/index.php?rest_route=\/wp\/v2\/users\/1"}],"replies":[{"embeddable":true,"href":"https:\/\/www.ladislavjakl.cz\/index.php?rest_route=%2Fwp%2Fv2%2Fcomments&post=2758"}],"version-history":[{"count":1,"href":"https:\/\/www.ladislavjakl.cz\/index.php?rest_route=\/wp\/v2\/posts\/2758\/revisions"}],"predecessor-version":[{"id":2759,"href":"https:\/\/www.ladislavjakl.cz\/index.php?rest_route=\/wp\/v2\/posts\/2758\/revisions\/2759"}],"wp:attachment":[{"href":"https:\/\/www.ladislavjakl.cz\/index.php?rest_route=%2Fwp%2Fv2%2Fmedia&parent=2758"}],"wp:term":[{"taxonomy":"category","embeddable":true,"href":"https:\/\/www.ladislavjakl.cz\/index.php?rest_route=%2Fwp%2Fv2%2Fcategories&post=2758"},{"taxonomy":"post_tag","embeddable":true,"href":"https:\/\/www.ladislavjakl.cz\/index.php?rest_route=%2Fwp%2Fv2%2Ftags&post=2758"}],"curies":[{"name":"wp","href":"https:\/\/api.w.org\/{rel}","templated":true}]}}