{"id":276,"date":"2010-02-25T14:53:01","date_gmt":"2010-02-25T13:53:01","guid":{"rendered":"http:\/\/www.ladislavjakl.cz\/?p=276"},"modified":"2010-02-25T14:53:01","modified_gmt":"2010-02-25T13:53:01","slug":"emancipace-zacala-na-lede","status":"publish","type":"post","link":"https:\/\/www.ladislavjakl.cz\/?p=276","title":{"rendered":"Emancipace za\u010dala na led\u011b"},"content":{"rendered":"<p><!--banner_clanok-->Par\u00e1da. Vid\u011bl jsem to jen v\u00a0televizn\u00edch zpr\u00e1v\u00e1ch, ale i tak m\u011b to nadchlo. Britsk\u00e1 krasobrusla\u0159ka Sinead Kerrov\u00e1 popadla sv\u00e9ho br\u00e1chu Johna, zvedla ho do vzduchu a dr\u017eela ho nad ledem hlavou dol\u016f. M\u00e1lokdo si ale uv\u011bdomuje, \u017ee \u0161lo o jednu z\u00a0hlavn\u00edch ud\u00e1lost\u00ed v\u00a0d\u011bjin\u00e1ch lidstva za posledn\u00edch tis\u00edc let.<\/p>\n<p><!--more-->Diskriminace \u017eensk\u00e9ho pohlav\u00ed je kone\u010dn\u011b prolomena, u\u017e nebudou siln\u011bj\u0161\u00ed ti smradlav\u00ed ochlupen\u00ed halamov\u00e9, ale ty jemn\u00e9 \u00e9terick\u00e9 bytosti. Pry\u010d s\u00a0p\u0159edsudky. Kone\u010dn\u011b nav\u00e1\u017eeme na nesm\u011bl\u00e9 v\u00fdhonky budoucnosti, kter\u00fdmi byly sov\u011btsk\u00e9 \u017eeny, podb\u00edjej\u00edc\u00ed \u017eelezni\u010dn\u00ed pra\u017ece. Te\u010f u\u017e bude v\u0161echno jinak.<\/p>\n<div>\n<p>Souslov\u00ed \u201esiln\u011bj\u0161\u00ed pohlav\u00ed\u201c definitivn\u011b kon\u010d\u00ed na smeti\u0161ti d\u011bjin. Rozhodovat bude u\u017e jen siln\u011bj\u0161\u00ed \u017ealudek, kdepak n\u011bjak\u00e9 to pohlav\u00ed. \u017deny p\u0159estanou v\u00edt\u011bzit jen svou kr\u00e1sou a citem, prost\u011b n\u00e1m daj\u00ed po tlam\u011b. S\u00a0portr\u00e9tem udatn\u00e9 Sinead na vlajce vykopou chlapy z\u00a0arm\u00e1dy a pivn\u00edch bar\u016f. U\u017e nav\u017edy budeme d\u011blit d\u011bjiny na \u00e9ru p\u0159ed zveda\u010dkou ve Vacouveru a po zveda\u010dce ve Vancouveru.<\/p>\n<p>Jen\u017ee nelze z\u016fstat na p\u016fli cesty. Ve Vancouveru ostudn\u011b krasobruslily jen p\u00e1ry odli\u0161n\u00e9ho pohlav\u00ed. Jak k\u00a0tomu p\u0159ijdou homosexu\u00e1lov\u00e9? Na radnici u\u017e se zaregistrovat sm\u011bj\u00ed, u krasobrusla\u0159sk\u00e9 federace zat\u00edm nikoli. Je to asi temn\u00e9 hn\u00edzdo homofobie. V\u00edte, jak by zvedlo n\u00e1v\u0161t\u011bvu, kdyby spolu tan\u010dili jemn\u00ed chlapci? Jeden v\u00a0suk\u00fdnce, druh\u00fd v\u00a0kalhot\u00e1ch? Sportovn\u00ed bafu\u0148\u00e1\u0159i jsou sami proti sob\u011b.<\/p>\n<p>Je\u0161t\u011b je t\u0159eba leccos doh\u00e1n\u011bt. V\u00a0tenise t\u0159eba u\u017e nejsou \u017eeny diskriminov\u00e1ny men\u0161\u00edmi cenami za v\u00edt\u011bzstv\u00ed v\u00a0turnaj\u00edch. Po\u0159\u00e1d jsou ale potupn\u011b odk\u00e1z\u00e1ny do separovan\u00e9 kategorie. Sinead uk\u00e1zala, \u017ee to je p\u0159e\u017eitek. P\u0159esta\u0148me \u017eeny ur\u00e1\u017eet a zave\u010fme v\u00a0tenise spole\u010dn\u00e9 sout\u011b\u017ee pro \u017eeny a mu\u017ee! A\u00a0ve \u010dty\u0159h\u0159e by se sami sportovci rozhodli, zda jejich p\u00e1rek bude sm\u00ed\u0161en\u00fd \u010di nesm\u00ed\u0161en\u00fd.<\/p>\n<p>Vzh\u016fru do\u00a0nov\u00fdch \u010das\u016f.<\/p><\/div>\n","protected":false},"excerpt":{"rendered":"<p>Par\u00e1da. Vid\u011bl jsem to jen v\u00a0televizn\u00edch zpr\u00e1v\u00e1ch, ale i tak m\u011b to nadchlo. Britsk\u00e1 krasobrusla\u0159ka Sinead Kerrov\u00e1 popadla sv\u00e9ho br\u00e1chu Johna, zvedla ho do vzduchu a dr\u017eela ho nad ledem hlavou dol\u016f. M\u00e1lokdo si ale uv\u011bdomuje, \u017ee \u0161lo o jednu z\u00a0hlavn\u00edch ud\u00e1lost\u00ed v\u00a0d\u011bjin\u00e1ch lidstva za posledn\u00edch tis\u00edc let.<\/p>\n","protected":false},"author":1,"featured_media":0,"comment_status":"open","ping_status":"open","sticky":false,"template":"","format":"standard","meta":{"ngg_post_thumbnail":0,"footnotes":""},"categories":[8,10],"tags":[],"class_list":["post-276","post","type-post","status-publish","format-standard","hentry","category-hlavni-stranka","category-zlehka"],"_links":{"self":[{"href":"https:\/\/www.ladislavjakl.cz\/index.php?rest_route=\/wp\/v2\/posts\/276","targetHints":{"allow":["GET"]}}],"collection":[{"href":"https:\/\/www.ladislavjakl.cz\/index.php?rest_route=\/wp\/v2\/posts"}],"about":[{"href":"https:\/\/www.ladislavjakl.cz\/index.php?rest_route=\/wp\/v2\/types\/post"}],"author":[{"embeddable":true,"href":"https:\/\/www.ladislavjakl.cz\/index.php?rest_route=\/wp\/v2\/users\/1"}],"replies":[{"embeddable":true,"href":"https:\/\/www.ladislavjakl.cz\/index.php?rest_route=%2Fwp%2Fv2%2Fcomments&post=276"}],"version-history":[{"count":1,"href":"https:\/\/www.ladislavjakl.cz\/index.php?rest_route=\/wp\/v2\/posts\/276\/revisions"}],"predecessor-version":[{"id":277,"href":"https:\/\/www.ladislavjakl.cz\/index.php?rest_route=\/wp\/v2\/posts\/276\/revisions\/277"}],"wp:attachment":[{"href":"https:\/\/www.ladislavjakl.cz\/index.php?rest_route=%2Fwp%2Fv2%2Fmedia&parent=276"}],"wp:term":[{"taxonomy":"category","embeddable":true,"href":"https:\/\/www.ladislavjakl.cz\/index.php?rest_route=%2Fwp%2Fv2%2Fcategories&post=276"},{"taxonomy":"post_tag","embeddable":true,"href":"https:\/\/www.ladislavjakl.cz\/index.php?rest_route=%2Fwp%2Fv2%2Ftags&post=276"}],"curies":[{"name":"wp","href":"https:\/\/api.w.org\/{rel}","templated":true}]}}