{"id":2775,"date":"2012-10-03T14:28:57","date_gmt":"2012-10-03T12:28:57","guid":{"rendered":"http:\/\/www.ladislavjakl.cz\/?p=2775"},"modified":"2012-10-03T14:28:57","modified_gmt":"2012-10-03T12:28:57","slug":"jakl-strhal-informace-vaclava-moravce-lzi-a-blbosti-padaji-mi-oci-z-dulku","status":"publish","type":"post","link":"https:\/\/www.ladislavjakl.cz\/?p=2775","title":{"rendered":"Jakl strhal informace V\u00e1clava Moravce: L\u017ei a blbosti, padaj\u00ed mi o\u010di z d\u016flk\u016f"},"content":{"rendered":"<p>Prezident pr\u00fd neovliv\u0148uje d\u011bn\u00ed v ODS. F\u00e1ma, \u017ee Klaus pot\u00e1p\u00ed vl\u00e1du nebo  premi\u00e9ra Petra Ne\u010dase (ODS) se \u0161\u00ed\u0159\u00ed kdo v\u00ed pro\u010d, ale nen\u00ed pravdiv\u00e1.  Mysl\u00ed si to alespo\u0148 tajemn\u00edk prezidenta republiky Ladislav Jakl, kter\u00fd  d\u00e1v\u00e1 najevo, \u017ee se mu nel\u00edb\u00ed, \u017ee si m\u00e9dia leccos vyfabuluj\u00ed a nemus\u00ed se  nam\u00e1hat ke sv\u00fdm smy\u0161lenk\u00e1m dodat podklady.<\/p>\n<p><!--more--><\/p>\n<p>Tajemn\u00edk prezidenta republiky a kandid\u00e1t na p\u0159\u00ed\u0161t\u00ed hlavu st\u00e1tu Ladislav  Jakl se nesta\u010d\u00ed divit, co za l\u017ei m\u00e9dia \u0161\u00ed\u0159\u00ed o V\u00e1clavu Klausovi v  posledn\u00edch dvou t\u00fddnech. V rozhovoru pro pond\u011bln\u00ed Pr\u00e1vo dal najevo, \u017ee  absolutn\u011b nejv\u00edc ho zarazily spekulace V\u00e1clava Moravce v ned\u011bln\u00edch OVM,  kde zazn\u011blo, \u017ee prezident usiluje o zm\u011bny ve vl\u00e1d\u011b, aby mohl zajistit  solidn\u00ed posty pro sv\u00e9 sou\u010dasn\u00e9 spolupracovn\u00edky.<\/p>\n<h4>Prezident pr\u00fd neovliv\u0148uje d\u011bn\u00ed uvnit\u0159 stran<\/h4>\n<p>&#8222;Kdy\u017e sleduji m\u00e9dia posledn\u00ed dva t\u00fddny, mus\u00edm ka\u017edou chv\u00edli vykulit o\u010di  a p\u0159i poslouch\u00e1n\u00ed pana Moravce mi u\u017e m\u00e1lem vypadly. L\u017ei, spekulace,  f\u00e1my, nesmysly a vysloven\u00e9 blbosti, kter\u00e9 se v posledn\u00ed dob\u011b v m\u00e9di\u00edch  kup\u00ed kolem \u00fadajn\u00e9ho chov\u00e1n\u00ed pana prezidenta, v m\u00fdch o\u010d\u00edch p\u0159esahuj\u00ed u\u017e  b\u011b\u017enou m\u00edru manipulace, na kterou jsem zvykl\u00fd,&#8220; poznamen\u00e1v\u00e1 Jakl.<\/p>\n<p>Jakl trv\u00e1 na tom, \u017ee Klaus v posledn\u00edch dnech nijak nevystoupil proti  vl\u00e1d\u011b, ani proti premi\u00e9ru Petru Ne\u010dasovi (ODS). Kroky, kter\u00e9 u\u010dinil,  jsou pln\u011b v jeho pravomoci a nijak nevybo\u010duj\u00ed z norm\u00e1lu. &#8222;Neu\u010dinil \u017e\u00e1dn\u00fd  nestandardn\u00ed, neb\u011b\u017en\u00fd krok, kter\u00fdm by snad cht\u011bl ovlivnit procesy  uvnit\u0159 stran nebo kter\u00fdm by sledoval n\u011bjak\u00e9 p\u0159eskupen\u00ed na politick\u00e9  sc\u00e9n\u011b. To jsou absurdn\u00ed fantasmagorie,&#8220; roz\u010diluje se tajemn\u00edk  prezidenta.<\/p>\n<p>Tuto fantasmagorii podle Jakla rozvinula MF Dnes, kter\u00e1 uve\u0159ejnila  text, v n\u011bm\u017e se prav\u00ed, \u017ee Klaus za\u00fato\u010dil na vl\u00e1du t\u00edm, \u017ee j\u00ed vr\u00e1til t\u0159i  z\u00e1kony, na co\u017e m\u011bl pr\u00e1vo. Ale dnes u\u017e m\u016f\u017ee ka\u017ed\u00fd tvrdit, co se mu zl\u00edb\u00ed  bez toho, aby to m\u011bl podlo\u017een\u00e9, uzav\u00edr\u00e1 tajemn\u00edk prezidenta.<\/p>\n<p><a href=\"http:\/\/www.parlamentnilisty.cz\/zpravy\/Jakl-strhal-informace-Vaclava-Moravce-Lzi-a-blbosti-padaji-mi-oci-z-dulku-248193\" target=\"_blank\">Zdroj<\/a><\/p>\n","protected":false},"excerpt":{"rendered":"<p>Prezident pr\u00fd neovliv\u0148uje d\u011bn\u00ed v ODS. F\u00e1ma, \u017ee Klaus pot\u00e1p\u00ed vl\u00e1du nebo premi\u00e9ra Petra Ne\u010dase (ODS) se \u0161\u00ed\u0159\u00ed kdo v\u00ed pro\u010d, ale nen\u00ed pravdiv\u00e1. Mysl\u00ed si to alespo\u0148 tajemn\u00edk prezidenta republiky Ladislav Jakl, kter\u00fd d\u00e1v\u00e1 najevo, \u017ee se mu nel\u00edb\u00ed, \u017ee si m\u00e9dia leccos vyfabuluj\u00ed a nemus\u00ed se nam\u00e1hat ke sv\u00fdm smy\u0161lenk\u00e1m dodat podklady.<\/p>\n","protected":false},"author":1,"featured_media":0,"comment_status":"open","ping_status":"open","sticky":false,"template":"","format":"standard","meta":{"ngg_post_thumbnail":0,"footnotes":""},"categories":[11],"tags":[],"class_list":["post-2775","post","type-post","status-publish","format-standard","hentry","category-ozvena"],"_links":{"self":[{"href":"https:\/\/www.ladislavjakl.cz\/index.php?rest_route=\/wp\/v2\/posts\/2775","targetHints":{"allow":["GET"]}}],"collection":[{"href":"https:\/\/www.ladislavjakl.cz\/index.php?rest_route=\/wp\/v2\/posts"}],"about":[{"href":"https:\/\/www.ladislavjakl.cz\/index.php?rest_route=\/wp\/v2\/types\/post"}],"author":[{"embeddable":true,"href":"https:\/\/www.ladislavjakl.cz\/index.php?rest_route=\/wp\/v2\/users\/1"}],"replies":[{"embeddable":true,"href":"https:\/\/www.ladislavjakl.cz\/index.php?rest_route=%2Fwp%2Fv2%2Fcomments&post=2775"}],"version-history":[{"count":1,"href":"https:\/\/www.ladislavjakl.cz\/index.php?rest_route=\/wp\/v2\/posts\/2775\/revisions"}],"predecessor-version":[{"id":2776,"href":"https:\/\/www.ladislavjakl.cz\/index.php?rest_route=\/wp\/v2\/posts\/2775\/revisions\/2776"}],"wp:attachment":[{"href":"https:\/\/www.ladislavjakl.cz\/index.php?rest_route=%2Fwp%2Fv2%2Fmedia&parent=2775"}],"wp:term":[{"taxonomy":"category","embeddable":true,"href":"https:\/\/www.ladislavjakl.cz\/index.php?rest_route=%2Fwp%2Fv2%2Fcategories&post=2775"},{"taxonomy":"post_tag","embeddable":true,"href":"https:\/\/www.ladislavjakl.cz\/index.php?rest_route=%2Fwp%2Fv2%2Ftags&post=2775"}],"curies":[{"name":"wp","href":"https:\/\/api.w.org\/{rel}","templated":true}]}}