{"id":2785,"date":"2012-10-05T11:24:14","date_gmt":"2012-10-05T09:24:14","guid":{"rendered":"http:\/\/www.ladislavjakl.cz\/?p=2785"},"modified":"2012-10-05T11:24:14","modified_gmt":"2012-10-05T09:24:14","slug":"vyrokova-spirala-jakl-mluvil-o-nenavisti-klaus-o-pisalcich-joch-o-fnukne","status":"publish","type":"post","link":"https:\/\/www.ladislavjakl.cz\/?p=2785","title":{"rendered":"V\u00fdrokov\u00e1 spir\u00e1la: Jakl mluvil o nen\u00e1visti, Klaus o pis\u00e1lc\u00edch, Joch o f\u0148ukn\u011b"},"content":{"rendered":"<p>&#8222;Kuli\u010dkov\u00fd&#8220; \u00fatok na prezidenta V\u00e1clava Klause  spustil spr\u0161ku siln\u00fdch v\u00fdrok\u016f. Jako prvn\u00ed vyost\u0159il diskusi Klaus\u016fv  poradce Ladislav Jakl, kdy\u017e si to vy\u0159\u00eddil s &#8222;nen\u00e1vistn\u00fdmi levicov\u00fdmi  intelektu\u00e1ly&#8220;. Zat\u00edm posledn\u00ed p\u0159\u00edsp\u011bvek p\u0159idal nyn\u00ed u\u017e b\u00fdval\u00fd premi\u00e9r\u016fv  poradce Roman Joch, kter\u00fd ozna\u010dil Klause za &#8222;uf\u0148ukanou kremlofiln\u00ed  b\u00e1bu&#8220;. Server Lidovky.cz p\u0159in\u00e1\u0161\u00ed seznam ostr\u00fdch v\u00fdrok\u016f.<\/p>\n<p><!--more-->&#8222;Nedivil  bych se, kdyby ti v\u0161ichni nen\u00e1vistn\u00ed levicov\u00ed intelektu\u00e1lov\u00e9 vyd\u00e1vali  dne\u0161n\u00ed \u00fatok za projev svobodn\u00e9 ob\u010dansk\u00e9 spole\u010dnosti. Mago\u0159i byli v\u017edy,  ale nen\u00e1vist v m\u00e9di\u00edch je pro n\u011b inspirac\u00ed.\u201c<br \/>\n<strong>Ladislav Jakl, poradce V\u00e1clava Klause<\/strong><\/p>\n<p>&#8222;Nemohli ani tu\u0161it, \u017ee ty st\u0159ely nebyly t\u0159eba opat\u0159en\u00e9 narkotikem nebo jedem. O prezidenta jsem m\u011bl strach, st\u00e1l p\u0159i n\u011bm Svat\u00fd V\u00e1clav.&#8220;<br \/>\n<strong>Boris \u0160\u0165astn\u00fd, poslanec ODS, Klaus\u016fv exporadce<\/strong><\/p>\n<p>&#8222;Je  to politov\u00e1n\u00edhodn\u00e1 ud\u00e1lost, kter\u00e1 by se nem\u011bla st\u00e1vat. Ka\u017ed\u00fd m\u00e1 v  demokratick\u00e9 spole\u010dnosti pr\u00e1vo vyj\u00e1d\u0159it sv\u016fj nesouhlas s politikou, ale  tento protest nesm\u00ed p\u0159es\u00e1hnout rozumnou m\u00edru. J\u00e1 s\u00e1m ochranku  nepou\u017e\u00edv\u00e1m, a ani tento incident toto moje rozhodnut\u00ed nezm\u011bn\u00ed.&#8220;<br \/>\n<strong>Premi\u00e9r Petr Ne\u010das<\/strong><\/p>\n<p>&#8222;To  nebyl politov\u00e1n\u00edhodn\u00fd incident, jak ne\u0161\u0165astn\u011b \u0159ekl pan premi\u00e9r Ne\u010das.  To byl sp\u00ed\u0161e prvn\u011b za sto let na\u0161eho modern\u00edho st\u00e1tu atent\u00e1t na  prezidenta republiky.&#8220;<br \/>\n&#8222;Spole\u010dnost je n\u011bk\u00fdm radikalizov\u00e1na. Zd\u00e1 se mi, \u017ee se n\u011bco takov\u00e9ho d\u0159\u00edve \u010di pozd\u011bji muselo st\u00e1t, bylo to ve vzduchu.  Jak si n\u011bkte\u0159\u00ed pis\u00e1lkov\u00e9 zahr\u00e1vaj\u00ed s mou osobou, nejen s V\u00e1clavem  Klausem, ale s prezidentem republiky, je v civilizovan\u00e9m st\u00e1t\u011b  nev\u00eddan\u00e9.&#8220;<br \/>\n<strong>Prezident V\u00e1clav Klaus<\/strong><\/p>\n<p>&#8222;Prezident z incidentu  vyv\u00e1zl v podstat\u011b bez zran\u011bn\u00ed. A paradoxn\u011b d\u00edky n\u011bmu odhalil slabinu ve  sv\u00e9m bezpe\u010dnostn\u00edm syst\u00e9mu. Je proto ot\u00e1zkou, zda by Hrad a policie  nem\u011bly v\u016f\u010di Vondrou\u0161ovi projevit shov\u00edvavost. Jednoho Smetanu u\u017e tady  m\u00e1me.&#8220;<br \/>\n\u201eKoment\u00e1\u0159e pana prezidenta jsou ob\u010das p\u0159edev\u0161\u00edm snahou, aby on s\u00e1m byl vid\u011bt, dokud je je\u0161t\u011b na Hrad\u011b,\u201c<br \/>\n<strong>Sociolo\u017eka Ji\u0159ina \u0160iklov\u00e1<\/strong><\/p>\n<p>&#8222;Z\u0159ejm\u011b je ale pro n\u011bkter\u00e9 lidi kumulovan\u00e1 nen\u00e1vist proti politick\u00e9mu oponentovi tak ohromn\u00e1, \u017ee se p\u0159ed t\u00edm nezastav\u00ed. V\u0161ech t\u011bchto lid\u00ed bych se cht\u011bl zeptat, jestli by reagovali stejn\u011b, kdyby se takhle n\u011bkdo dotkl jejich  bo\u017estva, koho oni vyn\u00e1\u0161eli \u010di vyn\u00e1\u0161ej\u00ed do nebe. Jestli by podobn\u011b  vtipkovali, zleh\u010dovali by to, nebo zda by zareagovali \u00fapln\u011b jinak. A\u0165 se  do t\u00e9 situace zkus\u00ed v\u017e\u00edt a a\u0165 si p\u0159estanou myslet, \u017ee takov\u00e1 v\u011bc m\u016f\u017ee  jakkoli slou\u017eit jejich postoj\u016fm.\u201c<br \/>\n<strong>Ladislav Jakl, poradce V\u00e1clava Klause<\/strong><\/p>\n<p>&#8222;P\u0159em\u00fd\u0161l\u00edm, jak by asi reagoval V\u00e1clav Havel, kdyby se to stalo jemu. Mysl\u00edm, \u017ee by celou v\u011bc zleh\u010doval a bagatelizoval a obr\u00e1til ve vtip. Jako konservativec  jsem m\u011bl tis\u00edc v\u00fdhrad v\u016f\u010di V\u00e1clavu Havlovi, ale taky tis\u00edc d\u016fvod\u016f v\u00e1\u017eit  si ho. Nikdy ho nezlomili a nikdy nebyl &#8218;cry-baby&#8216;. Alespo\u0148 ne na  ve\u0159ejnosti. Jen\u017ee on byl mu\u017e. Nikoli uf\u0148ukan\u00e1 kremlofiln\u00ed b\u00e1ba.&#8220;<br \/>\n<strong>Roman Joch, exporadce premi\u00e9ra<\/strong><\/p>\n<p><a href=\"http:\/\/www.lidovky.cz\/vyroky-kolem-utoku-od-nenavistnych-intelektualu-po-kremlofilni-babu-12w-\/ln_domov.asp?c=A121002_171105_ln_domov_ogo\" target=\"_blank\">Zdroj<\/a><strong><br \/>\n<\/strong><\/p>\n","protected":false},"excerpt":{"rendered":"<p>&#8222;Kuli\u010dkov\u00fd&#8220; \u00fatok na prezidenta V\u00e1clava Klause spustil spr\u0161ku siln\u00fdch v\u00fdrok\u016f. Jako prvn\u00ed vyost\u0159il diskusi Klaus\u016fv poradce Ladislav Jakl, kdy\u017e si to vy\u0159\u00eddil s &#8222;nen\u00e1vistn\u00fdmi levicov\u00fdmi intelektu\u00e1ly&#8220;. Zat\u00edm posledn\u00ed p\u0159\u00edsp\u011bvek p\u0159idal nyn\u00ed u\u017e b\u00fdval\u00fd premi\u00e9r\u016fv poradce Roman Joch, kter\u00fd ozna\u010dil Klause za &#8222;uf\u0148ukanou kremlofiln\u00ed b\u00e1bu&#8220;. Server Lidovky.cz p\u0159in\u00e1\u0161\u00ed seznam ostr\u00fdch v\u00fdrok\u016f.<\/p>\n","protected":false},"author":1,"featured_media":0,"comment_status":"open","ping_status":"open","sticky":false,"template":"","format":"standard","meta":{"ngg_post_thumbnail":0,"footnotes":""},"categories":[11],"tags":[],"class_list":["post-2785","post","type-post","status-publish","format-standard","hentry","category-ozvena"],"_links":{"self":[{"href":"https:\/\/www.ladislavjakl.cz\/index.php?rest_route=\/wp\/v2\/posts\/2785","targetHints":{"allow":["GET"]}}],"collection":[{"href":"https:\/\/www.ladislavjakl.cz\/index.php?rest_route=\/wp\/v2\/posts"}],"about":[{"href":"https:\/\/www.ladislavjakl.cz\/index.php?rest_route=\/wp\/v2\/types\/post"}],"author":[{"embeddable":true,"href":"https:\/\/www.ladislavjakl.cz\/index.php?rest_route=\/wp\/v2\/users\/1"}],"replies":[{"embeddable":true,"href":"https:\/\/www.ladislavjakl.cz\/index.php?rest_route=%2Fwp%2Fv2%2Fcomments&post=2785"}],"version-history":[{"count":1,"href":"https:\/\/www.ladislavjakl.cz\/index.php?rest_route=\/wp\/v2\/posts\/2785\/revisions"}],"predecessor-version":[{"id":2786,"href":"https:\/\/www.ladislavjakl.cz\/index.php?rest_route=\/wp\/v2\/posts\/2785\/revisions\/2786"}],"wp:attachment":[{"href":"https:\/\/www.ladislavjakl.cz\/index.php?rest_route=%2Fwp%2Fv2%2Fmedia&parent=2785"}],"wp:term":[{"taxonomy":"category","embeddable":true,"href":"https:\/\/www.ladislavjakl.cz\/index.php?rest_route=%2Fwp%2Fv2%2Fcategories&post=2785"},{"taxonomy":"post_tag","embeddable":true,"href":"https:\/\/www.ladislavjakl.cz\/index.php?rest_route=%2Fwp%2Fv2%2Ftags&post=2785"}],"curies":[{"name":"wp","href":"https:\/\/api.w.org\/{rel}","templated":true}]}}