{"id":2787,"date":"2012-10-05T11:25:42","date_gmt":"2012-10-05T09:25:42","guid":{"rendered":"http:\/\/www.ladislavjakl.cz\/?p=2787"},"modified":"2012-10-05T11:25:42","modified_gmt":"2012-10-05T09:25:42","slug":"ladislav-jakl-diskutoval-v-brne","status":"publish","type":"post","link":"https:\/\/www.ladislavjakl.cz\/?p=2787","title":{"rendered":"Ladislav Jakl diskutoval v Brn\u011b"},"content":{"rendered":"<p><a href=\"https:\/\/www.ladislavjakl.cz\/wp-content\/uploads\/2012\/10\/jaklmach.jpg\"><img loading=\"lazy\" decoding=\"async\" class=\"size-thumbnail wp-image-2788 alignleft\" title=\"jaklmach\" src=\"https:\/\/www.ladislavjakl.cz\/wp-content\/uploads\/2012\/10\/jaklmach-150x150.jpg\" alt=\"jaklmach\" width=\"150\" height=\"150\" \/><\/a>Na pozv\u00e1n\u00ed jihomoravsk\u00e9ho krajsk\u00e9ho sdru\u017een\u00ed Strany svobodn\u00fdch ob\u010dan\u016f (zkratka Svobodn\u00ed) p\u0159ijel do Brna kandid\u00e1t na prezidenta <a href=\"https:\/\/www.ladislavjakl.cz\">Ladislav Jakl<\/a>. \u00a0V budov\u011b <a href=\"http:\/\/www.moravska-galerie.cz\/moravska-galerie\/navsteva-mg\/budovy-mg\/umeleckoprumyslove-muzeum.aspx\">Um\u011bleckopr\u016fmyslov\u00e9ho muzea<\/a> Moravsk\u00e9 galerie se se\u0161li \u010dlenov\u00e9, p\u0159\u00edznivci a sympatizanti Svobodn\u00fdch a tak\u00e9 dal\u0161\u00ed ob\u010dan\u00e9 se z\u00e1jmem o politiku.<\/p>\n<p><!--more-->Kr\u00e1sn\u00fd historick\u00fd p\u0159edn\u00e1\u0161kov\u00fd s\u00e1l zpo\u010d\u00e1tku hyzdila pouze vlajka EU,  co\u017e bylo rychle napraveno. Pak u\u017e mohl m\u00edt \u00favodn\u00ed slovo p\u0159edseda  Svobodn\u00fdch Petr Mach, kter\u00fd informoval o sb\u011bru podpis\u016f pro kandidaturu  Ladislava Jakla a o pr\u016fb\u011bhu volebn\u00ed kampan\u011b.<\/p>\n<p>Prezidentsk\u00fd kandid\u00e1t v \u00favodn\u00edm vystoupen\u00ed vysv\u011btlil svoje z\u00e1kladn\u00ed postoje zformulovan\u00e9 do <a href=\"http:\/\/www.svobodni.cz\/media\/tiskove-zpravy\/1577-ladislav-jakl-muj-politicky-program\/\">\u201eOsmi z\u00e1sad Ladislava Jakla\u201c <\/a>a  d\u016fvody sv\u00e9 kandidatury a vztah ke Stran\u011b svobodn\u00fdch ob\u010dan\u016f. Pak u\u017e se  rozb\u011bhla pestr\u00e1 a dlouh\u00e1 diskuze. Ot\u00e1zky z publika se t\u00fdkaly osobn\u00ed a  ekonomick\u00e9 svobody, definice ve\u0159ejn\u00fdch statk\u016f a ve\u0159ejn\u00e9ho z\u00e1jmu,  pou\u017e\u00edv\u00e1n\u00ed n\u00e1sil\u00ed r\u016fzn\u00e9ho druhu,\u00a0vztahu demokracie a svobody, zahrani\u010dn\u00ed  politky \u010cR,\u00a0ale tak\u00e9 aktu\u00e1ln\u00edch probl\u00e9m\u016f s\u00a0prohibic\u00ed apod. Dal\u0161\u00ed ot\u00e1zky  pak m\u011bly styl \u201eco a jak byste ud\u011blal, kdybste se stal prezidentem\u201c.<\/p>\n<p>Na z\u00e1v\u011br Ladislav Jakl pod\u011bkoval v\u0161em, kte\u0159\u00ed ji\u017e sebrali a odevzdali  podpisov\u00e9 archy a po\u017e\u00e1dal v\u0161echny sv\u00e9 p\u0159\u00edznivce o pokra\u010dov\u00e1n\u00ed usilovn\u00e9ho  sb\u011bru podpis\u016f.<\/p>\n<p>M\u00edstop\u0159edsedkyn\u011b krajsk\u00e9ho sdru\u017een\u00ed Svobodn\u00fdch\u00a0Iveta Kubov\u00e1\u00a0na  samotn\u00fd z\u00e1v\u011br po\u017e\u00e1dala p\u0159\u00edznivce o pomoc ve vrchol\u00edc\u00ed kampani pro  \u00a0krajsk\u00e9 volby, zejm\u00e9na o distribuci let\u00e1k\u016f.<\/p>\n<p>Autor: Petr Po\u0159\u00edzek<\/p>\n","protected":false},"excerpt":{"rendered":"<p>Na pozv\u00e1n\u00ed jihomoravsk\u00e9ho krajsk\u00e9ho sdru\u017een\u00ed Strany svobodn\u00fdch ob\u010dan\u016f (zkratka Svobodn\u00ed) p\u0159ijel do Brna kandid\u00e1t na prezidenta Ladislav Jakl. \u00a0V budov\u011b Um\u011bleckopr\u016fmyslov\u00e9ho muzea Moravsk\u00e9 galerie se se\u0161li \u010dlenov\u00e9, p\u0159\u00edznivci a sympatizanti Svobodn\u00fdch a tak\u00e9 dal\u0161\u00ed ob\u010dan\u00e9 se z\u00e1jmem o politiku.<\/p>\n","protected":false},"author":1,"featured_media":0,"comment_status":"open","ping_status":"open","sticky":false,"template":"","format":"standard","meta":{"ngg_post_thumbnail":0,"footnotes":""},"categories":[17],"tags":[],"class_list":["post-2787","post","type-post","status-publish","format-standard","hentry","category-jakl-president"],"_links":{"self":[{"href":"https:\/\/www.ladislavjakl.cz\/index.php?rest_route=\/wp\/v2\/posts\/2787","targetHints":{"allow":["GET"]}}],"collection":[{"href":"https:\/\/www.ladislavjakl.cz\/index.php?rest_route=\/wp\/v2\/posts"}],"about":[{"href":"https:\/\/www.ladislavjakl.cz\/index.php?rest_route=\/wp\/v2\/types\/post"}],"author":[{"embeddable":true,"href":"https:\/\/www.ladislavjakl.cz\/index.php?rest_route=\/wp\/v2\/users\/1"}],"replies":[{"embeddable":true,"href":"https:\/\/www.ladislavjakl.cz\/index.php?rest_route=%2Fwp%2Fv2%2Fcomments&post=2787"}],"version-history":[{"count":2,"href":"https:\/\/www.ladislavjakl.cz\/index.php?rest_route=\/wp\/v2\/posts\/2787\/revisions"}],"predecessor-version":[{"id":2790,"href":"https:\/\/www.ladislavjakl.cz\/index.php?rest_route=\/wp\/v2\/posts\/2787\/revisions\/2790"}],"wp:attachment":[{"href":"https:\/\/www.ladislavjakl.cz\/index.php?rest_route=%2Fwp%2Fv2%2Fmedia&parent=2787"}],"wp:term":[{"taxonomy":"category","embeddable":true,"href":"https:\/\/www.ladislavjakl.cz\/index.php?rest_route=%2Fwp%2Fv2%2Fcategories&post=2787"},{"taxonomy":"post_tag","embeddable":true,"href":"https:\/\/www.ladislavjakl.cz\/index.php?rest_route=%2Fwp%2Fv2%2Ftags&post=2787"}],"curies":[{"name":"wp","href":"https:\/\/api.w.org\/{rel}","templated":true}]}}