{"id":2794,"date":"2012-10-05T11:36:47","date_gmt":"2012-10-05T09:36:47","guid":{"rendered":"http:\/\/www.ladislavjakl.cz\/?p=2794"},"modified":"2012-10-05T11:36:47","modified_gmt":"2012-10-05T09:36:47","slug":"jakl-cenim-si-vice-svobody-nez-sladkeho-bonbonu","status":"publish","type":"post","link":"https:\/\/www.ladislavjakl.cz\/?p=2794","title":{"rendered":"Jakl: Cen\u00edm si v\u00edce svobody ne\u017e sladk\u00e9ho bonbonu"},"content":{"rendered":"<p>Vybudovali jsme si p\u0159edstavu, \u017ee m\u00e1me n\u00e1rok na \u0161t\u011bst\u00ed, \u0159\u00edk\u00e1 v rozhovoru pro Prvnizpravy.cz. Ladislav Jakl.<\/p>\n<p><!--more--><\/p>\n<p>V\u0161ichni dohromady  jsme si vybudovali \u0161patnou n\u00e1ladu \u0159\u00edk\u00e1 krom\u011b jin\u00e9ho v exkluzivn\u00edm  rozhovoru pro Prvnizpravy.cz kandid\u00e1t Strany svobodn\u00fdch ob\u010dan\u016f na  prezidenta Ladislav Jakl.<\/p>\n<p>V sou\u010dasnosti prob\u00edhaj\u00ed kampan\u011b  potenci\u00e1ln\u00edch prezidentsk\u00fdch kandid\u00e1t\u016f\u00a0 a v t\u00e9to souvislosti jsme se  zeptali\u00a0 Ladislava Jakla na jeho n\u00e1zory i\u00a0 zku\u0161enosti s p\u0159edvolebn\u00ed  kampan\u00ed.<\/p>\n<p><strong>Jak\u00e9 jsou va\u0161e osobn\u00ed zku\u0161enosti s p\u0159edvolebn\u00ed kampan\u00ed? <\/strong><br \/>\nVlastn\u00ed  kampa\u0148 je\u0161t\u011b ani neza\u010dala. Zat\u00edm sb\u00edr\u00e1m podpisy a to je \u00fapln\u011b jin\u00e1  discipl\u00edna. U kampan\u011b sta\u010d\u00ed, aby se o kandid\u00e1tovi hodn\u011b v\u011bd\u011blo a aby  bylo zn\u00e1mo, jak\u00e9 m\u00e1 n\u00e1zory. To p\u0159i sb\u00edr\u00e1n\u00ed podpis\u016f nepom\u016f\u017ee, tady  rozhoduje jen fyzick\u00fd kontakt &#8222;sb\u011bra\u010d\u016f&#8220; s ob\u010dany. A to je hodn\u011b t\u011b\u017ek\u00e1  discipl\u00edna. Ne ka\u017ed\u00fd je ochoten sv\u011b\u0159it ciz\u00ed osob\u011b sv\u00e1 data. Proto ke  sb\u00edr\u00e1n\u00ed pot\u0159ebujete bu\u010f hodn\u011b pen\u011bz (kter\u00e9 nem\u00e1m), abyste zaplatil  stovky &#8222;sb\u011bra\u010d\u016f&#8220;, nebo hodn\u011b lid\u00ed motivovan\u00fdch sv\u00fdm p\u0159esv\u011bd\u010den\u00edm a  schopn\u00fdch j\u00edt mezi lidi, zbavit se p\u0159irozen\u00e9ho ostychu a oslovovat je. A  takov\u00fdch nen\u00ed mnoho.<\/p>\n<p><strong>Jak\u00e1 je podle v\u00e1s n\u00e1lada ve  spole\u010dnosti, mysl\u00edte si jako prezident Klaus, \u017ee n\u00e1lada ve spole\u010dnosti  dos\u00e1hla mimo\u0159\u00e1dn\u011b \u0161patn\u00e9ho stavu?<\/strong><br \/>\nTa n\u00e1lada je v absolutn\u00edm  rozporu s realitou. Ve srovn\u00e1n\u00ed s mnoha jin\u00fdmi st\u00e1ty na n\u00e1s sv\u011btov\u00e1  krize zdaleka nedolehla tak drtiv\u011b, jako na n\u011b. Nepodce\u0148uji \u0161patn\u00e9  \u017eivotn\u00ed podm\u00ednky mnoha chud\u00fdch, pohybuji se denn\u011b mezi zcela oby\u010dejn\u00fdmi  norm\u00e1ln\u00edmi lidmi. Ale ta n\u00e1lada v\u00edc ne\u017e z reality pramen\u00ed z \u00farovn\u011b  spole\u010densk\u00e9 debaty u n\u00e1s. A ona debata je nabita negativn\u00edmi emocemi,  nen\u00e1vist\u00ed a frustrac\u00ed. Pro jist\u00fd typ lid\u00ed je osvobozuj\u00edc\u00ed, kdy\u017e svou  nespokojenost z vlastn\u00edho \u017eivota mohou na n\u011bkoho hodit. T\u0159eba na toho  papal\u00e1\u0161e, kter\u00e9ho zrovna vid\u00ed v televizi. Nebo na kohokoli, kdo za  jejich \u017eivot v o\u010d\u00edch t\u011bch frustrovan\u00fdch m\u016f\u017ee. A tomu v\u0161emu m\u00e9dia velmi  p\u0159it\u00e1p\u011bj\u00ed pod kotlem.<\/p>\n<p><strong>Co mysl\u00edte, kdo \u0161patn\u00fd stav spole\u010dnosti zp\u016fsobil? Politici, m\u00e9dia, sami lid\u00e9?<\/strong><br \/>\nPolitici  i m\u00e9dia, to jsou p\u0159ece tak\u00e9 lid\u00e9. V\u0161ichni dohromady. Vybudovali jsme si  p\u0159edstavu, \u017ee m\u00e1me n\u00e1rok na \u0161t\u011bst\u00ed. A jako mal\u00e9 d\u011bti se vztek\u00e1me, kdy\u017e  to nen\u00ed \u00fapln\u011b podle na\u0161ich p\u0159edstav.<\/p>\n<p><strong>Mnoz\u00ed prezident\u0161t\u00ed kandid\u00e1ti slibuj\u00ed sv\u00fdm poteci\u00e1ln\u00edm voli\u010d\u016fm zam\u011bstnanost, lep\u0161\u00ed \u017eivotn\u00ed prost\u0159ed\u00ed, sn\u00ed\u017een\u00ed kriminality&#8230;<\/strong><br \/>\nAno.  A slad\u0161\u00ed a levn\u011bj\u0161\u00ed bonb\u00f3ny. Slibem nezarmout\u00ed\u0161, jak \u0159\u00edk\u00e1 klasik. M\u011bli  by jim rad\u011bji sl\u00edbit, \u017ee se budou v\u0161emi silami sna\u017eit, aby jim st\u00e1t  nep\u0159ek\u00e1\u017eel, ne\u0161ikanoval je, nebuzeroval, ne\u0159\u00eddil, aby je neob\u00edral na  dan\u00edch a nestrkal jim pod nos v\u011bci, kter\u00e9 by si sami nevybrali. Jen\u017ee s  t\u00edm usp\u011bj\u00ed jen u lid\u00ed, kte\u0159\u00ed si cen\u00ed v\u00edc sv\u00e9 svobody ne\u017e p\u0159\u00edslibu  sladk\u00e9ho bonbonu.<\/p>\n<p><a href=\"http:\/\/www.prvnizpravy.cz\/zpravy\/z-domova\/jakl-cenim-si-vice-svobody-nez-sladkeho-bonbonu\/\" target=\"_blank\">Zdroj<\/a><\/p>\n","protected":false},"excerpt":{"rendered":"<p>Vybudovali jsme si p\u0159edstavu, \u017ee m\u00e1me n\u00e1rok na \u0161t\u011bst\u00ed, \u0159\u00edk\u00e1 v rozhovoru pro Prvnizpravy.cz. Ladislav Jakl.<\/p>\n","protected":false},"author":1,"featured_media":0,"comment_status":"open","ping_status":"open","sticky":false,"template":"","format":"standard","meta":{"ngg_post_thumbnail":0,"footnotes":""},"categories":[13],"tags":[],"class_list":["post-2794","post","type-post","status-publish","format-standard","hentry","category-rozhovory"],"_links":{"self":[{"href":"https:\/\/www.ladislavjakl.cz\/index.php?rest_route=\/wp\/v2\/posts\/2794","targetHints":{"allow":["GET"]}}],"collection":[{"href":"https:\/\/www.ladislavjakl.cz\/index.php?rest_route=\/wp\/v2\/posts"}],"about":[{"href":"https:\/\/www.ladislavjakl.cz\/index.php?rest_route=\/wp\/v2\/types\/post"}],"author":[{"embeddable":true,"href":"https:\/\/www.ladislavjakl.cz\/index.php?rest_route=\/wp\/v2\/users\/1"}],"replies":[{"embeddable":true,"href":"https:\/\/www.ladislavjakl.cz\/index.php?rest_route=%2Fwp%2Fv2%2Fcomments&post=2794"}],"version-history":[{"count":1,"href":"https:\/\/www.ladislavjakl.cz\/index.php?rest_route=\/wp\/v2\/posts\/2794\/revisions"}],"predecessor-version":[{"id":2795,"href":"https:\/\/www.ladislavjakl.cz\/index.php?rest_route=\/wp\/v2\/posts\/2794\/revisions\/2795"}],"wp:attachment":[{"href":"https:\/\/www.ladislavjakl.cz\/index.php?rest_route=%2Fwp%2Fv2%2Fmedia&parent=2794"}],"wp:term":[{"taxonomy":"category","embeddable":true,"href":"https:\/\/www.ladislavjakl.cz\/index.php?rest_route=%2Fwp%2Fv2%2Fcategories&post=2794"},{"taxonomy":"post_tag","embeddable":true,"href":"https:\/\/www.ladislavjakl.cz\/index.php?rest_route=%2Fwp%2Fv2%2Ftags&post=2794"}],"curies":[{"name":"wp","href":"https:\/\/api.w.org\/{rel}","templated":true}]}}