{"id":2799,"date":"2012-10-05T12:44:37","date_gmt":"2012-10-05T10:44:37","guid":{"rendered":"http:\/\/www.ladislavjakl.cz\/?p=2799"},"modified":"2012-10-05T12:44:37","modified_gmt":"2012-10-05T10:44:37","slug":"ne-joch-neotocil-byl-takovy-vzdy","status":"publish","type":"post","link":"https:\/\/www.ladislavjakl.cz\/?p=2799","title":{"rendered":"Ne, Joch neoto\u010dil, byl takov\u00fd v\u017edy"},"content":{"rendered":"<p>T\u011bmito slovy p\u0159iv\u00edtal Joch p\u0159ed lety Klausovo zvolen\u00ed: Byl okouzluj\u00edc\u00ed, a leskl se jako shnil\u00e1 makrela ve sv\u00e9 oslniv\u00e9 n\u00e1dhe\u0159e \u2026 V\u00e1clav Saruman Klaus.<\/p>\n<p><!--more-->Kdo ho sly\u0161el, ale neznal p\u0159edt\u00edm, myslel by si, skv\u011bl\u00fd president! Form\u00e1t! Nic z toho &#8211; jen Saruman. <a href=\"http:\/\/www.konzervativnistrana.cz\/nazory\/nase-nazory\/nazor\/article\/druha-volba-presidenta-cr-spanelsky-sal-prazskeho-hradu-24-ledna-2003.html\" target=\"_blank\">http:\/\/www.konzervativnistrana.cz\/nazory\/nase-nazory\/nazor\/article\/druha-volba-presidenta-cr-spanelsky-sal-prazskeho-hradu-24-ledna-2003.html<\/a><\/p>\n<p>Myslel jsem, \u017ee pr\u00e1v\u011b pro tato slova ho vzali do Strakovky, tak co se te\u010f div\u00ed.<\/p>\n<p>L. J.<\/p>\n","protected":false},"excerpt":{"rendered":"<p>T\u011bmito slovy p\u0159iv\u00edtal Joch p\u0159ed lety Klausovo zvolen\u00ed: Byl okouzluj\u00edc\u00ed, a leskl se jako shnil\u00e1 makrela ve sv\u00e9 oslniv\u00e9 n\u00e1dhe\u0159e \u2026 V\u00e1clav Saruman Klaus.<\/p>\n","protected":false},"author":1,"featured_media":0,"comment_status":"open","ping_status":"open","sticky":false,"template":"","format":"standard","meta":{"ngg_post_thumbnail":0,"footnotes":""},"categories":[18],"tags":[],"class_list":["post-2799","post","type-post","status-publish","format-standard","hentry","category-postrehy"],"_links":{"self":[{"href":"https:\/\/www.ladislavjakl.cz\/index.php?rest_route=\/wp\/v2\/posts\/2799","targetHints":{"allow":["GET"]}}],"collection":[{"href":"https:\/\/www.ladislavjakl.cz\/index.php?rest_route=\/wp\/v2\/posts"}],"about":[{"href":"https:\/\/www.ladislavjakl.cz\/index.php?rest_route=\/wp\/v2\/types\/post"}],"author":[{"embeddable":true,"href":"https:\/\/www.ladislavjakl.cz\/index.php?rest_route=\/wp\/v2\/users\/1"}],"replies":[{"embeddable":true,"href":"https:\/\/www.ladislavjakl.cz\/index.php?rest_route=%2Fwp%2Fv2%2Fcomments&post=2799"}],"version-history":[{"count":1,"href":"https:\/\/www.ladislavjakl.cz\/index.php?rest_route=\/wp\/v2\/posts\/2799\/revisions"}],"predecessor-version":[{"id":2800,"href":"https:\/\/www.ladislavjakl.cz\/index.php?rest_route=\/wp\/v2\/posts\/2799\/revisions\/2800"}],"wp:attachment":[{"href":"https:\/\/www.ladislavjakl.cz\/index.php?rest_route=%2Fwp%2Fv2%2Fmedia&parent=2799"}],"wp:term":[{"taxonomy":"category","embeddable":true,"href":"https:\/\/www.ladislavjakl.cz\/index.php?rest_route=%2Fwp%2Fv2%2Fcategories&post=2799"},{"taxonomy":"post_tag","embeddable":true,"href":"https:\/\/www.ladislavjakl.cz\/index.php?rest_route=%2Fwp%2Fv2%2Ftags&post=2799"}],"curies":[{"name":"wp","href":"https:\/\/api.w.org\/{rel}","templated":true}]}}