{"id":2806,"date":"2012-10-08T11:06:00","date_gmt":"2012-10-08T09:06:00","guid":{"rendered":"http:\/\/www.ladislavjakl.cz\/?p=2806"},"modified":"2012-10-08T11:06:00","modified_gmt":"2012-10-08T09:06:00","slug":"jakl-nechal-strhnout-vlajku-evropske-unie","status":"publish","type":"post","link":"https:\/\/www.ladislavjakl.cz\/?p=2806","title":{"rendered":"Jakl nechal strhnout vlajku Evropsk\u00e9 unie"},"content":{"rendered":"<p>Tajemn\u00edk prezidenta republiky Ladislav Jakl byl ve st\u0159edu na pozv\u00e1n\u00ed  Svobodn\u00fdch v r\u00e1mci sv\u00e9 prezidentsk\u00e9 kampan\u011b besedovat s ob\u010dany v Brn\u011b a  d\u011bly se v\u011bci.<\/p>\n<p><!--more--><\/p>\n<p>V s\u00e1le Moravsk\u00e9 galerie toti\u017e visela vlajka Evropsk\u00e9 unie, a tak se  zn\u00e1m\u00fd euroskeptik Jakl oto\u010dil a cht\u011bl jet zp\u011bt do Prahy. \u00dasil\u00edm  po\u0159adatel\u016f se ale poda\u0159ilo vlajku strhnout a beseda tak mohla  prob\u011bhnout.<\/p>\n<p>Ve vyj\u00e1d\u0159en\u00ed pro Parlamentn\u00edListy.cz Jakl \u0159ekl, \u017ee n\u00e1klady \u010dlenstv\u00ed  p\u0159ev\u00fd\u0161ily v\u00fdnosy, a proto by bylo dobr\u00e9, aby \u010cesk\u00e1 republika nebyla  \u010dlenem Evropsk\u00e9 unie. Jakl m\u00edn\u00ed, \u017ee p\u0159ijde den, kdy vystoupen\u00ed \u010cR z EU  podpo\u0159\u00ed i V\u00e1clav Klaus.<\/p>\n<h4>Koc\u00e1b by nem\u011bl radost<\/h4>\n<p>Prezident republiky V\u00e1clav Klaus vytrvale odm\u00edtal a odm\u00edt\u00e1 vyv\u011bsit  vlajku Evropsk\u00e9 unie na Pra\u017esk\u00e9m hrad\u011b. V minulosti se nap\u0159\u00edklad  hudebn\u00edk Michael Koc\u00e1b a v\u00fdtvarn\u00edk Bo\u0159ek \u0160\u00edpek ne\u00fasp\u011b\u0161n\u011b pokusili  vyv\u011bsit vlajku EU na Pra\u017esk\u00e9m hrad\u011b. Zabr\u00e1nila jim v tom Hradn\u00ed str\u00e1\u017e.<\/p>\n<p>Klaus u\u017e t\u011bsn\u011b p\u0159ed vstupem do Unie prohl\u00e1sil, \u017ee vlajku Unie na Hrad  nikdy ned\u00e1. \u201eMy\u0161lenka, \u017ee bychom m\u011bli na Pra\u017esk\u00e9m hrad\u011b k prezidentsk\u00e9  z\u00e1stav\u011b p\u0159id\u00e1vat a vyv\u011b\u0161ovat vlajku Evropsk\u00e9 unie&#8230; J\u00e1 mysl\u00edm, \u017ee k  tomu jsem od \u017e\u00e1dn\u00e9ho ob\u010dana \u010cesk\u00e9 republiky mand\u00e1t, pokyn, p\u0159\u00edkaz,  prosbu nedostal,\u201c prohl\u00e1sil tehdy Klaus i s t\u00edm, \u017ee nechce, aby \u010cesk\u00e1  republika byla provinci\u00ed EU.<\/p>\n<p><a href=\"http:\/\/www.parlamentnilisty.cz\/zpravy\/Jakl-nechal-strhnout-vlajku-Evropske-unie-248783\" target=\"_blank\">Zdroj<\/a><\/p>\n","protected":false},"excerpt":{"rendered":"<p>Tajemn\u00edk prezidenta republiky Ladislav Jakl byl ve st\u0159edu na pozv\u00e1n\u00ed Svobodn\u00fdch v r\u00e1mci sv\u00e9 prezidentsk\u00e9 kampan\u011b besedovat s ob\u010dany v Brn\u011b a d\u011bly se v\u011bci.<\/p>\n","protected":false},"author":1,"featured_media":0,"comment_status":"open","ping_status":"open","sticky":false,"template":"","format":"standard","meta":{"ngg_post_thumbnail":0,"footnotes":""},"categories":[17,11],"tags":[],"class_list":["post-2806","post","type-post","status-publish","format-standard","hentry","category-jakl-president","category-ozvena"],"_links":{"self":[{"href":"https:\/\/www.ladislavjakl.cz\/index.php?rest_route=\/wp\/v2\/posts\/2806","targetHints":{"allow":["GET"]}}],"collection":[{"href":"https:\/\/www.ladislavjakl.cz\/index.php?rest_route=\/wp\/v2\/posts"}],"about":[{"href":"https:\/\/www.ladislavjakl.cz\/index.php?rest_route=\/wp\/v2\/types\/post"}],"author":[{"embeddable":true,"href":"https:\/\/www.ladislavjakl.cz\/index.php?rest_route=\/wp\/v2\/users\/1"}],"replies":[{"embeddable":true,"href":"https:\/\/www.ladislavjakl.cz\/index.php?rest_route=%2Fwp%2Fv2%2Fcomments&post=2806"}],"version-history":[{"count":1,"href":"https:\/\/www.ladislavjakl.cz\/index.php?rest_route=\/wp\/v2\/posts\/2806\/revisions"}],"predecessor-version":[{"id":2807,"href":"https:\/\/www.ladislavjakl.cz\/index.php?rest_route=\/wp\/v2\/posts\/2806\/revisions\/2807"}],"wp:attachment":[{"href":"https:\/\/www.ladislavjakl.cz\/index.php?rest_route=%2Fwp%2Fv2%2Fmedia&parent=2806"}],"wp:term":[{"taxonomy":"category","embeddable":true,"href":"https:\/\/www.ladislavjakl.cz\/index.php?rest_route=%2Fwp%2Fv2%2Fcategories&post=2806"},{"taxonomy":"post_tag","embeddable":true,"href":"https:\/\/www.ladislavjakl.cz\/index.php?rest_route=%2Fwp%2Fv2%2Ftags&post=2806"}],"curies":[{"name":"wp","href":"https:\/\/api.w.org\/{rel}","templated":true}]}}