{"id":2812,"date":"2012-10-11T12:00:18","date_gmt":"2012-10-11T10:00:18","guid":{"rendered":"http:\/\/www.ladislavjakl.cz\/?p=2812"},"modified":"2012-10-11T12:00:18","modified_gmt":"2012-10-11T10:00:18","slug":"jakl-cemu-se-necas-divi-vzdyt-joch-klause-urazel-i-v-minulosti-nazval-ho-sarumanem","status":"publish","type":"post","link":"https:\/\/www.ladislavjakl.cz\/?p=2812","title":{"rendered":"Jakl: \u010cemu se Ne\u010das div\u00ed, v\u017edy\u0165 Joch Klause ur\u00e1\u017eel i v minulosti. Nazval ho Sarumanem"},"content":{"rendered":"<p>Roman Joch skon\u010dil v pozici <a id=\"anchorbbtBubble37\">poradce<\/a> premi\u00e9ra Ne\u010dase kv\u016fli v\u00fdroku, \u017ee prezident Klaus je kremolofiln\u00ed b\u00e1ba.  Jen\u017ee to nebylo v\u016fbec poprv\u00e9, kdy konzervativec Joch Klause kritizoval.<\/p>\n<p><!--more--><\/p>\n<p>Ve sv\u00e9m textu ohledn\u011b prezidentsk\u00e9 volby v roce 2003, kdy V\u00e1clav Klaus vyhr\u00e1l a stal se hlavou <a id=\"anchorbbtBubble75\">st\u00e1tu<\/a>,  Joch napsal: \u201eByl okouzluj\u00edc\u00ed, a leskl se jako shnil\u00e1 makrela ve sv\u00e9  oslniv\u00e9 n\u00e1dhe\u0159e. Vtipn\u00fd byl, a projev m\u011bl hezk\u00fd. V\u00e1clav Saruman Klaus.  Kdo ho sly\u0161el, ale neznal p\u0159edt\u00edm, myslel by si, skv\u011bl\u00fd president!  Form\u00e1t! Nic z toho &#8211; jen Saruman.\u201c<\/p>\n<p>Tajemn\u00edk prezidenta republiky Ladislav Jakl, kter\u00fd na sv\u00e9m <a id=\"anchorbbtBubble124\">webu<\/a> na text Romana Jocha upozor\u0148uje, k tomu dod\u00e1v\u00e1: \u201eMyslel jsem, \u017ee pr\u00e1v\u011b  pro tato slova ho vzali do Strakovky, tak co se te\u010f div\u00ed.\u201c<\/p>\n<p>Roman  Joch se o Klausovi, jako o kremlofiln\u00ed b\u00e1b\u011b, vyj\u00e1d\u0159il po \u00fatoku na  prezidenta v Chrastav\u011b. V\u00e1clav Klaus toti\u017e \u00fatok ozna\u010dil za atent\u00e1t, s  \u010d\u00edm\u017e Joch nesouhlas\u00ed a pova\u017euje to za projev zbab\u011blstv\u00ed a snahy um\u011ble  vytvo\u0159it hrdinnou auru kolem prezidenta. Z\u00e1rove\u0148 Joch sv\u00fdm v\u00fdrokem  kritizuje kladn\u00fd postoj V\u00e1clava Klause v\u016f\u010di Rusku.<\/p>\n<p>Spekuluje se,  \u017ee Petru Ne\u010dasovi slova jeho b\u00fdval\u00e9ho poradce nemusela \u00fapln\u011b vadit.  Ne\u010das se ale te\u010f \u00fadajn\u011b sna\u017e\u00ed zal\u00edbit prezidentovi, aby apeloval na  rebely v <a id=\"anchorbbtBubble226\">ODS<\/a>,  na kter\u00e9 m\u00e1 siln\u00fd vlivn\u00fd. Ne\u010das toti\u017e te\u010f hraje o v\u0161e. Bu\u010f da\u0148ov\u00fd  bal\u00ed\u010dek, kter\u00fd rebelov\u00e9 odm\u00edtaj\u00ed podpo\u0159it, prosad\u00ed nebo jeho politick\u00e1  kari\u00e9ra p\u0159ed\u010dasn\u011b skon\u010d\u00ed.<\/p>\n<p><a href=\"http:\/\/domaci.eurozpravy.cz\/politika\/57765-jakl-cemu-se-necas-divi-vzdyt-joch-klause-urazel-i-v-minulosti-nazval-ho-sarumanem\/\" target=\"_blank\">Zdroj<\/a><\/p>\n","protected":false},"excerpt":{"rendered":"<p>Roman Joch skon\u010dil v pozici poradce premi\u00e9ra Ne\u010dase kv\u016fli v\u00fdroku, \u017ee prezident Klaus je kremolofiln\u00ed b\u00e1ba. Jen\u017ee to nebylo v\u016fbec poprv\u00e9, kdy konzervativec Joch Klause kritizoval.<\/p>\n","protected":false},"author":1,"featured_media":0,"comment_status":"open","ping_status":"open","sticky":false,"template":"","format":"standard","meta":{"ngg_post_thumbnail":0,"footnotes":""},"categories":[11],"tags":[],"class_list":["post-2812","post","type-post","status-publish","format-standard","hentry","category-ozvena"],"_links":{"self":[{"href":"https:\/\/www.ladislavjakl.cz\/index.php?rest_route=\/wp\/v2\/posts\/2812","targetHints":{"allow":["GET"]}}],"collection":[{"href":"https:\/\/www.ladislavjakl.cz\/index.php?rest_route=\/wp\/v2\/posts"}],"about":[{"href":"https:\/\/www.ladislavjakl.cz\/index.php?rest_route=\/wp\/v2\/types\/post"}],"author":[{"embeddable":true,"href":"https:\/\/www.ladislavjakl.cz\/index.php?rest_route=\/wp\/v2\/users\/1"}],"replies":[{"embeddable":true,"href":"https:\/\/www.ladislavjakl.cz\/index.php?rest_route=%2Fwp%2Fv2%2Fcomments&post=2812"}],"version-history":[{"count":1,"href":"https:\/\/www.ladislavjakl.cz\/index.php?rest_route=\/wp\/v2\/posts\/2812\/revisions"}],"predecessor-version":[{"id":2813,"href":"https:\/\/www.ladislavjakl.cz\/index.php?rest_route=\/wp\/v2\/posts\/2812\/revisions\/2813"}],"wp:attachment":[{"href":"https:\/\/www.ladislavjakl.cz\/index.php?rest_route=%2Fwp%2Fv2%2Fmedia&parent=2812"}],"wp:term":[{"taxonomy":"category","embeddable":true,"href":"https:\/\/www.ladislavjakl.cz\/index.php?rest_route=%2Fwp%2Fv2%2Fcategories&post=2812"},{"taxonomy":"post_tag","embeddable":true,"href":"https:\/\/www.ladislavjakl.cz\/index.php?rest_route=%2Fwp%2Fv2%2Ftags&post=2812"}],"curies":[{"name":"wp","href":"https:\/\/api.w.org\/{rel}","templated":true}]}}