{"id":2814,"date":"2012-10-11T12:01:38","date_gmt":"2012-10-11T10:01:38","guid":{"rendered":"http:\/\/www.ladislavjakl.cz\/?p=2814"},"modified":"2012-10-11T12:01:38","modified_gmt":"2012-10-11T10:01:38","slug":"jakl-zeman-je-politik-ale-byvaly","status":"publish","type":"post","link":"https:\/\/www.ladislavjakl.cz\/?p=2814","title":{"rendered":"Jakl: Zeman je politik, ale b\u00fdval\u00fd"},"content":{"rendered":"<p>Vedle  Zemana prezident v rozhovoru vyzdvihl je\u0161t\u011b sv\u00e9ho tajemn\u00edka Ladislava  Jakla, kter\u00fd se o prezidentsk\u00e9 k\u0159eslo tak\u00e9 uch\u00e1z\u00ed. Ozna\u010dil ho za &#8222;velmi  bystr\u00e9ho, rozumn\u00e9ho a charakterov\u011b velmi siln\u00e9ho \u010dlov\u011bka&#8220;.&#8220;Je od pana  prezidenta mil\u00e9, \u017ee m\u011b tak hezky lidsky ocenil,&#8220; uvedl pro Lidovky.cz  Jakl.<\/p>\n<p><!--more-->Pravdou  ov\u0161em je, \u017ee ani Jakla prezident neozna\u010dil za politika &#8211; tedy osobu  hodnou prezidentsk\u00e9 funkce. Z toho si v\u0161ak tajemn\u00edk hlavu ned\u011bl\u00e1. Podle  n\u011bj je v z\u00e1sad\u011b pravda, \u017ee Zeman je jedin\u00fd politik mezi uchaze\u010di. &#8222;Jen  bych tam dodal slovo &#8218;b\u00fdval\u00fd&#8216;. A to je ten podstatn\u00fd rozd\u00edl mezi mnou a  Zemanem. On je politik b\u00fdval\u00fd, j\u00e1 budouc\u00ed,&#8220; \u0159ekl sebev\u011bdom\u011b Jakl.<\/p>\n<p>Lidov\u00e9 noviny, 6. 10. 2012<\/p>\n","protected":false},"excerpt":{"rendered":"<p>Vedle Zemana prezident v rozhovoru vyzdvihl je\u0161t\u011b sv\u00e9ho tajemn\u00edka Ladislava Jakla, kter\u00fd se o prezidentsk\u00e9 k\u0159eslo tak\u00e9 uch\u00e1z\u00ed. Ozna\u010dil ho za &#8222;velmi bystr\u00e9ho, rozumn\u00e9ho a charakterov\u011b velmi siln\u00e9ho \u010dlov\u011bka&#8220;.&#8220;Je od pana prezidenta mil\u00e9, \u017ee m\u011b tak hezky lidsky ocenil,&#8220; uvedl pro Lidovky.cz Jakl.<\/p>\n","protected":false},"author":1,"featured_media":0,"comment_status":"open","ping_status":"open","sticky":false,"template":"","format":"standard","meta":{"ngg_post_thumbnail":0,"footnotes":""},"categories":[17,11],"tags":[],"class_list":["post-2814","post","type-post","status-publish","format-standard","hentry","category-jakl-president","category-ozvena"],"_links":{"self":[{"href":"https:\/\/www.ladislavjakl.cz\/index.php?rest_route=\/wp\/v2\/posts\/2814","targetHints":{"allow":["GET"]}}],"collection":[{"href":"https:\/\/www.ladislavjakl.cz\/index.php?rest_route=\/wp\/v2\/posts"}],"about":[{"href":"https:\/\/www.ladislavjakl.cz\/index.php?rest_route=\/wp\/v2\/types\/post"}],"author":[{"embeddable":true,"href":"https:\/\/www.ladislavjakl.cz\/index.php?rest_route=\/wp\/v2\/users\/1"}],"replies":[{"embeddable":true,"href":"https:\/\/www.ladislavjakl.cz\/index.php?rest_route=%2Fwp%2Fv2%2Fcomments&post=2814"}],"version-history":[{"count":1,"href":"https:\/\/www.ladislavjakl.cz\/index.php?rest_route=\/wp\/v2\/posts\/2814\/revisions"}],"predecessor-version":[{"id":2815,"href":"https:\/\/www.ladislavjakl.cz\/index.php?rest_route=\/wp\/v2\/posts\/2814\/revisions\/2815"}],"wp:attachment":[{"href":"https:\/\/www.ladislavjakl.cz\/index.php?rest_route=%2Fwp%2Fv2%2Fmedia&parent=2814"}],"wp:term":[{"taxonomy":"category","embeddable":true,"href":"https:\/\/www.ladislavjakl.cz\/index.php?rest_route=%2Fwp%2Fv2%2Fcategories&post=2814"},{"taxonomy":"post_tag","embeddable":true,"href":"https:\/\/www.ladislavjakl.cz\/index.php?rest_route=%2Fwp%2Fv2%2Ftags&post=2814"}],"curies":[{"name":"wp","href":"https:\/\/api.w.org\/{rel}","templated":true}]}}