{"id":2816,"date":"2012-10-11T12:03:09","date_gmt":"2012-10-11T10:03:09","guid":{"rendered":"http:\/\/www.ladislavjakl.cz\/?p=2816"},"modified":"2012-10-11T12:03:09","modified_gmt":"2012-10-11T10:03:09","slug":"ladislav-jakl-19-rijna-svobodne-u-piva-v-plzni","status":"publish","type":"post","link":"https:\/\/www.ladislavjakl.cz\/?p=2816","title":{"rendered":"Ladislav Jakl 19. \u0159\u00edjna svobodn\u011b u piva v Plzni"},"content":{"rendered":"<p>Na pozv\u00e1n\u00ed Krajsk\u00e9ho sdru\u017een\u00ed Svobodn\u00fdch (Strana svobodn\u00fdch ob\u010dan\u016f  Plze\u0148) se prezidentsk\u00fd kandid\u00e1t, pan Ladislav Jakl z\u00fa\u010dastn\u00ed posezen\u00ed u  piva ve zn\u00e1m\u00e9 plze\u0148sk\u00e9 restauraci \u201eSedm\u00fd nebe Mor\u00e1vka\u201c, v Bezru\u010dov\u011b  ulici \u010d. 4.<\/p>\n<p><!--more-->Plze\u0148\u00e1ci, kte\u0159\u00ed Ladislava Jakla dob\u0159e znaj\u00ed a tak\u00e9 ti,  kte\u0159\u00ed maj\u00ed z\u00e1jem si na vlastn\u00ed u\u0161i vyslechnout m\u00e9dii nezkreslen\u00e9 n\u00e1zory  tohoto, v sou\u010dasn\u00e9 dob\u011b \u010dasto citovan\u00e9ho tajemn\u00edka prezidenta republiky,  maj\u00ed \u0161anci ji\u017e v p\u00e1tek 19. \u0159\u00edjna 2012 od 18,00 hodin!<\/p>\n<p>&#8211;\u00a0\u00a0\u00a0 Chcete zn\u00e1t v\u0161e o l\u017e\u00edch, nepravd\u00e1ch a v\u00fdmyslech televizn\u00edho pana Moravce?<br \/>\n&#8211;\u00a0\u00a0\u00a0 Zaj\u00edmaj\u00ed v\u00e1s Jaklovy n\u00e1zory na sou\u010dasnou politiku a m\u00e9dia?<br \/>\n&#8211;\u00a0\u00a0\u00a0 Tak\u00e9 jste si vybudovali p\u0159edstavu o sv\u00e9m n\u00e1roku na \u0161t\u011bst\u00ed?<\/p>\n<p>P\u0159ij\u010fte si popov\u00eddat a t\u0159eba i pokecat s \u010dlov\u011bkem, kter\u00fd v\u00ed, \u017ee svoboda \u010dlov\u011bka je jeho pr\u00e1vem, kter\u00e9 je t\u0159eba neust\u00e1le chr\u00e1nit.<\/p>\n<p><a href=\"http:\/\/www.parlamentnilisty.cz\/profily\/clanek.aspx?id=14034\" target=\"_blank\">Zdroj<\/a><\/p>\n","protected":false},"excerpt":{"rendered":"<p>Na pozv\u00e1n\u00ed Krajsk\u00e9ho sdru\u017een\u00ed Svobodn\u00fdch (Strana svobodn\u00fdch ob\u010dan\u016f Plze\u0148) se prezidentsk\u00fd kandid\u00e1t, pan Ladislav Jakl z\u00fa\u010dastn\u00ed posezen\u00ed u piva ve zn\u00e1m\u00e9 plze\u0148sk\u00e9 restauraci \u201eSedm\u00fd nebe Mor\u00e1vka\u201c, v Bezru\u010dov\u011b ulici \u010d. 4.<\/p>\n","protected":false},"author":1,"featured_media":0,"comment_status":"open","ping_status":"open","sticky":false,"template":"","format":"standard","meta":{"ngg_post_thumbnail":0,"footnotes":""},"categories":[17,11],"tags":[],"class_list":["post-2816","post","type-post","status-publish","format-standard","hentry","category-jakl-president","category-ozvena"],"_links":{"self":[{"href":"https:\/\/www.ladislavjakl.cz\/index.php?rest_route=\/wp\/v2\/posts\/2816","targetHints":{"allow":["GET"]}}],"collection":[{"href":"https:\/\/www.ladislavjakl.cz\/index.php?rest_route=\/wp\/v2\/posts"}],"about":[{"href":"https:\/\/www.ladislavjakl.cz\/index.php?rest_route=\/wp\/v2\/types\/post"}],"author":[{"embeddable":true,"href":"https:\/\/www.ladislavjakl.cz\/index.php?rest_route=\/wp\/v2\/users\/1"}],"replies":[{"embeddable":true,"href":"https:\/\/www.ladislavjakl.cz\/index.php?rest_route=%2Fwp%2Fv2%2Fcomments&post=2816"}],"version-history":[{"count":1,"href":"https:\/\/www.ladislavjakl.cz\/index.php?rest_route=\/wp\/v2\/posts\/2816\/revisions"}],"predecessor-version":[{"id":2817,"href":"https:\/\/www.ladislavjakl.cz\/index.php?rest_route=\/wp\/v2\/posts\/2816\/revisions\/2817"}],"wp:attachment":[{"href":"https:\/\/www.ladislavjakl.cz\/index.php?rest_route=%2Fwp%2Fv2%2Fmedia&parent=2816"}],"wp:term":[{"taxonomy":"category","embeddable":true,"href":"https:\/\/www.ladislavjakl.cz\/index.php?rest_route=%2Fwp%2Fv2%2Fcategories&post=2816"},{"taxonomy":"post_tag","embeddable":true,"href":"https:\/\/www.ladislavjakl.cz\/index.php?rest_route=%2Fwp%2Fv2%2Ftags&post=2816"}],"curies":[{"name":"wp","href":"https:\/\/api.w.org\/{rel}","templated":true}]}}