{"id":2818,"date":"2012-10-11T12:04:30","date_gmt":"2012-10-11T10:04:30","guid":{"rendered":"http:\/\/www.ladislavjakl.cz\/?p=2818"},"modified":"2012-10-11T12:04:30","modified_gmt":"2012-10-11T10:04:30","slug":"jakl-a-karas-vyzvali-sve-priznivce-aby-je-vzajemne-podporili-na-hrad","status":"publish","type":"post","link":"https:\/\/www.ladislavjakl.cz\/?p=2818","title":{"rendered":"Jakl a Karas vyzvali sv\u00e9 p\u0159\u00edznivce, aby je vz\u00e1jemn\u011b podpo\u0159ili na Hrad"},"content":{"rendered":"<p>Tajemn\u00edk prezidenta republiky Ladislav Jakl a b\u00fdval\u00fd poslanec KDU-\u010cSL  Ji\u0159\u00ed Karas vyzvali sv\u00e9 p\u0159\u00edznivce, aby navz\u00e1jem podpo\u0159ili jejich mo\u017enost  kandidovat na Hrad, nebo\u0165 podle z\u00e1kona m\u016f\u017ee ob\u010dan podepsat podporu v\u00edce  kandid\u00e1t\u016fm.<\/p>\n<p><!--more--><\/p>\n<p>Oba dva uchaze\u010di o kandidaturu na prezidenta republiky deklaruj\u00ed svou sv\u011bton\u00e1zorovou a hodnotovou bl\u00edzkost.<\/p>\n<p>\u201eV\u00e1\u017een\u00ed spoluob\u010dan\u00e9, p\u0159\u00edznivci, p\u0159\u00e1tel\u00e9, v\u00fdznam \u00fa\u0159adu prezidenta  republiky v\u00a0sou\u010dasn\u00e9 dob\u011b vzr\u016fst\u00e1. Prezident nen\u00ed \u201ejen\u201c vrcholn\u00fdm  representantem na\u0161\u00ed st\u00e1tnosti, ale tv\u00e1\u0159\u00ed v\u00a0tv\u00e1\u0159 nebezpe\u010dn\u00fdm tendenc\u00edm a  hlas\u016fm volaj\u00edc\u00edm po alternativ\u00e1ch v\u016f\u010di platn\u00e9mu spole\u010densk\u00e9mu a mravn\u00edmu  \u0159\u00e1du, mus\u00ed tak\u00e9 st\u00e1le v\u00edce plnit roli garanta ob\u010dansk\u00fdch svobod a  obr\u00e1nce duchovn\u00edch a kulturn\u00edch hodnot, na nich\u017e je na\u0161e st\u00e1tn\u00ed i  n\u00e1rodn\u00ed existence vystav\u011bna. T\u00edm v\u011bt\u0161\u00ed odpov\u011bdnost by m\u011bl c\u00edtit ka\u017ed\u00fd,  kdo se o prezidentsk\u00fd \u00fa\u0159ad uch\u00e1z\u00ed. V\u011bdom\u00ed t\u00e9to odpov\u011bdnosti n\u00e1s dnes  vede k\u00a0neobvykl\u00e9mu spole\u010dn\u00e9mu kroku. Na z\u00e1klad\u011b skute\u010dnosti, \u017ee se na\u0161e  programov\u00e9 priority p\u0159irozen\u011b dopl\u0148uj\u00ed a vych\u00e1zej\u00ed ze shodn\u00e9ho  hodnotov\u00e9ho r\u00e1mce, ve\u0159ejn\u011b deklarujeme vz\u00e1jemn\u00fd respekt, podporu a  p\u0159ipravenost ke spolupr\u00e1ci,\u201c p\u00ed\u0161\u00ed Jakl s\u00a0Karasem v\u00a0deklaraci.<\/p>\n<h4>Obrana n\u00e1rodn\u00ed suverenity, ob\u010dansk\u00fdch svobod a tradi\u010dn\u00edch hodnot<\/h4>\n<p>Jakl i Karas pros\u00ed sv\u00e9 p\u0159\u00edznivce, aby ka\u017ed\u00fd z\u00a0nich podpo\u0159il kandidaturu  i toho druh\u00e9ho. \u201ePodpo\u0159it sv\u00fdm podpisem v\u00edce kandid\u00e1t\u016f je ze z\u00e1kona  mo\u017en\u00e9, apelujeme proto na sv\u00e9 p\u0159\u00edznivce, aby t\u00e9to mo\u017enosti vyu\u017eili a v  prezidentsk\u00e9 kampani tak mohl zazn\u00edt tolik pot\u0159ebn\u00fd hlas tradi\u010dn\u00edch  hodnot, svobody a zdrav\u00e9ho rozumu,\u201c apeluj\u00ed Karas s\u00a0Jaklem.<\/p>\n<p>Ji\u017e v\u00a0minulosti deklarovali Karas a Jakl svou ideovou bl\u00edzkost.  Spole\u010dn\u011b se shoduj\u00ed na obran\u011b ob\u010dansk\u00fdch svobod, n\u00e1rodn\u00ed suverenity,  vlastenectv\u00ed a tradi\u010dn\u00edch hodnot, jako je nap\u0159\u00edklad klasick\u00e1 rodina.<\/p>\n<p>V\u00a0tomto smyslu ocenil nap\u0159\u00edklad i lidovec Karas prezidenta republiky  V\u00e1clava Klause. Oba dva kandid\u00e1ti maj\u00ed podporu Klausovy bl\u00edzk\u00e9  konzervativn\u00ed Akce D.O.S.T. a oba dva podpo\u0159ili jej\u00ed akci proti  festivalu homosexu\u00e1l\u016f Prague Pride.<\/p>\n<p><a href=\"http:\/\/www.parlamentnilisty.cz\/zpravy\/Jakl-a-Karas-vyzvali-sve-priznivce-aby-je-vzajemne-podporili-na-Hrad-249032\" target=\"_blank\">Zdroj<\/a><\/p>\n","protected":false},"excerpt":{"rendered":"<p>Tajemn\u00edk prezidenta republiky Ladislav Jakl a b\u00fdval\u00fd poslanec KDU-\u010cSL Ji\u0159\u00ed Karas vyzvali sv\u00e9 p\u0159\u00edznivce, aby navz\u00e1jem podpo\u0159ili jejich mo\u017enost kandidovat na Hrad, nebo\u0165 podle z\u00e1kona m\u016f\u017ee ob\u010dan podepsat podporu v\u00edce kandid\u00e1t\u016fm.<\/p>\n","protected":false},"author":1,"featured_media":0,"comment_status":"open","ping_status":"open","sticky":false,"template":"","format":"standard","meta":{"ngg_post_thumbnail":0,"footnotes":""},"categories":[17,11],"tags":[],"class_list":["post-2818","post","type-post","status-publish","format-standard","hentry","category-jakl-president","category-ozvena"],"_links":{"self":[{"href":"https:\/\/www.ladislavjakl.cz\/index.php?rest_route=\/wp\/v2\/posts\/2818","targetHints":{"allow":["GET"]}}],"collection":[{"href":"https:\/\/www.ladislavjakl.cz\/index.php?rest_route=\/wp\/v2\/posts"}],"about":[{"href":"https:\/\/www.ladislavjakl.cz\/index.php?rest_route=\/wp\/v2\/types\/post"}],"author":[{"embeddable":true,"href":"https:\/\/www.ladislavjakl.cz\/index.php?rest_route=\/wp\/v2\/users\/1"}],"replies":[{"embeddable":true,"href":"https:\/\/www.ladislavjakl.cz\/index.php?rest_route=%2Fwp%2Fv2%2Fcomments&post=2818"}],"version-history":[{"count":1,"href":"https:\/\/www.ladislavjakl.cz\/index.php?rest_route=\/wp\/v2\/posts\/2818\/revisions"}],"predecessor-version":[{"id":2819,"href":"https:\/\/www.ladislavjakl.cz\/index.php?rest_route=\/wp\/v2\/posts\/2818\/revisions\/2819"}],"wp:attachment":[{"href":"https:\/\/www.ladislavjakl.cz\/index.php?rest_route=%2Fwp%2Fv2%2Fmedia&parent=2818"}],"wp:term":[{"taxonomy":"category","embeddable":true,"href":"https:\/\/www.ladislavjakl.cz\/index.php?rest_route=%2Fwp%2Fv2%2Fcategories&post=2818"},{"taxonomy":"post_tag","embeddable":true,"href":"https:\/\/www.ladislavjakl.cz\/index.php?rest_route=%2Fwp%2Fv2%2Ftags&post=2818"}],"curies":[{"name":"wp","href":"https:\/\/api.w.org\/{rel}","templated":true}]}}