{"id":2829,"date":"2012-10-11T12:53:09","date_gmt":"2012-10-11T10:53:09","guid":{"rendered":"http:\/\/www.ladislavjakl.cz\/?p=2829"},"modified":"2012-10-11T12:53:09","modified_gmt":"2012-10-11T10:53:09","slug":"ladislav-jakl-pro-eurozpravy-cz","status":"publish","type":"post","link":"https:\/\/www.ladislavjakl.cz\/?p=2829","title":{"rendered":"Ladislav Jakl pro Eurozpr\u00e1vy.cz"},"content":{"rendered":"<p><strong>V \u010dem spat\u0159ujete hlavn\u00ed p\u0159\u00ed\u010diny \u00fapadku d\u016fv\u011bry v politick\u00e9 elity? Mohou za to prim\u00e1rn\u011b politici nebo spole\u010dnost, ze kter\u00e9 se politici generuj\u00ed?<\/strong><\/p>\n<p><!--more-->P\u0159edev\u0161\u00edm v tlaku mocn\u00fdch z\u00e1jmov\u00fdch skupin, kter\u00fdm se neda\u0159\u00ed p\u0159es demokratick\u00e9 mechanismy prosadit sv\u00e9 z\u00e1m\u011bry. Tak se sna\u017e\u00ed lidem namluvit, \u017ee s jejich nastr\u010den\u00fdmi figurkami bude r\u00e1zem l\u00e9pe. Je to tak\u00e9 t\u00edm, \u017ee mnoz\u00ed politici nadb\u00edhaj\u00ed n\u00e1lad\u00e1m: v\u00edce potlesku z\u00edskaj\u00ed u \u010d\u00e1sti ve\u0159ejnosti t\u00edm, kdy\u017e sv\u00e9ho oponenta pomluv\u00ed a napadnou, ne\u017e kdy\u017e sami n\u011bco p\u0159edvedou. A jdou za t\u00edm potleskem, proto\u017ee to funguje.<\/p>\n<p><strong>Vl\u00e1da se t\u011b\u0161\u00ed minim\u00e1ln\u00ed d\u016fv\u011b\u0159e a od listopadu 89 pat\u0159\u00ed k nejh\u016f\u0159e hodnocen\u00fdm vl\u00e1d\u00e1m. Je to jen n\u00e1zor lajk\u016f nebo se k tomuto n\u00e1zoru tak\u00e9 p\u0159ikl\u00e1n\u00edte? <\/strong><\/p>\n<p>Podle mne je to nejlep\u0161\u00ed vl\u00e1da hned po t\u011bch Klausov\u00fdch. V\u0161echny ostatn\u00ed byly hor\u0161\u00ed.<\/p>\n<p><strong>Mysl\u00edte si, \u017ee jako prezident byste dopomohl k n\u00e1vratu d\u016fv\u011bry v politick\u00e9 instituce? Jak\u00e9 kroky byste k tomu p\u0159\u00edpadn\u011b zvolil?<\/strong><\/p>\n<p>D\u016fraz na ideje, my\u0161lenky, hodnoty, programov\u00e9 z\u00e1sady, principy nam\u00edsto politika\u0159en\u00ed.<\/p>\n<p>Ned\u00e1vno jsem \u010detl V\u00e1\u0161 blog, kde jste p\u0159ipom\u00ednal d\u016fle\u017eitost svobody slova, respektive svobody obecn\u011b. Z toho jsem pochopil, \u017ee narozd\u00edl od mnoh\u00fdch pravicov\u00fdch politik\u016f nejdete po krku komunist\u016fm. Vadil by V\u00e1m komunistick\u00fd premi\u00e9r?<\/p>\n<p>To jste ud\u011blal divn\u00fd z\u00e1v\u011br. Tak\u017ee ti, co h\u00e1j\u00ed svobodu slova, se t\u011b\u0161\u00ed na komunistick\u00e9ho premi\u00e9ra? Ne, mn\u011b by vadil.<\/p>\n<p>D\u011bkuji za odpov\u011bdi. S pozdravem, Luk\u00e1\u0161 Henzl<br \/>\nredaktor EuroZpr\u00e1vy.cz<\/p>\n","protected":false},"excerpt":{"rendered":"<p>V \u010dem spat\u0159ujete hlavn\u00ed p\u0159\u00ed\u010diny \u00fapadku d\u016fv\u011bry v politick\u00e9 elity? Mohou za to prim\u00e1rn\u011b politici nebo spole\u010dnost, ze kter\u00e9 se politici generuj\u00ed?<\/p>\n","protected":false},"author":1,"featured_media":0,"comment_status":"open","ping_status":"open","sticky":false,"template":"","format":"standard","meta":{"ngg_post_thumbnail":0,"footnotes":""},"categories":[17,13],"tags":[],"class_list":["post-2829","post","type-post","status-publish","format-standard","hentry","category-jakl-president","category-rozhovory"],"_links":{"self":[{"href":"https:\/\/www.ladislavjakl.cz\/index.php?rest_route=\/wp\/v2\/posts\/2829","targetHints":{"allow":["GET"]}}],"collection":[{"href":"https:\/\/www.ladislavjakl.cz\/index.php?rest_route=\/wp\/v2\/posts"}],"about":[{"href":"https:\/\/www.ladislavjakl.cz\/index.php?rest_route=\/wp\/v2\/types\/post"}],"author":[{"embeddable":true,"href":"https:\/\/www.ladislavjakl.cz\/index.php?rest_route=\/wp\/v2\/users\/1"}],"replies":[{"embeddable":true,"href":"https:\/\/www.ladislavjakl.cz\/index.php?rest_route=%2Fwp%2Fv2%2Fcomments&post=2829"}],"version-history":[{"count":1,"href":"https:\/\/www.ladislavjakl.cz\/index.php?rest_route=\/wp\/v2\/posts\/2829\/revisions"}],"predecessor-version":[{"id":2830,"href":"https:\/\/www.ladislavjakl.cz\/index.php?rest_route=\/wp\/v2\/posts\/2829\/revisions\/2830"}],"wp:attachment":[{"href":"https:\/\/www.ladislavjakl.cz\/index.php?rest_route=%2Fwp%2Fv2%2Fmedia&parent=2829"}],"wp:term":[{"taxonomy":"category","embeddable":true,"href":"https:\/\/www.ladislavjakl.cz\/index.php?rest_route=%2Fwp%2Fv2%2Fcategories&post=2829"},{"taxonomy":"post_tag","embeddable":true,"href":"https:\/\/www.ladislavjakl.cz\/index.php?rest_route=%2Fwp%2Fv2%2Ftags&post=2829"}],"curies":[{"name":"wp","href":"https:\/\/api.w.org\/{rel}","templated":true}]}}