{"id":2831,"date":"2012-10-11T12:54:19","date_gmt":"2012-10-11T10:54:19","guid":{"rendered":"http:\/\/www.ladislavjakl.cz\/?p=2831"},"modified":"2012-10-11T12:54:19","modified_gmt":"2012-10-11T10:54:19","slug":"jakl-v-politice-neplati-vztah-jako-v-podniku","status":"publish","type":"post","link":"https:\/\/www.ladislavjakl.cz\/?p=2831","title":{"rendered":"Jakl: V politice neplat\u00ed vztah jako v podniku"},"content":{"rendered":"<p>Ned\u00e1vno se v m\u00e9di\u00edch objevil n\u00e1zor, \u017ee n\u011bkte\u0159\u00ed politici nahl\u00ed\u017eej\u00ed na sv\u00e9  voli\u010de jako na sv\u00e9 zam\u011bstnance. V exkluzivn\u00edm rozhovoru pro  Prvnizpravy.cz\u00a0\u00a0 kandid\u00e1t Strany svobodn\u00fdch ob\u010dan\u016f na prezidenta  Ladislav Jakl zodpov\u011bd\u011bl i tuto ot\u00e1zku.<\/p>\n<p><!--more--><strong>Mysl\u00edte si, \u017ee  lid\u00e9 maj\u00ed b\u00fdt, tak jak jsou o tom mnoz\u00ed dne\u0161n\u00ed politici p\u0159esv\u011bd\u010den\u00ed,  &#8222;zam\u011bstnanci&#8220; politik\u016f a nebo to m\u00e1 b\u00fdt naopak? <\/strong><br \/>\nJ\u00e1 jsem  tedy \u017e\u00e1dn\u00e9ho politika takovou hloupost \u0159\u00edkat nesly\u0161el, ale on neplat\u00ed  ani ten opak. V politice neplat\u00ed vztah jako v podniku. Ani jako v  obchod\u011b \u010di p\u0159i n\u011bjak\u00e9 slu\u017eb\u011b. St\u00e1t nem\u00e1 plnit funkce servisu, od toho je  soukrom\u00fd sektor. St\u00e1t m\u00e1 pe\u010dovat o ve\u0159ejn\u00e9 statky, tedy o to, co nem\u016f\u017ee  nikdo konzumovat s\u00e1m za sebe. Od ve\u0159ejn\u00e9ho osv\u011btlen\u00ed po obranu. St\u00e1t  toti\u017e k dosa\u017een\u00ed sv\u00fdch cil\u016f um\u00ed jedin\u00e9: n\u00e1sil\u00ed. Dan\u011b nikdo neplat\u00ed  dobrovoln\u011b, jsou vym\u00e1h\u00e1ny n\u00e1sil\u00edm. Pravidla, z\u00e1kony, regulace, tomu  v\u0161emu jsme pod\u0159\u00edzeni nikoli dobrovoln\u011b, ale proto\u017ee jinak n\u00e1m hroz\u00ed  sankce. A proto je stra\u0161n\u011b d\u016fle\u017eit\u00e9, aby se st\u00e1t staral pouze o to, co  m\u016f\u017ee b\u00fdt uzn\u00e1no jako d\u016fvod k u\u017eit\u00ed st\u00e1tn\u00edho n\u00e1sil\u00ed. Jen\u017ee dne\u0161n\u00ed st\u00e1t  toho d\u011bl\u00e1 mnohem a mnohem v\u00edc. Chce od lid\u00ed mnohem v\u00edc pen\u011bz a nut\u00ed je  dodr\u017eovat daleko v\u00edc pravidel, ne\u017e kolik odpov\u00edd\u00e1 ve\u0159ejn\u00e9mu z\u00e1jmu. A u\u017e  se v\u016fbec nept\u00e1, jestli jsou to v\u011bci, kter\u00e9 stoj\u00ed za u\u017eit\u00ed n\u00e1sil\u00ed. D\u011bl\u00e1  je proto, \u017ee m\u016f\u017ee, \u017ee m\u00e1 tu moc. Moc st\u00e1tu je nutno v ka\u017ed\u00e9m p\u0159\u00edpad\u011b  z\u00e1sadn\u011b zmen\u0161it. Jen t\u00edm se zv\u00fd\u0161\u00ed m\u00edra na\u0161\u00ed svobody.<\/p>\n<p><strong>Nyn\u00ed  se n\u011bkte\u0159\u00ed prezident\u0161t\u00ed kandid\u00e1ti trumfuj\u00ed v tom, jak zve\u0159ejn\u00ed sv\u00e9  finan\u010dn\u00ed zdroje pro prezidentskou kampa\u0148, jak jste na tom vy, m\u00e1te tak\u00e9  sponzory? <\/strong><br \/>\nZat\u00edm nem\u00e1m \u017e\u00e1dn\u00e9, oslovil jsem a\u017e v posledn\u00ed  dob\u011b n\u011bkolik p\u0159\u00e1tel s \u017e\u00e1dost\u00ed o drobn\u00fd p\u0159\u00edsp\u011bvek, snad mi n\u011bco daj\u00ed.  Zat\u00edm plat\u00edm v\u0161e ze sv\u00e9ho, n\u011bco p\u0159isp\u011bje i strana Svobodn\u00fdch.<\/p>\n<p><strong>Co  \u0159\u00edk\u00e1te sou\u010dasn\u00e9mu odhalov\u00e1n\u00ed podvod\u016f a korupc\u00ed, mohou odhalen\u00e9 kauzy  souviset s p\u0159edvolebn\u00edm bojem a nebo je to zlep\u0161en\u00ed pr\u00e1ce policie a  st\u00e1tn\u00edch zastupitelstv\u00ed v boji proti korupci? <\/strong><br \/>\nTakov\u00e9 v\u011bci  jsou a budou p\u0159\u00edtomny ve ve\u0159ejn\u00e9m \u017eivot\u011b v\u017edy a v\u0161ude na sv\u011bt\u011b. U n\u00e1s je  to ale vd\u011b\u010dn\u00e9 spole\u010densk\u00e9 a medi\u00e1ln\u00ed t\u00e9ma. Tak je o tom v\u00edc sly\u0161et.  Osobn\u011b si mysl\u00edm, \u017ee velkou \u010d\u00e1st zve\u0159ejn\u011bn\u00fdch podez\u0159en\u00ed maj\u00ed na sv\u011bdom\u00ed  politi\u010dt\u00ed konkurenti, kte\u0159\u00ed se sna\u017e\u00ed navz\u00e1jem se o\u010dernit.<\/p>\n<p><a href=\"http:\/\/www.prvnizpravy.cz\/zpravy\/z-domova\/jakl-v-politice-neplati-vztah-jako-v-podniku\/\" target=\"_blank\">Zdroj<\/a><\/p>\n","protected":false},"excerpt":{"rendered":"<p>Ned\u00e1vno se v m\u00e9di\u00edch objevil n\u00e1zor, \u017ee n\u011bkte\u0159\u00ed politici nahl\u00ed\u017eej\u00ed na sv\u00e9 voli\u010de jako na sv\u00e9 zam\u011bstnance. V exkluzivn\u00edm rozhovoru pro Prvnizpravy.cz\u00a0\u00a0 kandid\u00e1t Strany svobodn\u00fdch ob\u010dan\u016f na prezidenta Ladislav Jakl zodpov\u011bd\u011bl i tuto ot\u00e1zku.<\/p>\n","protected":false},"author":1,"featured_media":0,"comment_status":"open","ping_status":"open","sticky":false,"template":"","format":"standard","meta":{"ngg_post_thumbnail":0,"footnotes":""},"categories":[17,13],"tags":[],"class_list":["post-2831","post","type-post","status-publish","format-standard","hentry","category-jakl-president","category-rozhovory"],"_links":{"self":[{"href":"https:\/\/www.ladislavjakl.cz\/index.php?rest_route=\/wp\/v2\/posts\/2831","targetHints":{"allow":["GET"]}}],"collection":[{"href":"https:\/\/www.ladislavjakl.cz\/index.php?rest_route=\/wp\/v2\/posts"}],"about":[{"href":"https:\/\/www.ladislavjakl.cz\/index.php?rest_route=\/wp\/v2\/types\/post"}],"author":[{"embeddable":true,"href":"https:\/\/www.ladislavjakl.cz\/index.php?rest_route=\/wp\/v2\/users\/1"}],"replies":[{"embeddable":true,"href":"https:\/\/www.ladislavjakl.cz\/index.php?rest_route=%2Fwp%2Fv2%2Fcomments&post=2831"}],"version-history":[{"count":1,"href":"https:\/\/www.ladislavjakl.cz\/index.php?rest_route=\/wp\/v2\/posts\/2831\/revisions"}],"predecessor-version":[{"id":2832,"href":"https:\/\/www.ladislavjakl.cz\/index.php?rest_route=\/wp\/v2\/posts\/2831\/revisions\/2832"}],"wp:attachment":[{"href":"https:\/\/www.ladislavjakl.cz\/index.php?rest_route=%2Fwp%2Fv2%2Fmedia&parent=2831"}],"wp:term":[{"taxonomy":"category","embeddable":true,"href":"https:\/\/www.ladislavjakl.cz\/index.php?rest_route=%2Fwp%2Fv2%2Fcategories&post=2831"},{"taxonomy":"post_tag","embeddable":true,"href":"https:\/\/www.ladislavjakl.cz\/index.php?rest_route=%2Fwp%2Fv2%2Ftags&post=2831"}],"curies":[{"name":"wp","href":"https:\/\/api.w.org\/{rel}","templated":true}]}}