{"id":2833,"date":"2012-10-11T12:56:25","date_gmt":"2012-10-11T10:56:25","guid":{"rendered":"http:\/\/www.ladislavjakl.cz\/?p=2833"},"modified":"2012-10-11T12:57:38","modified_gmt":"2012-10-11T10:57:38","slug":"reci-s-ladislavem-jaklem-mne-klaus-podepsal-petici-zemanovi-ne","status":"publish","type":"post","link":"https:\/\/www.ladislavjakl.cz\/?p=2833","title":{"rendered":"\u0158e\u010di s Ladislavem Jaklem: Mn\u011b Klaus podepsal petici, Zemanovi ne&#8230;"},"content":{"rendered":"<p>Pra\u017esk\u00e1 premi\u00e9ra hry Poh\u0159b\u00edv\u00e1n\u00ed (jen n\u00e1hoda s  Odch\u00e1zen\u00edm?) brn\u011bnsk\u00e9ho divadeln\u00edho souboru Feste\u00a0je parodi\u00ed televizn\u00edho  p\u0159enosu z fiktivn\u00edho poh\u0159bu prezidenta Klause. Ladislav Jakl na sv\u00e9m  webu pozv\u00e1n\u00ed u\u017e p\u0159edem odm\u00edtl s t\u00edm, \u017ee si po\u010dk\u00e1 na &#8222;komedii o  poh\u0159b\u00edv\u00e1n\u00ed Karla Schwarzenberga&#8220;.<\/p>\n<p><!--more-->Kancl\u00e9\u0159 Ji\u0159\u00ed Weigl pak Poh\u0159b\u00edv\u00e1n\u00ed  ozna\u010dil za neuv\u011b\u0159itelnou nechutnost a trapnou ubohost, kter\u00e1 je vyd\u00e1v\u00e1na  za um\u011bn\u00ed jen proto, \u017ee hanob\u00ed prezidenta. Weigl i Jakl pat\u0159\u00ed mezi  postavy inscenace.<\/p>\n<p><a name=\"t2\"><\/a>Po Jan\u011b Bobo\u0161\u00edkov\u00e9 a  Milo\u0161i Zemanovi se mn\u011b p\u0159ed svoj\u00ed besedou s voli\u010di v Ostrav\u011b sv\u011b\u0159il i  dal\u0161\u00ed kandid\u00e1t na prezidenta \u010cesk\u00e9 republiky &#8211; pr\u00e1v\u011b\u00a0\u0159editel politick\u00e9ho  odboru Kancel\u00e1\u0159e prezidenta republiky V\u00e1clava Klause, hudebn\u00edk a b\u00fdval\u00fd  novin\u00e1\u0159 Ladislav Jakl. S kameramanem Ing. Ludv\u00edkem Koll\u00e1rem jsme  tak\u00a0pro region\u00e1ln\u00ed televizi LTV to\u010dili dal\u0161\u00ed d\u00edl na\u0161eho cyklu Celebrity  za humny.<\/p>\n<p><strong>Dobr\u00fd den, pane Jakle, co \u0159\u00edkal V\u00e1clav Klaus na Va\u0161e rozhodnut\u00ed kandidovat?<\/strong><\/p>\n<p><em>&#8222;Nijak jsem to s n\u00edm nekonzultoval. Vzal m\u00e9 rozhodnut\u00ed na v\u011bdom\u00ed. A podepsal mi petici&#8230;&#8220;<\/em><\/p>\n<p><strong>Nevad\u00ed V\u00e1m, \u017ee p\u0159ed n\u011bkolkika dny v\u011b\u0159ejn\u011b podpo\u0159il tak\u00e9 Milo\u0161e Zemana?<\/strong><\/p>\n<p><em>&#8222;Jemu  petici nepodepsal. Pouze \u0159ekl, \u017ee to je mezi kandid\u00e1ty jedin\u00fd politik.  Co\u017e je pravda. Ne\u0159ekl ale, \u017ee ho bude volit, nevyzval voli\u010de, aby Zemana  volili. Teprve tomu j\u00e1 bych pak \u0159\u00edkal &#8222;podpora&#8220;&#8230;&#8220;<\/em><\/p>\n<p><strong><img decoding=\"async\" src=\"http:\/\/olser.cz\/wp-content\/uploads\/jakl-2-e28093-kopiebmp.jpg\" border=\"0\" alt=\"\" \/><\/strong><\/p>\n<p><strong><\/strong><strong>P\u0159esto byste si V\u00e1clava Klause vybral jako poradce. Co byste s n\u00edm konzultoval?<\/strong><\/p>\n<p><em>&#8222;To  slovo &#8222;p\u0159esto&#8220; sem nepat\u0159\u00ed, to k m\u00e9mu v\u00fdroku o jeho &#8222;poradcov\u00e1n\u00ed&#8220; nem\u00e1  \u017e\u00e1dn\u00fd vztah. Jsem r\u00e1d, \u017ee tak bl\u00edzko a tak dlouho zn\u00e1m \u010dlov\u011bka tak  pracovit\u00e9ho, vzd\u011blan\u00e9ho a ideov\u011b vyhran\u011bn\u00e9ho, jako je V\u00e1clav Klaus. Od  takov\u00e9ho by si ob\u010das nechal poradit ka\u017ed\u00fd rozumn\u00fd \u010dlov\u011bk.&#8220;<\/em><\/p>\n<p><strong>Jestli  bych mohl lapid\u00e1rn\u011b pojmenovat obdob\u00ed pra\u017esk\u00e9ho Hradu v 90. letech a na  po\u010d\u00e1tku t\u0159et\u00edho tis\u00edcilet\u00ed, tak by to byl \u010das ve znamen\u00ed bujar\u00fdch  ve\u010d\u00edrk\u016f a ducha Plastic Peoples, resp. duch pragmatismu, rockerstv\u00ed a  hudebn\u00edch skupin Etal a Folimanka Blues. Lze to takto charakterizovat?<\/strong><\/p>\n<p><em>&#8222;Kdepak,  m\u00e9 kapely s &#8222;duchem Hradu&#8220; nijak nesouvisej\u00ed. J\u00e1 svou pr\u00e1ci a svou  muziku nikdy nem\u00edch\u00e1m. Ka\u017ed\u00e1 role m\u00e1 v \u017eivot\u011b sv\u00e9 m\u00edsto a m\u00e1 tak\u00e9 sv\u00e1  pravidla. M\u00edch\u00e1n\u00ed by po\u0161kodilo ob\u011b. Ale ve v\u0161ech sv\u00fdch rol\u00edch jsem s\u00e1m  sebou.&#8220;<\/em><\/p>\n<p><strong>Tak si p\u0159edstavme, \u017ee je rok 2013 a prezidentem \u010ceska je  Ladislav Jakl; na odpov\u011bdi na m\u00e9 ot\u00e1zky \u010dekaj\u00ed davy voli\u010d\u016f. Jakou byste  cht\u011bl ochranku?<\/strong><\/p>\n<p><em>&#8222;Do toho bych nem\u011bl co mluvit,  ochranky spadaj\u00ed pod vnitro. A mysl\u00edm, navzdory jedn\u00e9 nepoveden\u00e9 akci,  \u017ee svou pr\u00e1ci d\u011blaj\u00ed dob\u0159e. Ani by m\u011b nenapadlo, \u017ee by my\u0161lenka na  ochranku pat\u0159ila mezi m\u00e9 prvn\u00ed ve funkci prezidenta.&#8220;<\/em><\/p>\n<p><strong>Mysl\u00edte si, \u017ee st\u0159elba kuli\u010dkovou pistol\u00ed byl atent\u00e1tem na prezidenta Klause?<\/strong><\/p>\n<p><em>&#8222;Byla  hrozbou, v\u00fdhr\u016f\u017ekou, demostrac\u00ed n\u00e1sil\u00ed, symbolem zabit\u00ed. Ale je\u0161t\u011b hor\u0161\u00ed  je, jak na tento zl\u00fd \u010din rareagovali mnoz\u00ed Klausovi odp\u016frci. Jejich  nen\u00e1vist jde tak daleko, \u017ee je nenapadne, \u017ee tohle se nem\u00e1 d\u011blat ani  protivn\u00edkovi.&#8220;<\/em><\/p>\n<p><strong><img loading=\"lazy\" decoding=\"async\" class=\"alignnone\" style=\"border: 0px none;\" src=\"http:\/\/olser.cz\/wp-content\/uploads\/zeman2-2742011-6003.jpg\" border=\"0\" alt=\"\" width=\"393\" height=\"248\" \/><\/strong><\/p>\n<p><strong><\/strong><strong>Pochybili tedy prezidentovi bodyguardi?<\/strong><\/p>\n<p><em>&#8222;Asi  ano, ale po bitv\u011b je ka\u017ed\u00fd gener\u00e1l. Rozhodn\u011b nech\u00e1pu n\u00e1sledn\u00e9  produc\u00edrov\u00e1n\u00ed se pachatele p\u0159ed kamerami. Asi to s novin\u00e1\u0159i m\u011bl p\u0159edem  domluven\u00e9. To se mu trp\u011bt nem\u011blo.&#8220;<\/em><\/p>\n<p><strong>\u0158ekl jste, \u017ee jedn\u00edm z Va\u0161ich poradc\u016f by byl nyn\u011bj\u0161\u00ed  prezident V\u00e1clav Klaus. V \u010dem by V\u00e1m radil? Zeptal byste se ho t\u0159eba na  vyznamen\u00e1n\u00ed pro bratry Ma\u0161\u00ednovi?<\/strong><\/p>\n<p><em>&#8222;Ne. V tom jsme  zajedno. J\u00e1 ty p\u00e1ny neum\u00edm ani soudit, ani adorovat. Na jejich mo\u017en\u00e9m  ocen\u011bn\u00ed nen\u00ed ani minim\u00e1ln\u00ed spole\u010densk\u00e1 shoda, naopak ta my\u0161leka je  zdrojem ostr\u00e9 polemiky. A st\u00e1tn\u00ed vyznamen\u00e1n\u00ed nen\u00ed ocen\u011bn\u00ed osobn\u00ed, ale  jm\u00e9nem cel\u00e9ho st\u00e1tu.&#8220;<\/em><\/p>\n<p><strong>Kter\u00fdm typ\u016fm osobnost\u00ed byste tedy ud\u011blil st\u00e1tn\u00ed vyznamen\u00e1n\u00ed?<\/strong><\/p>\n<p><em>&#8222;P\u0159edev\u0161\u00edm  r\u016fzn\u00fdm typ\u016fm osobnost\u00ed. Soubor vyznamenan\u00fdch by m\u011bl b\u00fdt pestr\u00fd. Nem\u011bla  by v n\u011bm z\u00e1sadn\u011b p\u0159eva\u017eovat \u017e\u00e1dn\u00e1 profese \u010di jinak definovan\u00e1 skupina. A  proto\u017ee veter\u00e1n\u016f ub\u00fdv\u00e1, hledejme kolem sebe i hrdiny dne\u0161n\u00edch dn\u016f.&#8220;<\/em><\/p>\n<p><strong>Jak byste se projevil v diskutovan\u00e9 ot\u00e1zce ud\u011blov\u00e1n\u00ed prezidentsk\u00fdch milost\u00ed?<\/strong><\/p>\n<p><em>&#8222;Jako  \u010dlov\u011bk, kter\u00fd v\u00ed, \u017ee slitov\u00e1n\u00ed a milosrdenstv\u00ed pat\u0159\u00ed do na\u0161eho sv\u011bta.  Ale kter\u00fd z\u00e1rove\u0148 v\u00ed, \u017ee milost nem\u00e1 b\u00fdt prot\u00e9zou spravedlnosti, metodou  napravov\u00e1n\u00ed rozsudk\u016f. M\u00e1 se p\u0159i nich br\u00e1t z\u0159etel na ty v\u011bci, kter\u00e9 soud  posuzovat neum\u00ed nebo dokonce nesm\u00ed. Na lidskou str\u00e1nku p\u0159\u00edb\u011bhu.&#8220; <\/em><\/p>\n<p><strong>Pan  prezident Klaus byl kritizov\u00e1n, \u017ee neud\u011blil vyznamen\u00e1n\u00ed Radoslavu  Brzobohat\u00e9mu, kdy\u017e je\u0161t\u011b \u017eil; co kdy\u017e by ale po ud\u011blen\u00ed tohoto  vyznamen\u00e1n\u00ed\u00a0byl kritizov\u00e1n\u00a0za roli v mnoha d\u00edlech seri\u00e1lu Majora Zemana?<\/strong><\/p>\n<p><em>&#8222;Herce  cen\u00ed ztoto\u017en\u011bn\u00ed se svou rol\u00ed. Hraje ji. Pan prezident byl u\u017e od jara  rozhodnut panu Brzobohat\u00e9mu vyznamen\u00e1n\u00ed letos d\u00e1t, a to u p\u0159\u00edle\u017eitosti  80. narozenin. T\u011bch se ale pan Brzobohat\u00fd o den nedo\u017eil.&#8220;<\/em><\/p>\n<p><strong>Jste pro potraty?<\/strong><\/p>\n<p><em>&#8222;Ne.  Jsem z\u00e1sadn\u011b proti. Ale nemysl\u00edm, \u017ee by jejich z\u00e1kaz z\u00e1konem n\u011bco  \u0159e\u0161il, proto\u017ee dne\u0161n\u00ed spole\u010dnost by takov\u00fd z\u00e1kon nep\u0159ijala. Sp\u00ed\u0161e jsem  pro omezov\u00e1n\u00ed potrat\u016f postupn\u00fdmi kroky a p\u0159edev\u0161\u00edm z\u00e1sadn\u011b proti  jak\u00fdmkoli krok\u016fm sm\u011brem opa\u010dn\u00fdm.&#8220; <\/em><\/p>\n<p><strong>A co trest smrti&#8230;?<\/strong><\/p>\n<p><em>&#8222;Jsem proti. St\u00e1t nikomu \u017eivot nedal, nem\u00e1 pr\u00e1vo ho br\u00e1t.&#8220;<\/em><\/p>\n<p><strong>Hrad se p\u0159\u00e1tel\u00ed s kardin\u00e1lem Dukou; co z toho vypl\u00fdv\u00e1 pro V\u00e1s jako pro potencion\u00e1ln\u00edho prezidenta v ot\u00e1zce c\u00edrkevn\u00edch restituc\u00ed?<\/strong><\/p>\n<p><em>&#8222;No,  Hrad se p\u0159\u00e1tel\u00ed.. To bych ne\u0159ekl. Ano, pan kardin\u00e1l Duka m\u00e1 mezi  n\u011bkter\u00fdmi prezidentov\u00fdmi spolupracovn\u00edky velk\u00e9 p\u0159\u00edznivce. Z toho ale pro  restituce neplyne v\u016fbec nic. Takov\u00e9to principi\u00e1ln\u00ed v\u011bci p\u0159ece nesm\u011bj\u00ed  podl\u00e9hat n\u011bjak\u00fdm aktu\u00e1ln\u00edm osobn\u00edm vztah\u016fm.&#8220;<\/em><\/p>\n<p><strong>C\u00edrkv\u00edm m\u00e1 b\u00fdt vyd\u00e1n majetek v hodnot\u011b 75 miliard korun,  krom\u011b toho dostanou finan\u010dn\u00ed kompenzaci za majetek, kter\u00fd nen\u00ed mo\u017en\u00e9  vydat, v hodnot\u011b 59 miliard korun. Pat\u0159\u00ed v\u0161echen majetek ur\u010den\u00fd k vyd\u00e1n\u00ed  skute\u010dn\u011b c\u00edrkv\u00edm?<\/strong><\/p>\n<p><em>&#8222;Ano, sou\u010dasn\u00e1 podoba z\u00e1kona  nastoluje mnoho otazn\u00edk\u016f. Je to t\u00edm, \u017ee probl\u00e9m cel\u00e1 l\u00e9ta spal a nyn\u00ed  jde najednou skoro o minuty, co\u017e nech\u00e1pu. V\u00fdsledkem je n\u00edzk\u00e1 m\u00edra  spole\u010densk\u00e9 shody i zbrkl\u00fd postup p\u0159i vzniku z\u00e1kona i p\u0159i vyjedn\u00e1v\u00e1n\u00ed o  jeho p\u0159ijet\u00ed.&#8220; <\/em><\/p>\n<p><strong>Stejn\u00fd vztah m\u00e1 k Hradu i  kontroverzn\u00ed pan B\u00e1tora a jeho DOST &#8211; Ob\u010dansk\u00e1 iniciativa D.O.S.T  (D\u016fv\u011bra, Objektivita, Svoboda, Tradice) Za\u0159adil byste ho ke sv\u00fdm dal\u0161\u00edm  poradc\u016fm?<\/strong><\/p>\n<p><em>&#8222;J\u00e1 nikomu neslibuji m\u00edsta poradc\u016f.  Poradci jsou nav\u00edc analytici, prosuzuj\u00ed p\u00edsemn\u011b p\u0159edlohy, s prezidentem  se nikdy ani nevid\u00ed, nen\u00ed to \u017e\u00e1dn\u00fd krou\u017eek debat\u00e9r\u016f. N\u011bjak nev\u00edm, co  znamen\u00e1 slovo &#8222;kontroverzn\u00ed&#8220;. Je to asi jen takov\u00e1 n\u00e1lepka, jak n\u011bkoho  nen\u00e1padn\u011b shodit ale nic na n\u011bj nem\u00edt.&#8220;<\/em><\/p>\n<p><strong>A co pan Petr H\u00e1jek. Tak\u00e9 souhlas\u00edte, \u017ee podle jeho slov  &#8222;nikdo nikdy nedok\u00e1zal a nedok\u00e1\u017ee, \u017ee je to kou\u0159en\u00ed, kter\u00e9 je tak  \u0161kodliv\u00e9.? Pak sporn\u00e9 n\u00e1zory; Hal\u00edkovo kn\u011b\u017estv\u00ed, konspirace zvan\u00e1 Us\u00e1ma  bin L\u00e1din, nesouhlas s homosexu\u00e1ly, p\u0159\u00edbuznost darwinismu a marxismu&#8230;?<\/strong><\/p>\n<p><em>&#8222;V\u016fbec nev\u00edm, pro\u010d bych se m\u011bl vyjad\u0159ovat k jednotliv\u00fdm n\u00e1zor\u016fm  kohokoliv. Pan H\u00e1jek je velmi inspirativn\u00ed a vzd\u011blan\u00fd \u010dlov\u011bk a ka\u017ed\u00fd i z  t\u011bch n\u00e1zor\u016f, kter\u00e9 jste \u0159ekl, m\u00e1 ve sv\u00e9 nezkarikovan\u00e9 podob\u011b hodn\u011b  racion\u00e1ln\u00ed j\u00e1dro.&#8220;<\/em><\/p>\n<p><strong>Jako prezident byste na st\u016fl dostal jist\u011b i d\u016fchodovou reformu. Podpo\u0159il byste ji?<\/strong><\/p>\n<p><em>&#8222;Ne\u0159\u00edk\u00e1te  jakou. Podpo\u0159il bych takovou, kter\u00e1 by stanovila rovn\u00fd st\u00e1tn\u00ed d\u016fchod ve  v\u00fd\u0161i \u017eivotn\u00edho minima. A konstruovala postupnou citlivou n\u00e1b\u011bhovou  k\u0159ivku k tomuto ide\u00e1ln\u00edmu stavu. Jen\u017ee takov\u00e1 nen\u00ed na obzoru. My\u0161lenku  tzv. II. pil\u00ed\u0159e od z\u00e1kladu odm\u00edt\u00e1m.&#8220;<\/em><\/p>\n<p><strong>David \u010cern\u00fd  jednou \u0159ekl v souvislosti s jeho Entropou a bulharsk\u00fdmi z\u00e1chody, \u017ee ty  nejsou nic proti tomu hajzlovi, co sed\u00ed na Hrad\u011b. Kdyby tak zareagoval i  na Va\u0161e hradn\u00ed m\u00edsto, co byste mu vzk\u00e1zal&#8230;?<\/strong><\/p>\n<p><em>&#8222;V\u00edte, co si o tom p\u00e1novi mysl\u00edm? V\u016fbec nic&#8230;&#8220;<\/em><\/p>\n<p><strong>M\u00e1te stejn\u00fd vztah k Davidu \u010cern\u00e9mu\u00a0jako k Viewegovi za jeho  rom\u00e1n Mr\u00e1z p\u0159ich\u00e1z\u00ed z Hradu? Nemusel jste je\u0161t\u011b rom\u00e1n \u010d\u00edst, ale podle  \u00faryvk\u016f v m\u00e9di\u00edch se v n\u011bm p\u00ed\u0161e o tom, \u017ee V\u00e1clav Klaus m\u00e1 milence&#8230;<\/strong><\/p>\n<p><em>&#8222;Ti  p\u00e1nov\u00e9 m\u011b nezaj\u00edmaj\u00ed. Jedin\u00e9, co je na v\u011bci zaj\u00edmav\u00e9, je ot\u00e1zka, jestli  je to s na\u0161\u00ed spole\u010dnost\u00ed opravdu tak \u0161patn\u00e9, kdy\u017e sprostota je nejlep\u0161\u00ed  reklamou.&#8220;<\/em><\/p>\n<p><strong>V\u00e1\u0161 vztah k EU a Lisabonsk\u00e9 smlouv\u011b?<\/strong><\/p>\n<p><em>&#8222;Vztah  k EU p\u0159ece nen\u00ed na jednu ot\u00e1zku, to je na knihu, na mnoho knih. Jist\u011b\u017ee  jsem kritikem dosavadn\u00edho nedemokratick\u00e9ho sm\u011b\u0159ov\u00e1n\u00ed evropsk\u00e9  integrace. A Lisabonsk\u00e1 smlouva byla jedn\u00edm z miln\u00edk\u016f na t\u00e9to neblah\u00e9  cest\u011b.&#8220;<\/em><\/p>\n<p><strong>Jak dlouho vydr\u017e\u00ed euroz\u00f3na?<\/strong><\/p>\n<p><em>&#8222;Tak tohle  h\u00e1dat nebudu. Ale ur\u010dit\u011b mnohem d\u00e9le, ne\u017e bude opr\u00e1vn\u011bn\u00e9, a to i za cenu  ohromnn\u00fdch ztr\u00e1t. Je to toti\u017e v\u011bc presti\u017ee bruselsk\u00fdch elit. Tak ji za  na\u0161e pen\u00edze budou dr\u017eet i tehdy, kdy bude v\u0161em jasn\u00e9, \u017ee to je  ekonomick\u00fd nesmysl.&#8220;<\/em><\/p>\n<p><strong>M\u011bla ned\u00e1vn\u00e1 prohibice v\u016fbec n\u011bjak\u00fd smysl<\/strong>?<\/p>\n<p><em>&#8222;Podle m\u00e9ho p\u0159esv\u011bd\u010den\u00ed byla jen na \u0161kodu.&#8220;<\/em><\/p>\n<p><strong>Jak byste si p\u0159edstavoval prezidentsk\u00e9 pravomoce&#8230;?<\/strong><\/p>\n<p><em>&#8222;Nemysl\u00edm,  \u017ee je po\u0159eba je z\u00e1sadn\u011b m\u011bnit. Ale o\u010dek\u00e1vam, \u017ee jak\u00fdkoli p\u0159\u00edmo volen\u00fd  prezident je bude vyu\u017e\u00edvat d\u016fsledn\u011bji a razantn\u011bji, ne\u017e bylo zvykem u  dosavadn\u00edch prezident\u016f&#8230;&#8220;<\/em><\/p>\n<p><strong>Kdy jste naposled koncertoval jako zp\u011bv\u00e1k?<\/strong><\/p>\n<p><em>&#8222;P\u0159ed t\u0159emi t\u00fddny. A \u010dek\u00e1 m\u011b to z\u00edtra.&#8220;<\/em><\/p>\n<p><strong>Na kter\u00fd n\u00e1stroj hrajete?<\/strong><\/p>\n<p><em>&#8222;Na kytaru.&#8220;<\/em><\/p>\n<p><strong>Jste vlastenec, kdy\u017e o sob\u011b prohla\u0161ujete, \u017ee jste teoretick\u00fd i praktiock\u00fd znalec \u010desk\u00e9ho piva&#8230;?<\/strong><\/p>\n<p>&#8222;M\u00e1  l\u00e1ska k pivu nem\u00e1 s vlastenectv\u00edm nic spole\u010dn\u00e9ho. U\u017e proto, \u017ee jsem v  \u017eivot\u011b o sob\u011b neprohla\u0161oval, \u017ee jsem znalec \u010desk\u00e9ho piva. Naopak,  zaj\u00edm\u00e1m se daleko v\u00edce o piva, kter\u00e1 jsou u n\u00e1s skoro nezn\u00e1m\u00e1. Nav\u0161\u00edvil  jsem mnoho pivovar\u016f a pivn\u00edch festival\u016f v zahrani\u010d\u00ed a dob\u0159e v\u00edm, \u017ee u  n\u00e1s zn\u00e1me z pivn\u00edho sv\u011bta jen velmi malou \u010d\u00e1ste\u010dku.&#8220;<\/p>\n<p><a href=\"http:\/\/olser.blog.idnes.cz\/c\/292037\/Reci-s-Ladislavem-Jaklem-Mne-Klaus-podepsal-petici-Zemanovi-ne.html\" target=\"_blank\">Zdroj<\/a><\/p>\n","protected":false},"excerpt":{"rendered":"<p>Pra\u017esk\u00e1 premi\u00e9ra hry Poh\u0159b\u00edv\u00e1n\u00ed (jen n\u00e1hoda s Odch\u00e1zen\u00edm?) brn\u011bnsk\u00e9ho divadeln\u00edho souboru Feste\u00a0je parodi\u00ed televizn\u00edho p\u0159enosu z fiktivn\u00edho poh\u0159bu prezidenta Klause. Ladislav Jakl na sv\u00e9m webu pozv\u00e1n\u00ed u\u017e p\u0159edem odm\u00edtl s t\u00edm, \u017ee si po\u010dk\u00e1 na &#8222;komedii o poh\u0159b\u00edv\u00e1n\u00ed Karla Schwarzenberga&#8220;.<\/p>\n","protected":false},"author":1,"featured_media":0,"comment_status":"open","ping_status":"open","sticky":false,"template":"","format":"standard","meta":{"ngg_post_thumbnail":0,"footnotes":""},"categories":[17,13],"tags":[],"class_list":["post-2833","post","type-post","status-publish","format-standard","hentry","category-jakl-president","category-rozhovory"],"_links":{"self":[{"href":"https:\/\/www.ladislavjakl.cz\/index.php?rest_route=\/wp\/v2\/posts\/2833","targetHints":{"allow":["GET"]}}],"collection":[{"href":"https:\/\/www.ladislavjakl.cz\/index.php?rest_route=\/wp\/v2\/posts"}],"about":[{"href":"https:\/\/www.ladislavjakl.cz\/index.php?rest_route=\/wp\/v2\/types\/post"}],"author":[{"embeddable":true,"href":"https:\/\/www.ladislavjakl.cz\/index.php?rest_route=\/wp\/v2\/users\/1"}],"replies":[{"embeddable":true,"href":"https:\/\/www.ladislavjakl.cz\/index.php?rest_route=%2Fwp%2Fv2%2Fcomments&post=2833"}],"version-history":[{"count":4,"href":"https:\/\/www.ladislavjakl.cz\/index.php?rest_route=\/wp\/v2\/posts\/2833\/revisions"}],"predecessor-version":[{"id":2837,"href":"https:\/\/www.ladislavjakl.cz\/index.php?rest_route=\/wp\/v2\/posts\/2833\/revisions\/2837"}],"wp:attachment":[{"href":"https:\/\/www.ladislavjakl.cz\/index.php?rest_route=%2Fwp%2Fv2%2Fmedia&parent=2833"}],"wp:term":[{"taxonomy":"category","embeddable":true,"href":"https:\/\/www.ladislavjakl.cz\/index.php?rest_route=%2Fwp%2Fv2%2Fcategories&post=2833"},{"taxonomy":"post_tag","embeddable":true,"href":"https:\/\/www.ladislavjakl.cz\/index.php?rest_route=%2Fwp%2Fv2%2Ftags&post=2833"}],"curies":[{"name":"wp","href":"https:\/\/api.w.org\/{rel}","templated":true}]}}