{"id":2838,"date":"2012-10-11T13:04:10","date_gmt":"2012-10-11T11:04:10","guid":{"rendered":"http:\/\/www.ladislavjakl.cz\/?p=2838"},"modified":"2012-10-11T13:04:10","modified_gmt":"2012-10-11T11:04:10","slug":"kraje-bych-zrusil-ladislav-jakl-pro-ostrava-on-line","status":"publish","type":"post","link":"https:\/\/www.ladislavjakl.cz\/?p=2838","title":{"rendered":"Kraje bych zru\u0161il Ladislav Jakl pro Ostrava-on-line"},"content":{"rendered":"<p><strong>Pane Jakle, za p\u00e1r hodin jsou zde volby do krajsk\u00fdch zastupitelstev, a proto bych se V\u00e1s r\u00e1d zeptal, jak\u00fd je v\u00e1\u0161 n\u00e1zor na z\u0159\u00edzen\u00ed kraj\u016f, jejich agendu, jej\u00ed pln\u011bn\u00ed, v\u016fbec na jejich fungov\u00e1n\u00ed a jejich prosp\u011b\u0161nost, \u010di neprosp\u011b\u0161nost. Jednodu\u0161e, jestli je tato instituce tak, jak ji zn\u00e1me, v\u016fbec k\u00a0n\u011b\u010demu dobr\u00e1.<\/strong><\/p>\n<p><!--more-->Kraje nikdy nem\u011bly vzniknout. Byla to nejv\u011bt\u0161\u00ed politick\u00e1 prohra cel\u00fdch devades\u00e1t\u00fdch let. Prosadili ji ti, co si mysleli, \u017ee demokracii lze obej\u00edt shora nebo zdola. Na mezin\u00e1rodn\u00ed nebo region\u00e1ln\u00ed \u00farovni. Kraje se za dobu fungov\u00e1n\u00ed usadily a mysl\u00edm, \u017ee v\u00a0r\u00e1mci mo\u017enost\u00ed funguj\u00ed jak\u017etak\u017e dob\u0159e. Nechci hodnotit jejich aktu\u00e1ln\u00ed pr\u00e1ci ale samu my\u0161lenku jejich vzniku. Copak existuj\u00ed ve\u0159ejn\u00e9 statky na \u00farovni kraj\u016f? A kter\u00e9 to jsou? Nikdo nev\u00ed. Tak se dodate\u010dn\u011b vym\u00fd\u0161l\u00ed agenda a kompetence velmi um\u011bl\u00e9ho \u00fatvaru. Co bychom tam vrazili: \u010d\u00e1st silnic, st\u0159edn\u00ed \u0161koly (copak je st\u0159edn\u00ed \u0161kolstv\u00ed d\u00e1no z\u00e1kony vyhla\u0161ovan\u00fdmi kraji, v\u010detn\u011b maturit?), n\u011bkter\u00e9 nemocnice (copak kraje ur\u010duj\u00ed zdravotnickou politiku?) a dal\u0161\u00ed jaksi zbytkov\u00e9 agendy.\u00a0 Vznik kraj\u016f souvis\u00ed i s\u00a0tlakem Bruselu na likvidaci demokraci\u00ed. Chce zni\u010dit parlamentn\u00ed st\u00e1ty a ud\u011blat z\u00a0Evropy zm\u011b\u0165 ovl\u00e1dan\u00fdch region\u016f. Proto tak\u00e9 d\u00e1v\u00e1 pen\u00edze (kter\u00e9 vybere od na\u0161ich poplatn\u00edk\u016f) p\u0159\u00edmo kraj\u016fm, kde ale jejich rozd\u011blov\u00e1n\u00ed nem\u00e1 \u017e\u00e1dnou standardn\u00ed ve\u0159ejnou kontrolu. N\u011bkter\u00e9 kraje nemaj\u00ed logiku ani sv\u00fdm \u00fazem\u00edm, sp\u00e1dovost\u00ed, homogenitou, sebeidentifikac\u00ed ob\u010dan\u016f k\u00a0nim. Nikdy nem\u011bly vzniknout, ale kdy\u017e u\u017e jsou, a\u0165 si nehraj\u00ed na kn\u00ed\u017eectv\u00ed.<\/p>\n<p><strong>V\u00edm, \u017ee komentovat volebn\u00ed hesla lid\u00ed do v\u00fd\u0161e zm\u00edn\u011bn\u00e9 instituce je vcelku zbyte\u010dn\u00e9, ale p\u0159esto mi to ned\u00e1 se V\u00e1s na jednu v\u011bc nezeptat. Co si mysl\u00edte o kandid\u00e1tech, kte\u0159\u00ed u\u017e\u00edvaj\u00ed naprosto \u201eprova\u0159en\u00e1\u201c kli\u0161\u00e9 typu \u2013 zjednodu\u0161\u00edme podnik\u00e1n\u00ed, zv\u00fd\u0161\u00edme zam\u011bstnanost, vzduch bude d\u00fdchateln\u011bj\u0161\u00ed, nebo nep\u0159izp\u016fsobiv\u00ed ji\u017e nebudou nep\u0159izp\u016fsobiv\u00fdmi? Zkr\u00e1tka a jednodu\u0161e, kdy\u017e mne zvol\u00edte, tak od z\u00edt\u0159ka bude v\u0161eobj\u00edmaj\u00edc\u00ed pohoda.<\/strong><\/p>\n<p>Mysl\u00ed si asi, \u017ee st\u00e1t je od toho, aby dostrkal lidem dobra a\u017e pod nos. Ale st\u00e1t \u010di jak\u00e1koli ve\u0159ejn\u00e1 instituce um\u00ed pou\u017e\u00edvat pouze n\u00e1sil\u00ed. N\u00e1sil\u00edm vybran\u00e9 pen\u00edze a n\u00e1sil\u00edm vnucovan\u00e1 pravidla. Ale to sm\u00ed p\u0159ece pou\u017e\u00edt jen pro v\u011bci, kde to nejde jinak. Jen\u017ee politici maj\u00ed pocit, \u017ee tyto metody jsou prost\u011b po ruce, a tak je u\u017e\u00edvaj\u00ed i na v\u011bci, u kter\u00fdch by to m\u011blo b\u00fdt zak\u00e1z\u00e1no.<\/p>\n<p><strong>Kdyby to bylo ve Va\u0161ich mo\u017enostech, zru\u0161il byste kraje jako takov\u00e9, nebo byste pos\u00edlil jejich pravomoci, a pro\u010d?<\/strong><\/p>\n<p>Zru\u0161il.<\/p>\n<p><strong>Nemysl\u00edm si, \u017ee by p\u0159i st\u00e1vaj\u00edc\u00ed politick\u00e9 konstelaci byla my\u0161lenka na zru\u0161en\u00ed kraj\u016f zat\u00edm pr\u016fchoz\u00ed, kdyby v\u0161ak k\u00a0t\u00e9to situaci p\u0159eci jen do\u0161lo, jak\u00e9 by podle V\u00e1s st\u00e1vaj\u00edc\u00ed politick\u00e9 strany u\u017eily argumenty pro jejich zachov\u00e1n\u00ed?<\/strong><\/p>\n<p>Pr\u00fd samospr\u00e1vn\u00fd moment a bl\u00edzkost lidem. Copak je ale kraj bl\u00edzko lidem? A kter\u00fdm? M\u011bli jsme funguj\u00edc\u00ed okresn\u00ed \u00fa\u0159ady. Ty jsme rozbili a m\u00edsto nich m\u00e1me nep\u0159ehlednou s\u00ed\u0165 st\u00e1tn\u00ed spr\u00e1vy, kterou ob\u010dan\u00e9 dodnes nep\u0159ijali.<\/p>\n<p><strong>Jak\u00e9 z\u00a0tohoto \u201erozparcelov\u00e1n\u00ed\u201c na\u0161\u00ed zem\u011b podle V\u00e1s plynou v\u00fdhody politik\u016fm a politick\u00fdm stran\u00e1m, kter\u00e9 jsou za n\u011b zodpov\u011bdn\u00e9, a nejsou lidem, voli\u010d\u016fm, na prvn\u00ed pohled patrn\u00e9?<\/strong><\/p>\n<p>Na krajsk\u00e9 \u00farovn\u00ed jsou v\u0161ichni tak trochu jedna rodina. Jeden druh\u00e9ho kryje, m\u00edsto aby ho kontroloval.<\/p>\n<p><strong>Co \u0159\u00edk\u00e1te na krajskou p\u0159edvolebn\u00ed show \u010cT s\u00a0V\u00e1clavem Moravcem v\u00a0hlavn\u00ed roli? Jde mi o to celou tuto akci zhodnotit jak\u00fdmsi gener\u00e1ln\u00edm \u201e\u00fahrnem\u201c. Rozpitv\u00e1vat jednotlivosti asi nem\u00e1 valn\u00fd v\u00fdznam a nedovolil bych si V\u00e1s t\u00edm zat\u011b\u017eovat.<\/strong><\/p>\n<p>Nejsem masochista, nevid\u011bl jsem ani jeden d\u00edl. Ale soud\u011b podle podobn\u00fdch po\u0159ad\u016f p\u0159ed parlamentn\u00edmi volbami, ur\u010dit\u011b se v\u011bnuj\u00ed nesmysln\u00fdm detail\u016fm technokratick\u00e9ho spravov\u00e1n\u00ed kraje a ne z\u00e1sadn\u00edm politick\u00fdm v\u011bcem. Tak to podle \u010cT m\u00e1 b\u00fdt, pry\u010d s\u00a0politikou, ta u\u017e se bude d\u011blat jen v\u00a0Bruselu.<\/p>\n","protected":false},"excerpt":{"rendered":"<p>Pane Jakle, za p\u00e1r hodin jsou zde volby do krajsk\u00fdch zastupitelstev, a proto bych se V\u00e1s r\u00e1d zeptal, jak\u00fd je v\u00e1\u0161 n\u00e1zor na z\u0159\u00edzen\u00ed kraj\u016f, jejich agendu, jej\u00ed pln\u011bn\u00ed, v\u016fbec na jejich fungov\u00e1n\u00ed a jejich prosp\u011b\u0161nost, \u010di neprosp\u011b\u0161nost. Jednodu\u0161e, jestli je tato instituce tak, jak ji zn\u00e1me, v\u016fbec k\u00a0n\u011b\u010demu dobr\u00e1.<\/p>\n","protected":false},"author":1,"featured_media":0,"comment_status":"open","ping_status":"open","sticky":false,"template":"","format":"standard","meta":{"ngg_post_thumbnail":0,"footnotes":""},"categories":[13],"tags":[],"class_list":["post-2838","post","type-post","status-publish","format-standard","hentry","category-rozhovory"],"_links":{"self":[{"href":"https:\/\/www.ladislavjakl.cz\/index.php?rest_route=\/wp\/v2\/posts\/2838","targetHints":{"allow":["GET"]}}],"collection":[{"href":"https:\/\/www.ladislavjakl.cz\/index.php?rest_route=\/wp\/v2\/posts"}],"about":[{"href":"https:\/\/www.ladislavjakl.cz\/index.php?rest_route=\/wp\/v2\/types\/post"}],"author":[{"embeddable":true,"href":"https:\/\/www.ladislavjakl.cz\/index.php?rest_route=\/wp\/v2\/users\/1"}],"replies":[{"embeddable":true,"href":"https:\/\/www.ladislavjakl.cz\/index.php?rest_route=%2Fwp%2Fv2%2Fcomments&post=2838"}],"version-history":[{"count":2,"href":"https:\/\/www.ladislavjakl.cz\/index.php?rest_route=\/wp\/v2\/posts\/2838\/revisions"}],"predecessor-version":[{"id":2840,"href":"https:\/\/www.ladislavjakl.cz\/index.php?rest_route=\/wp\/v2\/posts\/2838\/revisions\/2840"}],"wp:attachment":[{"href":"https:\/\/www.ladislavjakl.cz\/index.php?rest_route=%2Fwp%2Fv2%2Fmedia&parent=2838"}],"wp:term":[{"taxonomy":"category","embeddable":true,"href":"https:\/\/www.ladislavjakl.cz\/index.php?rest_route=%2Fwp%2Fv2%2Fcategories&post=2838"},{"taxonomy":"post_tag","embeddable":true,"href":"https:\/\/www.ladislavjakl.cz\/index.php?rest_route=%2Fwp%2Fv2%2Ftags&post=2838"}],"curies":[{"name":"wp","href":"https:\/\/api.w.org\/{rel}","templated":true}]}}