{"id":2841,"date":"2012-10-11T13:06:10","date_gmt":"2012-10-11T11:06:10","guid":{"rendered":"http:\/\/www.ladislavjakl.cz\/?p=2841"},"modified":"2012-10-11T13:06:10","modified_gmt":"2012-10-11T11:06:10","slug":"jakl-rika-dost-podporuje-karase-a-karas-jakla","status":"publish","type":"post","link":"https:\/\/www.ladislavjakl.cz\/?p=2841","title":{"rendered":"Jakl \u0159\u00edk\u00e1 DOST. Podporuje Karase. A Karas Jakla"},"content":{"rendered":"<div>Uchaze\u010di  o post prezidenta Ladislav Jakl a Ji\u0159\u00ed Karas uzav\u0159eli spole\u010dnou dohodu o  vz\u00e1jemn\u00e9 podpo\u0159e a p\u0159ipravenosti ke spolupr\u00e1ci.<\/div>\n<div style=\"margin-top: 15px;\"><!--more--><strong><span style=\"font-size: x-small;\"><\/span><\/strong><\/div>\n<p>Kdy\u017e se Ladislav  Jakl p\u0159ed \u010dasem p\u0159edstavoval \u010dlen\u016fm a sympatizant\u016fm Svobodn\u00fdch a uch\u00e1zel  se o jejich podporu pro svou prezidentskou kampa\u0148, mnoh\u00e9 z\u0159ejm\u011b  p\u0159ekvapil sv\u00fdm v\u00fdrokem, \u017ee kdyby nekandidoval on, nejsp\u00ed\u0161e by na Hrad  podpo\u0159il b\u00fdval\u00e9ho lidoveck\u00e9ho politika Ji\u0159\u00edho Karase.<\/p>\n<p>Jaklovi jsou toti\u017e sympatick\u00e9 jeho konzervativn\u00ed n\u00e1zory a obrana tradi\u010dn\u00edch hodnot.<\/p>\n<p>Svobodn\u00ed  jsou sice euroskeptici, ale jinak jim konzervatismus zase a\u017e tak moc  ne\u0159\u00edk\u00e1. Za tohle Jaklovi nezatleskali, i kdy\u017e nakonec jeho kandidaturu  podpo\u0159ilo a\u017e 90 procent \u010dlensk\u00e9 z\u00e1kladny Svobodn\u00fdch.<\/p>\n<p>Jakl ale sv\u00e9  sympatie ke Karasovi mysl\u00ed v\u00e1\u017en\u011b. P\u0159ed n\u011bkolika dny dokonce oba  uchaze\u010di podepsali &#8222;deklaraci vz\u00e1jemn\u00e9 podpory&#8220; a prezentovali ji na  str\u00e1nk\u00e1ch Akce D.O.S.T.<\/p>\n<p>&#8222;V\u00fdznam \u00fa\u0159adu prezidenta republiky  v\u00a0sou\u010dasn\u00e9 dob\u011b vzr\u016fst\u00e1. Prezident nen\u00ed \u00b4jen\u00b4 vrcholn\u00fdm representantem  na\u0161\u00ed st\u00e1tnosti, ale tv\u00e1\u0159\u00ed v\u00a0tv\u00e1\u0159 nebezpe\u010dn\u00fdm tendenc\u00edm a hlas\u016fm  volaj\u00edc\u00edm po alternativ\u00e1ch v\u016f\u010di platn\u00e9mu spole\u010densk\u00e9mu a mravn\u00edmu \u0159\u00e1du,  mus\u00ed tak\u00e9 st\u00e1le v\u00edce plnit roli garanta ob\u010dansk\u00fdch svobod a obr\u00e1nce  duchovn\u00edch a kulturn\u00edch hodnot, na nich\u017e je na\u0161e st\u00e1tn\u00ed i n\u00e1rodn\u00ed  existence vystav\u011bna. T\u00edm v\u011bt\u0161\u00ed odpov\u011bdnost by m\u011bl c\u00edtit ka\u017ed\u00fd, kdo se o  prezidentsk\u00fd \u00fa\u0159ad uch\u00e1z\u00ed,&#8220; p\u00ed\u0161e ve spole\u010dn\u00e9m prohl\u00e1\u0161en\u00ed Jakl s Karasem.<\/p>\n<p>V\u011bdom\u00ed t\u00e9to odpov\u011bdnosti je pr\u00fd vede k\u00a0neobvykl\u00e9mu spole\u010dn\u00e9mu kroku.<\/p>\n<p>&#8222;Na  z\u00e1klad\u011b skute\u010dnosti, \u017ee se na\u0161e programov\u00e9 priority p\u0159irozen\u011b dopl\u0148uj\u00ed a  vych\u00e1zej\u00ed ze shodn\u00e9ho hodnotov\u00e9ho r\u00e1mce, ve\u0159ejn\u011b deklarujeme vz\u00e1jemn\u00fd  respekt, podporu a p\u0159ipravenost ke spolupr\u00e1ci.\u00a0 O tot\u00e9\u017e tak\u00e9 ka\u017ed\u00fd z\u00a0n\u00e1s  pros\u00ed sv\u00e9 p\u0159\u00edznivce a vyz\u00fdv\u00e1 je, aby p\u0159i sb\u011bru podpis\u016f, jimi\u017e je \u00fa\u010dast  v\u00a0prezidentsk\u00fdch volb\u00e1ch podm\u00edn\u011bna, podpo\u0159ili rovn\u011b\u017e druh\u00e9ho kandid\u00e1ta,&#8220;  stoj\u00ed v deklaraci.<\/p>\n<p>Podpo\u0159it sv\u00fdm podpisem v\u00edce kandid\u00e1t\u016f je  toti\u017e ze z\u00e1kona mo\u017en\u00e9, Karas a Jakl proto apeluj\u00ed na sv\u00e9 p\u0159\u00edznivce, aby  t\u00e9to mo\u017enosti vyu\u017eili. V prezidentsk\u00e9 kampani by tak mohl zazn\u00edt &#8222;tolik  pot\u0159ebn\u00fd hlas tradi\u010dn\u00edch hodnot, svobody a zdrav\u00e9ho rozumu.&#8220;<\/p>\n<p>Po  po\u010d\u00e1te\u010dn\u00ed aktivit\u011b Svobodn\u00fdch, kte\u0159\u00ed si Jakla jako &#8222;sv\u00e9ho&#8220;  prezidentsk\u00e9ho kandid\u00e1ta tak trochu p\u0159ivlastnili, to nyn\u00ed vypad\u00e1, jakoby  \u0161tafetu podpory Jakla p\u0159evzal konzervativn\u011b zam\u011b\u0159en\u00fd DOST.<\/p>\n<p>Sb\u00edr\u00e1  pro n\u011bj podpisy, vyd\u00e1v\u00e1 s n\u00edm spole\u010dn\u00e1 prohl\u00e1\u0161en\u00ed, organizuje ve\u0159ejn\u00e1  setk\u00e1n\u00ed s ob\u010dany. Ned\u00e1vno DOST s Jaklem p\u0159edstavili spole\u010dn\u00fd reklamn\u00ed  banner, kde prezidentsk\u00fd tajemn\u00edk po &#8222;dos\u0165\u00e1cku&#8220; bouchl do stolu a \u0159ekl  \u00b4DOST\u00b4.<\/p>\n<p>Jakl t\u00edm z\u0159ejm\u011b vzkazuje, \u017ee obran\u011b tradi\u010dn\u00edch a  konzervativn\u00edch hodnot p\u0159isuzuje minim\u00e1ln\u011b stejnou d\u016fle\u017eitost jako  my\u0161lenk\u00e1m obrany svobody, kter\u00e9 zase zd\u016fraz\u0148uj\u00ed Svobodn\u00ed.<\/p>\n<p><a href=\"http:\/\/www.prvnizpravy.cz\/zpravy\/z-domova\/jakl-rika-dost--podporuje-karase--a-karas-jakla\/\" target=\"_blank\">Zdroj<\/a><\/p>\n","protected":false},"excerpt":{"rendered":"<p>Uchaze\u010di o post prezidenta Ladislav Jakl a Ji\u0159\u00ed Karas uzav\u0159eli spole\u010dnou dohodu o vz\u00e1jemn\u00e9 podpo\u0159e a p\u0159ipravenosti ke spolupr\u00e1ci.<\/p>\n","protected":false},"author":1,"featured_media":0,"comment_status":"open","ping_status":"open","sticky":false,"template":"","format":"standard","meta":{"ngg_post_thumbnail":0,"footnotes":""},"categories":[17,11],"tags":[],"class_list":["post-2841","post","type-post","status-publish","format-standard","hentry","category-jakl-president","category-ozvena"],"_links":{"self":[{"href":"https:\/\/www.ladislavjakl.cz\/index.php?rest_route=\/wp\/v2\/posts\/2841","targetHints":{"allow":["GET"]}}],"collection":[{"href":"https:\/\/www.ladislavjakl.cz\/index.php?rest_route=\/wp\/v2\/posts"}],"about":[{"href":"https:\/\/www.ladislavjakl.cz\/index.php?rest_route=\/wp\/v2\/types\/post"}],"author":[{"embeddable":true,"href":"https:\/\/www.ladislavjakl.cz\/index.php?rest_route=\/wp\/v2\/users\/1"}],"replies":[{"embeddable":true,"href":"https:\/\/www.ladislavjakl.cz\/index.php?rest_route=%2Fwp%2Fv2%2Fcomments&post=2841"}],"version-history":[{"count":1,"href":"https:\/\/www.ladislavjakl.cz\/index.php?rest_route=\/wp\/v2\/posts\/2841\/revisions"}],"predecessor-version":[{"id":2842,"href":"https:\/\/www.ladislavjakl.cz\/index.php?rest_route=\/wp\/v2\/posts\/2841\/revisions\/2842"}],"wp:attachment":[{"href":"https:\/\/www.ladislavjakl.cz\/index.php?rest_route=%2Fwp%2Fv2%2Fmedia&parent=2841"}],"wp:term":[{"taxonomy":"category","embeddable":true,"href":"https:\/\/www.ladislavjakl.cz\/index.php?rest_route=%2Fwp%2Fv2%2Fcategories&post=2841"},{"taxonomy":"post_tag","embeddable":true,"href":"https:\/\/www.ladislavjakl.cz\/index.php?rest_route=%2Fwp%2Fv2%2Ftags&post=2841"}],"curies":[{"name":"wp","href":"https:\/\/api.w.org\/{rel}","templated":true}]}}