{"id":2847,"date":"2012-10-15T13:26:57","date_gmt":"2012-10-15T11:26:57","guid":{"rendered":"http:\/\/www.ladislavjakl.cz\/?p=2847"},"modified":"2012-10-15T13:26:57","modified_gmt":"2012-10-15T11:26:57","slug":"prezidentsky-kandidat-se-vysmal-krajskym-volbam-a-znectil-moravce","status":"publish","type":"post","link":"https:\/\/www.ladislavjakl.cz\/?p=2847","title":{"rendered":"Prezidentsk\u00fd kandid\u00e1t se vysm\u00e1l krajsk\u00fdm volb\u00e1m a znectil Moravce"},"content":{"rendered":"<p>Krajsk\u00e9 volby jsou za dve\u0159mi, a prezidentsk\u00fd kandid\u00e1t Strany svobodn\u00fdch  ob\u010dan\u016f Ladislav Jakl nech\u00e1pe, pro\u010d ty kraje vlastn\u011b m\u00e1me. I kdy\u017e na  druhou stranu je to podle n\u011bj jedno, proto\u017ee na kraj\u00edch se podle n\u011bj  stejn\u011b politika d\u011blat nebude- ta u\u017e se pr\u00fd sm\u00ed d\u011blat jen v Bruselu.<\/p>\n<p><!--more--><\/p>\n<p>\u201eKraje nikdy nem\u011bly vzniknout. Byla to nejv\u011bt\u0161\u00ed politick\u00e1 prohra cel\u00fdch  devades\u00e1t\u00fdch let,\u201c mysl\u00ed si dnes tajemn\u00edk a mo\u017en\u00fd n\u00e1stupce prezidenta  V\u00e1clava Klause. Podle n\u011bj neexistuje \u017e\u00e1dn\u00e1 agenda, kter\u00e1 by na kraje  logicky vych\u00e1zela, a tak se slo\u017eit\u011b vym\u00fd\u0161l\u00ed, co vlastn\u011b maj\u00ed ty kraje  d\u011blat, abychom tento \u00fa\u0159ad v\u016fbec n\u011bjak smyslupln\u011b naplnili. \u201eVznik kraj\u016f  souvis\u00ed i s\u00a0tlakem Bruselu na likvidaci demokraci\u00ed. Chce zni\u010dit  parlamentn\u00ed st\u00e1ty a ud\u011blat z\u00a0Evropy zm\u011b\u0165 ovl\u00e1dan\u00fdch region\u016f,\u201c odhaluje  na serveru ostrava-online.cz.<\/p>\n<p>Prezidentsk\u00fd kandid\u00e1t byl posl\u00e9ze tak\u00e9 dot\u00e1z\u00e1n, co \u0159\u00edk\u00e1 p\u0159edvolebn\u00ed  tour V\u00e1clava Moravce s\u00a0kandid\u00e1ty na hejtmany. \u201eNejsem masochista,  nevid\u011bl jsem ani jeden d\u00edl,\u201c p\u0159izn\u00e1v\u00e1. Neo\u010dek\u00e1v\u00e1 v\u0161ak, \u017ee by se v\u00a0nich  \u0159e\u0161ilo n\u011bco z\u00e1sadn\u00edho.<\/p>\n<p>\u201eSoud\u011b podle podobn\u00fdch po\u0159ad\u016f p\u0159ed parlamentn\u00edmi volbami, ur\u010dit\u011b se  v\u011bnuj\u00ed nesmysln\u00fdm detail\u016fm technokratick\u00e9ho spravov\u00e1n\u00ed kraje a ne  z\u00e1sadn\u00edm politick\u00fdm v\u011bcem,\u201c odhaduje prezidentsk\u00fd adept. To je podle n\u011bj  p\u0159\u00edstup \u010cesk\u00e9 televize, kter\u00e1 se sna\u017e\u00ed b\u00fdt co nejd\u00e1l od politiky. \u201eTa  u\u017e se bude d\u011blat jen v\u00a0Bruselu,\u201c ob\u00e1v\u00e1 se Jakl.<\/p>\n<p><a href=\"http:\/\/www.parlamentnilisty.cz\/rss\/zpravy\/Prezidentsky-kandidat-se-vysmal-krajskym-volbam-a-znectil-Moravce-249536\" target=\"_blank\">Zdroj<\/a><\/p>\n","protected":false},"excerpt":{"rendered":"<p>Krajsk\u00e9 volby jsou za dve\u0159mi, a prezidentsk\u00fd kandid\u00e1t Strany svobodn\u00fdch ob\u010dan\u016f Ladislav Jakl nech\u00e1pe, pro\u010d ty kraje vlastn\u011b m\u00e1me. I kdy\u017e na druhou stranu je to podle n\u011bj jedno, proto\u017ee na kraj\u00edch se podle n\u011bj stejn\u011b politika d\u011blat nebude- ta u\u017e se pr\u00fd sm\u00ed d\u011blat jen v Bruselu.<\/p>\n","protected":false},"author":1,"featured_media":0,"comment_status":"open","ping_status":"open","sticky":false,"template":"","format":"standard","meta":{"ngg_post_thumbnail":0,"footnotes":""},"categories":[17,11],"tags":[],"class_list":["post-2847","post","type-post","status-publish","format-standard","hentry","category-jakl-president","category-ozvena"],"_links":{"self":[{"href":"https:\/\/www.ladislavjakl.cz\/index.php?rest_route=\/wp\/v2\/posts\/2847","targetHints":{"allow":["GET"]}}],"collection":[{"href":"https:\/\/www.ladislavjakl.cz\/index.php?rest_route=\/wp\/v2\/posts"}],"about":[{"href":"https:\/\/www.ladislavjakl.cz\/index.php?rest_route=\/wp\/v2\/types\/post"}],"author":[{"embeddable":true,"href":"https:\/\/www.ladislavjakl.cz\/index.php?rest_route=\/wp\/v2\/users\/1"}],"replies":[{"embeddable":true,"href":"https:\/\/www.ladislavjakl.cz\/index.php?rest_route=%2Fwp%2Fv2%2Fcomments&post=2847"}],"version-history":[{"count":1,"href":"https:\/\/www.ladislavjakl.cz\/index.php?rest_route=\/wp\/v2\/posts\/2847\/revisions"}],"predecessor-version":[{"id":2848,"href":"https:\/\/www.ladislavjakl.cz\/index.php?rest_route=\/wp\/v2\/posts\/2847\/revisions\/2848"}],"wp:attachment":[{"href":"https:\/\/www.ladislavjakl.cz\/index.php?rest_route=%2Fwp%2Fv2%2Fmedia&parent=2847"}],"wp:term":[{"taxonomy":"category","embeddable":true,"href":"https:\/\/www.ladislavjakl.cz\/index.php?rest_route=%2Fwp%2Fv2%2Fcategories&post=2847"},{"taxonomy":"post_tag","embeddable":true,"href":"https:\/\/www.ladislavjakl.cz\/index.php?rest_route=%2Fwp%2Fv2%2Ftags&post=2847"}],"curies":[{"name":"wp","href":"https:\/\/api.w.org\/{rel}","templated":true}]}}