{"id":2849,"date":"2012-10-15T13:28:28","date_gmt":"2012-10-15T11:28:28","guid":{"rendered":"http:\/\/www.ladislavjakl.cz\/?p=2849"},"modified":"2012-10-15T13:29:01","modified_gmt":"2012-10-15T11:29:01","slug":"ladislav-jakl-v-ceskem-rozhlase-o-letosni-nobelove-cene-miru","status":"publish","type":"post","link":"https:\/\/www.ladislavjakl.cz\/?p=2849","title":{"rendered":"Ladislav Jakl v \u010cesk\u00e9m rozhlase o leto\u0161n\u00ed Nobelov\u011b cen\u011b m\u00edru"},"content":{"rendered":"<p>Nikoli v\u0161ichni souhlas\u00ed s ud\u011blen\u00edm leto\u0161n\u00ed Nobelovy  cenu za m\u00edr Evropsk\u00e9 unii. Nobel\u016fv v\u00fdbor vyzvihl z\u00e1sluhy, kter\u00e9 m\u00e1 unie  za \u0161\u00ed\u0159en\u00ed m\u00edru a demokracie v Evrop\u011b. Pr\u00e1v\u011b to v\u0161ak u n\u011bkter\u00fdch lid\u00ed  bud\u00ed rozpaky.<\/p>\n<p><!--more-->Pat\u0159\u00ed k nim nap\u0159\u00edklad Ladislav Jakl, tajemn\u00edk  prezidenta V\u00e1clava Klause, kter\u00fd se stav\u00ed rezervovan\u011b k procesu evropsk\u00e9  integrace.<\/p>\n<p>\u201eKdy\u017e se ke mn\u011b zpr\u00e1va donesla, tak \u010dlov\u011bka napadne tro\u0161ku  vtipkovat \u010di karikovat,\u201c \u0159ekl Ladislav Jakl, tajemn\u00edk prezidenta V\u00e1clava  Klause, kter\u00fd se stav\u00ed rezervovan\u011b k procesu evropsk\u00e9 integrace.<\/p>\n<p>\u201eM\u011bli jsme tady ve futuristick\u00fdch antiutopi\u00edch ministerstvo l\u00e1sky,  tak pro\u010d bychom nem\u011bli m\u00edt cenu m\u00edru, kter\u00e1 s m\u00edrem ne \u00fapln\u011b souvis\u00ed,\u201c  poznamenal Jakl a p\u0159ipomn\u011bl, \u017ee v\u00fdbor, kter\u00fd ud\u011bluje Nobelovu cenu m\u00edru,  je jin\u00e1 instituce ne\u017e organizace, kter\u00e1 ud\u011bluje Nobelovu cenu v  odborn\u00fdch discipl\u00edn\u00e1ch.<\/p>\n<p>\u201eTak\u00e9 bych mohl poznamenat, \u017ee v minulosti dostali tuto cenu i  usv\u011bd\u010den\u00ed terorist\u00e9, jenom proto, \u017ee na chv\u00edli p\u0159estali zab\u00edjet.\u201c<\/p>\n<p>Jakl se domn\u00edv\u00e1, \u017ee leto\u0161n\u00ed ocen\u011bn\u00ed p\u0159edstavuje ur\u010dit\u00fd pohled  na celou evropskou integraci a p\u0159ipomn\u011bl, \u017ee nap\u0159\u00edklad Helmut Kohl vid\u011bl  v sepjat\u011bj\u0161\u00ed integraci spr\u00e1vnou odpov\u011b\u010f na p\u0159\u00ed\u010diny druh\u00e9 sv\u011btov\u00e9  v\u00e1lky.<\/p>\n<p>\u201eMysl\u00edm, \u017ee toto vid\u011bn\u00ed n\u00e1s prov\u00e1z\u00ed do dne\u0161ka. \u017de evropsk\u00e1 integrace v  o\u010d\u00edch mnoha architekt\u016f je spr\u00e1vn\u00e1, i kdy\u017e nen\u00ed spr\u00e1vn\u00e1. Oni sami c\u00edt\u00ed,  \u017ee v mnoha ohledech ub\u00edr\u00e1 na demokracii a v mnoha ohledech je  neefektivn\u00ed,\u201c uvedl vedouc\u00ed politick\u00e9ho odboru prezidentsk\u00e9 kancel\u00e1\u0159e  Ladislav Jakl.<\/p>\n<p><strong>M\u00edr nen\u00ed jen nep\u0159\u00edtomnost v\u00e1lky<\/strong><\/p>\n<p>\u201eM\u00edr nen\u00ed pouh\u00e1 nep\u0159\u00edtomnost v\u00e1lky, ale v\u00fdsledek pr\u00e1ce,\u201c  zd\u016fraznil Lubom\u00edr Zaor\u00e1lek, m\u00edstop\u0159edseda Poslaneck\u00e9 sn\u011bmovny \u010cSSD a  Poslaneck\u00e9 sn\u011bmovny.<\/p>\n<p>\u201eV Evrop\u011b je spousta hranic, spousta n\u00e1rod\u016f a \u010dasto je velmi t\u011b\u017ek\u00e9  hranice vyty\u010dovat. Neschopnost domluvit se vedla v Evrop\u011b \u010dasto k  hrozn\u00fdm v\u00e1lk\u00e1m.\u201c<\/p>\n<p>Podle Zaor\u00e1lka je tak\u00e9 d\u016fle\u017eit\u00e9, \u017ee ocen\u011bn\u00ed p\u0159ich\u00e1z\u00ed pr\u00e1v\u011b  nyn\u00ed. \u201eEvropa proch\u00e1z\u00ed t\u011b\u017ek\u00fdm obdob\u00edm, kdy se znovu objevuj\u00ed tendence k  odd\u011blov\u00e1n\u00ed, vytv\u00e1\u0159en\u00ed hranic.\u201c<\/p>\n<p>\u201eTo, \u017ee Evropa vytv\u00e1\u0159ela tendenci k dohod\u011b, kooperaci a  ukazovala v\u0161em v\u00fdhodnost kooperace, je n\u011bco, co kdy\u017e do budoucna  nevydr\u017e\u00ed, tak hroz\u00ed n\u00e1vrat star\u00fdch rizik,\u201c m\u00edn\u00ed Lubom\u00edr Zaor\u00e1lek.<\/p>\n<p><strong>Nikoli unie, ale Marshall\u016fv pl\u00e1n<\/strong><\/p>\n<p>Naopak europoslanec Ivo Strej\u010dek pova\u017euje ud\u011blen\u00ed Nobelovy ceny  m\u00edru Evropsk\u00e9 unii za z\u00e1bavnou informaci. \u201eSkoro to na m\u011b p\u016fsob\u00ed, jako  kdyby z jin\u00e9ho planet\u00e1rn\u00edho syst\u00e9mu p\u0159ist\u00e1la skupina hodnotitel\u016f a  vynesla tento soud.\u201c<\/p>\n<p>Jako prosp\u011b\u0161nou pro kontinent ocenil Strej\u010dek evropskou  ekonomickou spolupr\u00e1ci. \u201eEvropa je bez v\u00e1lek d\u00edky americk\u00e9mu Marshallovu  pl\u00e1nu po druh\u00e9 sv\u011btov\u00e9 v\u00e1lce, d\u00edky americk\u00e9mu politick\u00e9mu a vojensk\u00e9mu  de\u0161tn\u00edku, kdy \u010d\u00e1st z\u00e1padn\u00ed Evropy prosperovala, zat\u00edmco my jsme  neprosperovali.\u201c<\/p>\n<p>\u201eKo\u0159eny toho, \u017ee Evropa dnes \u017eije v n\u011bjak\u00e9m prost\u0159ed\u00ed, kter\u00e9 se  ned\u00e1 nazvat stabiln\u00edm, je v\u00fdsledek ekonomick\u00e9 spolupr\u00e1ce. A obhajovat,  vyznamen\u00e1vat EU, kter\u00e1 je tu od roku 1993, co\u017e je tak\u00e9 d\u016fle\u017eit\u00e9  p\u0159ipomenout, mi p\u0159ipad\u00e1 absurdn\u00ed,\u201c mysl\u00ed si europoslanec Ivo Strej\u010dek.<\/p>\n<p><a href=\"http:\/\/www.rozhlas.cz\/zpravy\/evropskezalezitosti\/_zprava\/udeleni-nobelovy-cenu-miru-eu-provazeji-potlesk-i-rozpaky--1122520\" target=\"_blank\">Zdroj<\/a><\/p>\n","protected":false},"excerpt":{"rendered":"<p>Nikoli v\u0161ichni souhlas\u00ed s ud\u011blen\u00edm leto\u0161n\u00ed Nobelovy cenu za m\u00edr Evropsk\u00e9 unii. Nobel\u016fv v\u00fdbor vyzvihl z\u00e1sluhy, kter\u00e9 m\u00e1 unie za \u0161\u00ed\u0159en\u00ed m\u00edru a demokracie v Evrop\u011b. Pr\u00e1v\u011b to v\u0161ak u n\u011bkter\u00fdch lid\u00ed bud\u00ed rozpaky.<\/p>\n","protected":false},"author":1,"featured_media":0,"comment_status":"open","ping_status":"open","sticky":false,"template":"","format":"standard","meta":{"ngg_post_thumbnail":0,"footnotes":""},"categories":[11],"tags":[],"class_list":["post-2849","post","type-post","status-publish","format-standard","hentry","category-ozvena"],"_links":{"self":[{"href":"https:\/\/www.ladislavjakl.cz\/index.php?rest_route=\/wp\/v2\/posts\/2849","targetHints":{"allow":["GET"]}}],"collection":[{"href":"https:\/\/www.ladislavjakl.cz\/index.php?rest_route=\/wp\/v2\/posts"}],"about":[{"href":"https:\/\/www.ladislavjakl.cz\/index.php?rest_route=\/wp\/v2\/types\/post"}],"author":[{"embeddable":true,"href":"https:\/\/www.ladislavjakl.cz\/index.php?rest_route=\/wp\/v2\/users\/1"}],"replies":[{"embeddable":true,"href":"https:\/\/www.ladislavjakl.cz\/index.php?rest_route=%2Fwp%2Fv2%2Fcomments&post=2849"}],"version-history":[{"count":2,"href":"https:\/\/www.ladislavjakl.cz\/index.php?rest_route=\/wp\/v2\/posts\/2849\/revisions"}],"predecessor-version":[{"id":2851,"href":"https:\/\/www.ladislavjakl.cz\/index.php?rest_route=\/wp\/v2\/posts\/2849\/revisions\/2851"}],"wp:attachment":[{"href":"https:\/\/www.ladislavjakl.cz\/index.php?rest_route=%2Fwp%2Fv2%2Fmedia&parent=2849"}],"wp:term":[{"taxonomy":"category","embeddable":true,"href":"https:\/\/www.ladislavjakl.cz\/index.php?rest_route=%2Fwp%2Fv2%2Fcategories&post=2849"},{"taxonomy":"post_tag","embeddable":true,"href":"https:\/\/www.ladislavjakl.cz\/index.php?rest_route=%2Fwp%2Fv2%2Ftags&post=2849"}],"curies":[{"name":"wp","href":"https:\/\/api.w.org\/{rel}","templated":true}]}}