{"id":2876,"date":"2012-10-17T13:30:18","date_gmt":"2012-10-17T11:30:18","guid":{"rendered":"http:\/\/www.ladislavjakl.cz\/?p=2876"},"modified":"2012-11-29T14:17:39","modified_gmt":"2012-11-29T13:17:39","slug":"jakl-za-mir-v-evrope-nevdecime-unii-ale-americanum","status":"publish","type":"post","link":"https:\/\/www.ladislavjakl.cz\/?p=2876","title":{"rendered":"Jakl: Za m\u00edr v Evrop\u011b nevd\u011b\u010d\u00edme unii, ale Ameri\u010dan\u016fm"},"content":{"rendered":"<p>Dlouh\u00e9 obdob\u00ed m\u00edru, kter\u00e9 Evropa za\u017e\u00edv\u00e1, nen\u00ed  z\u00e1sluhou Evropsk\u00e9 unie. Za m\u00edr vd\u011b\u010d\u00edme p\u0159edev\u0161\u00edm NATO a americk\u00e9  p\u0159\u00edtomnosti v Evrop\u011b.\u00a0D\u00edky tomuto m\u00edru m\u016f\u017eou vznikat takov\u00e9 soci\u00e1ln\u011b  in\u017een\u00fdrsk\u00e9 projekty, jako je Evropsk\u00e1 integrace.<\/p>\n<p><!--more-->Tak\u00a0reagoval Ladislav  Jakl na ud\u011blen\u00ed Nobelovy ceny m\u00edru Evropsk\u00e9 unii. Ud\u011blen\u00ed t\u00e9to  ceny\u00a0rozpoutalo v\u00e1\u0161n\u011b a diskuse. Jedni je pova\u017euj\u00ed za dobr\u00e9 rozhodnut\u00ed,  kter\u00e9 p\u0159i\u0161lo ve spr\u00e1vn\u00fd \u010das, jin\u00ed za pokrytectv\u00ed.<\/p>\n<div>\n<div><a href=\"http:\/\/img7.ct24.cz\/cache\/616x347\/article\/37\/3678\/367713.jpg?1339669451\"><img loading=\"lazy\" decoding=\"async\" style=\"margin-top: 0px;\" src=\"http:\/\/img7.ct24.cz\/cache\/616x347\/article\/37\/3678\/367713.jpg?1339669451\" alt=\"Ladislav Jakl\" width=\"404\" height=\"227\" \/><\/a><\/p>\n<div>\n<div>Ladislav Jakl<\/div>\n<\/div>\n<\/div>\n<\/div>\n<p><strong>Jakl: Jeden papal\u00e1\u0161 ocenil druh\u00e9ho papal\u00e1\u0161e<\/strong><\/p>\n<p>Podle \u0159editele politick\u00e9ho odboru Kancel\u00e1\u0159e prezidenta republiky  Ladislava Jakla u\u017e Nobelova cena m\u00edru nem\u00e1\u00a0\u017e\u00e1dnou presti\u017e, proto\u017ee ji  dostaly velmi sporn\u00e9 osoby. &#8222;Dostali to b\u00fdval\u00ed terorist\u00e9 za to, \u017ee  zrovna chvilku n\u011bkoho nezabili. Sv\u011bt je dnes p\u0159eci velmi t\u011b\u017ek\u00e9 a \u010dasto  nebezpe\u010dn\u00e9 m\u00edsto. Po sv\u011bt\u011b um\u00edraj\u00ed statis\u00edce lid\u00ed ve v\u00e1lk\u00e1ch a  revoluc\u00edch, um\u00edraj\u00ed hlady a tady prost\u011b jeden papal\u00e1\u0161 ocen\u00ed jin\u00e9ho  papal\u00e1\u0161e. P\u0159ijde mi to legra\u010dn\u00ed a \u00fapln\u011b zaslepen\u00e9,&#8220; komentoval \u0159editel  politick\u00e9ho odboru Kancel\u00e1\u0159e prezidenta republiky Ladislav Jakl.<\/p>\n<p>Jakl p\u0159ipomenul, \u017ee Nobelovu cenu m\u00edru neud\u011bluje kr\u00e1lovsk\u00e1 akademie  jako v\u0161echny ostatn\u00ed odborn\u00e9 Nobelovy ceny ve Stockholmu. Ud\u011bluje ji  p\u011bti\u010dlenn\u00e1 komise v Oslu, kter\u00e9 p\u0159edsed\u00e1 gener\u00e1ln\u00ed tajemn\u00edk rady Evropy  Thorbj\u00f6rn Jagland. &#8222;Ostatn\u011b my, kte\u0159\u00ed jsme za\u017eili n\u011bjak\u00e9 ty gener\u00e1ln\u00ed  tajemn\u00edky, dob\u0159e v\u00edme, \u017ee oni r\u00e1di \u0161ermovali se slovem m\u00edr a r\u00e1di si  ud\u011blovali r\u016fzn\u00e9 diplomy a \u010destn\u00e1 uzn\u00e1n\u00ed, tak\u017ee je vlastn\u011b v\u0161echno v  po\u0159\u00e1dku,&#8220; dodal.<\/p>\n<div id=\"contentPart_274187\">\n<div>\n<ul>\n<li> <a title=\"Fakta o Nobelov\u011b cen\u011b m\u00edru   zdroj: \u010cT24\" rel=\"articleGallery\" href=\"http:\/\/img7.ct24.cz\/cache\/900x507\/article\/41\/4038\/403792.jpg\"> <img decoding=\"async\" src=\"http:\/\/img7.ct24.cz\/cache\/291x517\/article\/41\/4038\/403792.jpg\" alt=\"Fakta o Nobelov\u011b cen\u011b m\u00edru\" \/> <\/a>\n<div><span>Fakta o Nobelov\u011b cen\u011b m\u00edru<\/span><\/div>\n<\/li>\n<li> <a title=\"Nobelova cena pro organizaci   zdroj: \u010cT24\" rel=\"articleGallery\" href=\"http:\/\/img7.ct24.cz\/cache\/900x507\/article\/41\/4038\/403789.jpg\"> <img decoding=\"async\" src=\"http:\/\/img7.ct24.cz\/cache\/291x517\/article\/41\/4038\/403789.jpg\" alt=\"Nobelova cena pro organizaci\" \/> <\/a>\n<div><span>Nobelova cena pro organizaci<\/span><\/div>\n<\/li>\n<\/ul>\n<\/div>\n<\/div>\n<p><strong>Jakl: Za m\u00edr v Evrop\u011b vd\u011b\u010d\u00edme NATO a Ameri\u010dan\u016fm<\/strong><\/p>\n<p>Jakl poznamenal, \u017ee cena p\u0159ich\u00e1z\u00ed z Norska, kter\u00e9 opakovan\u011b \u010dlenstv\u00ed v  unii odm\u00edtlo. Uvedl, \u017ee Evropsk\u00e1 unie na zachov\u00e1n\u00ed m\u00edru v Evrop\u011b nikdy  nem\u011bla v\u016fbec \u017e\u00e1dn\u00fd vliv.<\/p>\n<div id=\"contentPart_274181\">\n<div>\n<p><strong>Ladislav Jakl:<\/strong><\/p>\n<p><em>&#8222;Kdyby socialistick\u00fd blok rozpoutal v\u00e1lku, rozhodn\u011b by to nebyla  EU nebo p\u0159edchoz\u00ed integra\u010dn\u00ed evropsk\u00e9 projekty, kter\u00e9 by zachr\u00e1nily m\u00edr.  Je to p\u0159esn\u011b naopak &#8211; pr\u00e1v\u011b d\u00edky tomuto dlouh\u00e9mu obdob\u00ed m\u00edru mohou  vznikat takov\u00e9 soci\u00e1ln\u011b in\u017een\u00fdrsk\u00e9 projekty, jako je evropsk\u00e1 integrace.  Za m\u00edr vd\u011b\u010d\u00edme p\u0159edev\u0161\u00edm NATO a americk\u00e9 p\u0159\u00edtomnosti v Evrop\u011b. To je  hlavn\u00ed faktor, kter\u00fd chr\u00e1nil bezpe\u010d\u00ed a m\u00edr n\u00e1s Evropan\u016f.&#8220;<\/em><\/div>\n<\/div>\n<p><a href=\"http:\/\/www.ceskatelevize.cz\/ct24\/svet\/199474-jakl-za-mir-v-evrope-nevdecime-unii-ale-americanum\/\" target=\"_blank\">Zdroj<\/a><\/p>\n","protected":false},"excerpt":{"rendered":"<p>Dlouh\u00e9 obdob\u00ed m\u00edru, kter\u00e9 Evropa za\u017e\u00edv\u00e1, nen\u00ed z\u00e1sluhou Evropsk\u00e9 unie. Za m\u00edr vd\u011b\u010d\u00edme p\u0159edev\u0161\u00edm NATO a americk\u00e9 p\u0159\u00edtomnosti v Evrop\u011b.\u00a0D\u00edky tomuto m\u00edru m\u016f\u017eou vznikat takov\u00e9 soci\u00e1ln\u011b in\u017een\u00fdrsk\u00e9 projekty, jako je Evropsk\u00e1 integrace.<\/p>\n","protected":false},"author":1,"featured_media":0,"comment_status":"open","ping_status":"open","sticky":false,"template":"","format":"standard","meta":{"ngg_post_thumbnail":0,"footnotes":""},"categories":[11],"tags":[],"class_list":["post-2876","post","type-post","status-publish","format-standard","hentry","category-ozvena"],"_links":{"self":[{"href":"https:\/\/www.ladislavjakl.cz\/index.php?rest_route=\/wp\/v2\/posts\/2876","targetHints":{"allow":["GET"]}}],"collection":[{"href":"https:\/\/www.ladislavjakl.cz\/index.php?rest_route=\/wp\/v2\/posts"}],"about":[{"href":"https:\/\/www.ladislavjakl.cz\/index.php?rest_route=\/wp\/v2\/types\/post"}],"author":[{"embeddable":true,"href":"https:\/\/www.ladislavjakl.cz\/index.php?rest_route=\/wp\/v2\/users\/1"}],"replies":[{"embeddable":true,"href":"https:\/\/www.ladislavjakl.cz\/index.php?rest_route=%2Fwp%2Fv2%2Fcomments&post=2876"}],"version-history":[{"count":4,"href":"https:\/\/www.ladislavjakl.cz\/index.php?rest_route=\/wp\/v2\/posts\/2876\/revisions"}],"predecessor-version":[{"id":3222,"href":"https:\/\/www.ladislavjakl.cz\/index.php?rest_route=\/wp\/v2\/posts\/2876\/revisions\/3222"}],"wp:attachment":[{"href":"https:\/\/www.ladislavjakl.cz\/index.php?rest_route=%2Fwp%2Fv2%2Fmedia&parent=2876"}],"wp:term":[{"taxonomy":"category","embeddable":true,"href":"https:\/\/www.ladislavjakl.cz\/index.php?rest_route=%2Fwp%2Fv2%2Fcategories&post=2876"},{"taxonomy":"post_tag","embeddable":true,"href":"https:\/\/www.ladislavjakl.cz\/index.php?rest_route=%2Fwp%2Fv2%2Ftags&post=2876"}],"curies":[{"name":"wp","href":"https:\/\/api.w.org\/{rel}","templated":true}]}}