{"id":2878,"date":"2012-10-17T13:32:10","date_gmt":"2012-10-17T11:32:10","guid":{"rendered":"http:\/\/www.ladislavjakl.cz\/?p=2878"},"modified":"2012-10-17T13:32:10","modified_gmt":"2012-10-17T11:32:10","slug":"zadny-z-protikandidatu-nehodla-omezit-prebujely-stat","status":"publish","type":"post","link":"https:\/\/www.ladislavjakl.cz\/?p=2878","title":{"rendered":"\u017d\u00e1dn\u00fd z protikandid\u00e1t\u016f nehodl\u00e1 omezit p\u0159ebujel\u00fd st\u00e1t"},"content":{"rendered":"<p>(Ladislav Jakl v rozhovoru pro Radio \u010cesko, 15. 10. 2012)<\/p>\n<p><!--more--><\/p>\n<p><a href=\" http:\/\/prehravac.rozhlas.cz\/audio\/2743592\" target=\"_blank\">http:\/\/prehravac.rozhlas.cz\/audio\/2743592<\/a><\/p>\n","protected":false},"excerpt":{"rendered":"<p>(Ladislav Jakl v rozhovoru pro Radio \u010cesko, 15. 10. 2012)<\/p>\n","protected":false},"author":1,"featured_media":0,"comment_status":"open","ping_status":"open","sticky":false,"template":"","format":"standard","meta":{"ngg_post_thumbnail":0,"footnotes":""},"categories":[17,13],"tags":[],"class_list":["post-2878","post","type-post","status-publish","format-standard","hentry","category-jakl-president","category-rozhovory"],"_links":{"self":[{"href":"https:\/\/www.ladislavjakl.cz\/index.php?rest_route=\/wp\/v2\/posts\/2878","targetHints":{"allow":["GET"]}}],"collection":[{"href":"https:\/\/www.ladislavjakl.cz\/index.php?rest_route=\/wp\/v2\/posts"}],"about":[{"href":"https:\/\/www.ladislavjakl.cz\/index.php?rest_route=\/wp\/v2\/types\/post"}],"author":[{"embeddable":true,"href":"https:\/\/www.ladislavjakl.cz\/index.php?rest_route=\/wp\/v2\/users\/1"}],"replies":[{"embeddable":true,"href":"https:\/\/www.ladislavjakl.cz\/index.php?rest_route=%2Fwp%2Fv2%2Fcomments&post=2878"}],"version-history":[{"count":1,"href":"https:\/\/www.ladislavjakl.cz\/index.php?rest_route=\/wp\/v2\/posts\/2878\/revisions"}],"predecessor-version":[{"id":2879,"href":"https:\/\/www.ladislavjakl.cz\/index.php?rest_route=\/wp\/v2\/posts\/2878\/revisions\/2879"}],"wp:attachment":[{"href":"https:\/\/www.ladislavjakl.cz\/index.php?rest_route=%2Fwp%2Fv2%2Fmedia&parent=2878"}],"wp:term":[{"taxonomy":"category","embeddable":true,"href":"https:\/\/www.ladislavjakl.cz\/index.php?rest_route=%2Fwp%2Fv2%2Fcategories&post=2878"},{"taxonomy":"post_tag","embeddable":true,"href":"https:\/\/www.ladislavjakl.cz\/index.php?rest_route=%2Fwp%2Fv2%2Ftags&post=2878"}],"curies":[{"name":"wp","href":"https:\/\/api.w.org\/{rel}","templated":true}]}}