{"id":2880,"date":"2012-10-17T13:33:06","date_gmt":"2012-10-17T11:33:06","guid":{"rendered":"http:\/\/www.ladislavjakl.cz\/?p=2880"},"modified":"2012-10-17T13:33:06","modified_gmt":"2012-10-17T11:33:06","slug":"velice-ostra-debata-v-ct-jakl-a-sedlacek-se-napadali-argumenty","status":"publish","type":"post","link":"https:\/\/www.ladislavjakl.cz\/?p=2880","title":{"rendered":"Velice ostr\u00e1 debata v \u010cT. Jakl a Sedl\u00e1\u010dek se napadali argumenty"},"content":{"rendered":"<p>Na p\u016fd\u011b \u010cesk\u00e9 televize se odehr\u00e1l ostr\u00fd st\u0159et nad ot\u00e1zkou ud\u011blen\u00ed  Nobelovy ceny m\u00edru Evropsk\u00e9 unii. Stalo se tak v p\u00e1te\u010dn\u00edch Ud\u00e1lostech,  koment\u00e1\u0159\u00edch, kde proti sob\u011b stanuli ekonom Tom\u00e1\u0161 Sedl\u00e1\u010dek a tajemn\u00edk  prezidenta Ladislav Jakl. Podle Sedl\u00e1\u010dka EU fakticky pomohla zachr\u00e1nit  v\u00e1lkami rozervan\u00fd kontinent. Neb\u00fdt j\u00ed, mo\u017en\u00e1 bychom dnes v\u00e1l\u010dili proti  \u0158ecku. Jakl kontroval, \u017ee za m\u00edr vd\u011b\u010d\u00edme USA a unie \u0158ecku sp\u00ed\u0161 \u0161kod\u00ed.<\/p>\n<p><!--more--><\/p>\n<p>Obyvatel\u00e9 Evropsk\u00e9 unie se letos stali nositeli Nobelovy ceny m\u00edru,  p\u0159esn\u011bji \u0159e\u010deno, toto v\u00fdznamn\u00e9 ocen\u011bn\u00ed obdr\u017eela instituce EU, coby  nositelka m\u00edru v posledn\u00edch des\u00edtk\u00e1ch let. Zat\u00edmco ministr zahrani\u010d\u00ed  Karel Schwarzenberg (TOP 09) cenu p\u0159iv\u00edtal s dov\u011btkem, \u017ee by cenu m\u011bl  rad\u011bji z\u00edskat konkr\u00e9tn\u00ed \u010dlov\u011bk, tak prezident V\u00e1clav Klaus, tajemn\u00edk  prezidenta Ladislav Jakl a kancl\u00e9\u0159 prezidenta Petr H\u00e1jek ud\u011blen\u00ed ceny  ost\u0159e zkritizovali.<\/p>\n<p>Ladislav Jakl vystoupil se svou tvrdou kritikou i v p\u00e1te\u010dn\u00edch  Ud\u00e1lostech koment\u00e1\u0159\u00edch \u010cesk\u00e9 televize. Proti n\u011bmu zasedl ekonom Tom\u00e1\u0161  Sed\u00e1\u010dek.<\/p>\n<h4>Ostr\u00fd st\u0159et p\u0159ed kamerami: EU n\u00e1s chr\u00e1n\u00ed &#8211; EU n\u00e1s svazuje<\/h4>\n<p>A je t\u0159eba \u0159\u00edci, \u017ee i Sedl\u00e1\u010dek za\u010dal p\u011bkn\u011b zostra, kdy\u017e pogratuloval  p\u00e1n\u016fm Klausovi a Jaklovi k tomu, \u017ee i z nich se stali nositel\u00e9 t\u00e9to  ceny, nebo\u0165 jsou ob\u010dany EU. &#8222;Cht\u011bl bych pogratulovat p\u00e1n\u016fm Klausovi a  Jaklovi, proto\u017ee i oni jsou nositeli Nobelovy ceny m\u00edru. Splnil se jim  sen,&#8220; prohl\u00e1sil Sedl\u00e1\u010dek a zapo\u010dal slovn\u00ed ost\u0159elov\u00e1n\u00ed euroskeptik\u016f.<\/p>\n<p>&#8222;Feti\u0161izace n\u00e1roda vedla k tomu, k \u010demu vedla. My jsme te\u010f v EU za\u017eili  naprosto bezprecedentn\u00ed obdob\u00ed m\u00edru. Z\u00e1rove\u0148 v EU nejsme kostka cukru,  jak by si mnoz\u00ed mo\u017en\u00e1 p\u0159\u00e1li. A nev\u00edm, v \u010dem m\u016f\u017ee b\u00fdt tato cena n\u011b\u010d\u00edm  jin\u00fdm ne\u017e pozitivn\u00edm ocen\u011bn\u00edm,&#8220; zd\u016fraznil uzn\u00e1van\u00fd ekonom.<\/p>\n<p>Tajemn\u00edk prezidenta republiky Ladislav Jakl v\u0161ak Sedl\u00e1\u010dkovi stejn\u011b  ost\u0159e odpov\u011bd\u011bl, kdy\u017e p\u0159ipomn\u011bl, \u017ee Nobelovu cenu ud\u011bluje v\u00fdbor zem\u011b,  kter\u00e1 nen\u00ed \u010dlenem EU. Norov\u00e9 \u010dlenstv\u00ed opakovn\u011b odm\u00edtli.<\/p>\n<p>&#8222;Ono je zaj\u00edmav\u00e9, \u017ee tato cena p\u0159ich\u00e1z\u00ed z Norska, kter\u00e9 \u010dlenstv\u00ed v EU  opakovan\u011b odm\u00edtlo a jeho ob\u010dan\u00e9 dob\u0159e v\u011bd\u00ed pro\u010d. EU se nezaslou\u017eila o  zachov\u00e1n\u00ed m\u00edru. Kdyby se n\u011bkdej\u0161\u00ed st\u00e1ty socialistick\u00e9ho bloku rozhodly  napadnout Z\u00e1pad, tak by tomu EU nijak nezbr\u00e1nila. Za m\u00edr v Evrop\u011b  vd\u011b\u010d\u00edme p\u0159edev\u0161\u00edm USA a NATO. A pr\u00e1v\u011b d\u00edky tomuto obdob\u00ed m\u00edru mohly  vzniknout podobn\u00e9 soci\u00e1ln\u00ed projekty, jako je EU,&#8220; kontroval Jakl.<\/p>\n<h4>P\u0159ed lety by evropsk\u00e9 st\u00e1ty \u0158ecko v krizi napadly<\/h4>\n<p>Sedl\u00e1\u010dek s t\u00edmto hodnocen\u00edm podle o\u010dek\u00e1v\u00e1n\u00ed v\u00a0 \u017e\u00e1dn\u00e9m p\u0159\u00edpad\u011b  nesouhlas\u00ed a to nap\u0159\u00edklad i s ohledem na ekonomick\u00e9 probl\u00e9my, kter\u00fdm  \u010del\u00ed sou\u010dasn\u00e9 \u0158ecko. Zd\u016fraznil toti\u017e, \u017ee je\u0161t\u011b p\u0159ed \u0161edes\u00e1ti lety by se  nejsp\u00ed\u0161 nikdo nesna\u017eil \u0158ecku pom\u00e1hat a st\u00e1ty by sp\u00ed\u0161e p\u0159em\u00fd\u0161lely, jak  \u0158ecko elegantn\u011b napadnout. &#8222;P\u0159\u00ednosn\u00e9 je u\u017e to, \u017ee struktury EU \u00favah\u00e1m o  podobn\u00fdch pl\u00e1nech br\u00e1n\u00ed,&#8220; zd\u016fraznil Sedl\u00e1\u010dek.<\/p>\n<p>Jak v\u0161ak bylo mo\u017en\u00e9 o\u010dek\u00e1vat, Jakl se tento argument op\u011bt sna\u017eil  vyvr\u00e1tit. \u0158ecko je podle jeho n\u00e1zoru v ekonomick\u00e9 krizi p\u0159edev\u0161\u00edm d\u00edky  um\u011bl\u00e9mu projektu spole\u010dn\u00e9 evropsk\u00e9 m\u011bny. Kdyby m\u011blo \u0158ecko svou m\u011bnu, tak  by mohlo devalvovat svou m\u011bnu a pomohlo by si samo.<\/p>\n<p>Pohled do historie ale ukazuje, \u017ee cesta devalvov\u00e1n\u00ed vlastn\u00ed m\u011bny  nemus\u00ed fungovat, proto\u017ee k devalvaci mohou s\u00e1hnout i sousedn\u00ed st\u00e1ty, co\u017e  p\u0159\u00edpadn\u00fd pozitivn\u00ed efekt na ekonomiku st\u00e1t\u016f eliminuje. Pr\u00e1v\u011b na  skute\u010dnost, \u017ee se tato cesta uk\u00e1zala b\u00fdt nesch\u016fdnou, Sedl\u00e1\u010dek upozornil.  &#8222;Jak\u00e1si my\u0161lenka, \u017ee bez eura by se nebankrotovalo, je myln\u00e1,&#8220;  konstatoval ekonom.<\/p>\n<h4>Presti\u017en\u00ed cena je podporou k dal\u0161\u00ed integraci EU<\/h4>\n<p>Jakla v\u0161ak nep\u0159esv\u011bd\u010dila ani tato argumentace. Z ud\u011blen\u00ed Nobelovy ceny  m\u00edru EU m\u00e1 pr\u00fd zkr\u00e1tka pocit, \u017ee jeden papal\u00e1\u0161 oce\u0148uje jin\u00e9ho papal\u00e1\u0161e a  o tom \u017eivot v\u016fbec nen\u00ed. Na sv\u011bt\u011b bohu\u017eel m\u016f\u017eeme naj\u00edt \u0159adu jin\u00fdch a  p\u0159edev\u0161\u00edm re\u00e1ln\u011bj\u0161\u00edch ohnisek probl\u00e9mu, kter\u00e9 je t\u0159eba \u0159e\u0161it. M\u016f\u017ee to  b\u00fdt t\u0159eba problematika hladomor\u016f, kter\u00e9 zu\u017euj\u00ed nemalou \u010d\u00e1st sv\u011bta. A  m\u00edsto toho se tu zab\u00fdv\u00e1me jakousi cenou pro EU, i kdy\u017e tato cena pr\u00fd ji\u017e  d\u00e1vno ztratila n\u011bkdej\u0161\u00ed presti\u017e.<\/p>\n<p>V tom smyslu, \u017ee Nobelova cena m\u00edru je pro EU sp\u00ed\u0161e vzpruhou k dal\u0161\u00ed  integraci v jej\u00edm nelehk\u00e9m obdob\u00ed, se vyj\u00e1d\u0159il i \u0159editel \u00dastavu  sv\u011btov\u00fdch d\u011bjin FF UK Martin Kov\u00e1\u0159, kter\u00fd k t\u00e9matu promluvil po obou  v\u00fd\u0161e zmi\u0148ovan\u00fdch p\u00e1nech.<\/p>\n<p>&#8222;Mus\u00edme si ale uv\u011bdomit, \u017ee projekt evropsk\u00e9 integrace se zrodil  pouh\u00fdch p\u011bt \u010di \u0161est let po v\u00e1lce a kdyby byla tato cena EU ud\u011blena na  konci pades\u00e1t\u00fdch nebo po\u010d\u00e1tkem \u0161edes\u00e1t\u00fdch let, tak by o tom z\u0159ejm\u011b nikdo  nepochyboval, nebo\u0165 tehdy je\u0161t\u011b slovo m\u00edr nebylo zprofanovan\u00e9,&#8220; uvedl  Kov\u00e1\u0159. To v\u0161ak podle jeho n\u00e1zoru nic nem\u011bn\u00ed na tom, \u017ee EU m\u00e1 sv\u016fj smysl a  pom\u00e1h\u00e1 k udr\u017een\u00ed m\u00edru na kontinent\u011b, kter\u00fd v\u00e1lkami proslul.<\/p>\n<p>&#8222;Nobelova cena je politikum, je to p\u0159esn\u011b na\u010dasovan\u00e1 cena, kter\u00e1 m\u00e1  podpo\u0159it evropskou integraci. A politici v Bruselu se shodli, \u017ee pr\u00e1v\u011b  te\u010f je to pot\u0159eba,&#8220; pokra\u010doval odborn\u00edk a z\u00e1rove\u0148 uvedl, \u017ee by se p\u0159ese  v\u0161echno nem\u011bl Nobelov\u011b cen\u011b za m\u00edr p\u0159izn\u00e1vat v\u011bt\u0161\u00ed v\u00fdznam, ne\u017e si  zaslou\u017e\u00ed.<\/p>\n<p><a href=\"http:\/\/www.parlamentnilisty.cz\/arena\/monitor\/Velice-ostra-debata-v-CT-Jakl-a-Sedlacek-se-napadali-argumenty-249702\" target=\"_blank\">Zdroj<\/a><\/p>\n","protected":false},"excerpt":{"rendered":"<p>Na p\u016fd\u011b \u010cesk\u00e9 televize se odehr\u00e1l ostr\u00fd st\u0159et nad ot\u00e1zkou ud\u011blen\u00ed Nobelovy ceny m\u00edru Evropsk\u00e9 unii. Stalo se tak v p\u00e1te\u010dn\u00edch Ud\u00e1lostech, koment\u00e1\u0159\u00edch, kde proti sob\u011b stanuli ekonom Tom\u00e1\u0161 Sedl\u00e1\u010dek a tajemn\u00edk prezidenta Ladislav Jakl. Podle Sedl\u00e1\u010dka EU fakticky pomohla zachr\u00e1nit v\u00e1lkami rozervan\u00fd kontinent. Neb\u00fdt j\u00ed, mo\u017en\u00e1 bychom dnes v\u00e1l\u010dili proti \u0158ecku. Jakl kontroval, \u017ee [&hellip;]<\/p>\n","protected":false},"author":1,"featured_media":0,"comment_status":"open","ping_status":"open","sticky":false,"template":"","format":"standard","meta":{"ngg_post_thumbnail":0,"footnotes":""},"categories":[11],"tags":[],"class_list":["post-2880","post","type-post","status-publish","format-standard","hentry","category-ozvena"],"_links":{"self":[{"href":"https:\/\/www.ladislavjakl.cz\/index.php?rest_route=\/wp\/v2\/posts\/2880","targetHints":{"allow":["GET"]}}],"collection":[{"href":"https:\/\/www.ladislavjakl.cz\/index.php?rest_route=\/wp\/v2\/posts"}],"about":[{"href":"https:\/\/www.ladislavjakl.cz\/index.php?rest_route=\/wp\/v2\/types\/post"}],"author":[{"embeddable":true,"href":"https:\/\/www.ladislavjakl.cz\/index.php?rest_route=\/wp\/v2\/users\/1"}],"replies":[{"embeddable":true,"href":"https:\/\/www.ladislavjakl.cz\/index.php?rest_route=%2Fwp%2Fv2%2Fcomments&post=2880"}],"version-history":[{"count":1,"href":"https:\/\/www.ladislavjakl.cz\/index.php?rest_route=\/wp\/v2\/posts\/2880\/revisions"}],"predecessor-version":[{"id":2881,"href":"https:\/\/www.ladislavjakl.cz\/index.php?rest_route=\/wp\/v2\/posts\/2880\/revisions\/2881"}],"wp:attachment":[{"href":"https:\/\/www.ladislavjakl.cz\/index.php?rest_route=%2Fwp%2Fv2%2Fmedia&parent=2880"}],"wp:term":[{"taxonomy":"category","embeddable":true,"href":"https:\/\/www.ladislavjakl.cz\/index.php?rest_route=%2Fwp%2Fv2%2Fcategories&post=2880"},{"taxonomy":"post_tag","embeddable":true,"href":"https:\/\/www.ladislavjakl.cz\/index.php?rest_route=%2Fwp%2Fv2%2Ftags&post=2880"}],"curies":[{"name":"wp","href":"https:\/\/api.w.org\/{rel}","templated":true}]}}