{"id":2884,"date":"2012-10-17T13:35:44","date_gmt":"2012-10-17T11:35:44","guid":{"rendered":"http:\/\/www.ladislavjakl.cz\/?p=2884"},"modified":"2012-10-17T13:35:44","modified_gmt":"2012-10-17T11:35:44","slug":"zcenzurovali-mi-v-ceske-televizi-ze-eu-je-rvhp-zlobi-se-jakl","status":"publish","type":"post","link":"https:\/\/www.ladislavjakl.cz\/?p=2884","title":{"rendered":"Zcenzurovali mi v \u010cesk\u00e9 televizi, \u017ee EU je RVHP, zlob\u00ed se Jakl"},"content":{"rendered":"<p>Na p\u016fd\u011b \u010cesk\u00e9 televize se v p\u00e1tek ve\u010der odehr\u00e1l ostr\u00fd st\u0159et nad ot\u00e1zkou  ud\u011blen\u00ed Nobelovy ceny m\u00edru Evropsk\u00e9 unii. Stanuli proti sob\u011b ekonom  Tom\u00e1\u0161 Sedl\u00e1\u010dek a tajemn\u00edk prezidenta Ladislav Jakl.<\/p>\n<p><!--more--><\/p>\n<p>Zaj\u00edmav\u00e9 bylo, \u017ee zn\u00e1m\u00fd euroskeptik Ladislav Jakl byl v z\u00e1b\u011brech po\u0159\u00edzen\u00fdch tele-mostem \u010cT v tri\u010dku s vlajkou Evropsk\u00e9 unie.<\/p>\n<p>Ned\u00e1vno m\u011bl toti\u017e m\u00edt Jakl p\u0159edvolebn\u00ed debatu s ob\u010dany v r\u00e1mci sv\u00e9  prezidentsk\u00e9 kampan\u011b. V s\u00e1le Moravsk\u00e9 galerie, kde se setk\u00e1n\u00ed konalo,  visela vlajka EU, a tak se zn\u00e1m\u00fd euroskeptik Jakl oto\u010dil a cht\u011bl jet  zp\u011bt do Prahy. \u00dasil\u00edm po\u0159adatel\u016f se ale poda\u0159ilo vlajku strhnout a  beseda tak mohla prob\u011bhnout.<\/p>\n<p>Parlamentn\u00edListy.cz se proto Jakl dot\u00e1zaly, pro\u010d nos\u00ed tri\u010dko EU. Zda se  z n\u011bho stal fanou\u0161ek Evropsk\u00e9 unie. V\u0161echno bylo ale jinak.<\/p>\n<p><strong>EU je nov\u00e9 RVHP<\/strong><\/p>\n<p>\u201eTo bylo naopak tri\u010dko, kter\u00e9 si d\u011blalo z EU legraci. Uprost\u0159ed je  n\u00e1pis New RVHP, ale ten se asi nel\u00edbil, tak ho v televizi neuk\u00e1zali.  P\u0159itom byl zrovna v tu chv\u00edli velmi na m\u00edst\u011b: kdy\u017e m\u00edsto \u0159e\u0161en\u00ed krize  ud\u011bluj\u00ed gener\u00e1ln\u00ed tajemn\u00edci diplomy, tak u\u017e jsme zase tam, kde jsme  byli. A skon\u010d\u00ed to tak\u00e9 krachem,\u201c \u0159ekl Parlamentn\u00edmList\u016fm.cz Jakl v  nar\u00e1\u017ece, \u017ee Nobelovu cenu m\u00edru dostala EU. Na z\u00e1b\u011brech v televizi byla  vid\u011bt jenom horn\u00ed p\u016flka Jaklova tri\u010dka.<\/p>\n<p>Nobelovu cenu m\u00edru obdr\u017eela letos Evropsk\u00e1 unie. Zat\u00edmco ministr  zahrani\u010d\u00ed Karel Schwarzenberg (TOP 09) cenu p\u0159iv\u00edtal s dov\u011btkem, \u017ee by  cenu m\u011bl rad\u011bji z\u00edskat konkr\u00e9tn\u00ed \u010dlov\u011bk, tak prezident V\u00e1clav Klaus to  ze za\u010d\u00e1tku pova\u017eoval za vtip a tajemn\u00edk prezidenta Ladislav Jakl a  kancl\u00e9\u0159 prezidenta Petr H\u00e1jek ud\u011blen\u00ed ceny ost\u0159e zkritizovali.<\/p>\n<p><strong>Po\u0161lete cenu do \u0158ecka<\/strong><\/p>\n<p>\u201eEU se nezaslou\u017eila o zachov\u00e1n\u00ed m\u00edru. Kdyby se n\u011bkdej\u0161\u00ed st\u00e1ty  socialistick\u00e9ho bloku rozhodly napadnout Z\u00e1pad, tak by tomu EU nijak  nezabr\u00e1nila. Za m\u00edr v Evrop\u011b vd\u011b\u010d\u00edme p\u0159edev\u0161\u00edm USA a NATO. A pr\u00e1v\u011b d\u00edky  tomuto obdob\u00ed m\u00edru mohly vzniknout podobn\u00e9 soci\u00e1ln\u00ed projekty, jako je  EU,\u201c zd\u016fraznil Jakl.<\/p>\n<p>Ud\u011blen\u00ed ceny Evropsk\u00e9 unii se vysm\u00e1l i poslanec ODS Boris \u0160\u0165astn\u00fd.  \u201eAlfred Nobel se mus\u00ed obracet v hrob\u011b. Ten v\u00fdbor, co dnes bl\u00e1zniv\u011b  rozhodl o Nobelov\u011b cen\u011b m\u00edru pro EU, by m\u011bl b\u00fdt evakuov\u00e1n na jinou  planetu. K jak\u00e9mu m\u00edru Evropsk\u00e1 unie proboha p\u0159isp\u011bla? \u017de v EU nevypukla  t\u0159et\u00ed sv\u011btov\u00e1 v\u00e1lka? To\u00a0je \u0161\u00edlen\u00fd postoj. T\u00edmto rozhodnut\u00edm nevratn\u011b  zdevalvovali ta v\u0161echna ocen\u011bn\u00ed v\u00fdjime\u010dn\u00fdm lidem, kte\u0159\u00ed m\u011bnili a m\u011bn\u00ed  n\u00e1\u0161 sv\u011bt a Nobelova cena b\u011bhem jedin\u00e9ho dne ztratila ve\u0161kerou svou  presti\u017e a hodnotu. Hodnoty, kter\u00e9 \u010dlov\u011bk od d\u011btstv\u00ed v\u017edy zast\u00e1val, miz\u00ed  p\u0159ed o\u010dima. Je na\u010dase takov\u00fd sv\u011bt zm\u011bnit, vr\u00e1tit ho do star\u00fdch kolej\u00ed,\u201c  uvedl \u0160\u0165astn\u00fd.<\/p>\n<p>\u201eZaj\u00edmalo by m\u011b, co ud\u011blaj\u00ed s pen\u011bzi, kter\u00e9 k cen\u011b n\u00e1le\u017e\u00ed. Na ztr\u00e1ty a  dluhy, kter\u00e9 za sebou nov\u00e1 nositelka ceny m\u00edru nech\u00e1v\u00e1, to opravdu  sta\u010dit nebude. Mo\u017en\u00e1 by je ze \u0161v\u00e9dsk\u00e9 akademie m\u011bli poslat rovnou do  \u0158ecka. N\u011bkte\u0159\u00ed nezam\u011bstnan\u00ed by si tam za ty pen\u00edze aspo\u0148 mohli koupit  n\u011bco k j\u00eddlu,\u201c dodal ironicky \u0160\u0165astn\u00fd.<\/p>\n<p><a href=\"http:\/\/www.parlamentnilisty.cz\/rss\/zpravy\/Zcenzurovali-mi-v-Ceske-televizi-ze-EU-je-RVHP-zlobi-se-Jakl-249749\" target=\"_blank\">Zdroj<\/a><\/p>\n","protected":false},"excerpt":{"rendered":"<p>Na p\u016fd\u011b \u010cesk\u00e9 televize se v p\u00e1tek ve\u010der odehr\u00e1l ostr\u00fd st\u0159et nad ot\u00e1zkou ud\u011blen\u00ed Nobelovy ceny m\u00edru Evropsk\u00e9 unii. Stanuli proti sob\u011b ekonom Tom\u00e1\u0161 Sedl\u00e1\u010dek a tajemn\u00edk prezidenta Ladislav Jakl.<\/p>\n","protected":false},"author":1,"featured_media":0,"comment_status":"open","ping_status":"open","sticky":false,"template":"","format":"standard","meta":{"ngg_post_thumbnail":0,"footnotes":""},"categories":[11],"tags":[],"class_list":["post-2884","post","type-post","status-publish","format-standard","hentry","category-ozvena"],"_links":{"self":[{"href":"https:\/\/www.ladislavjakl.cz\/index.php?rest_route=\/wp\/v2\/posts\/2884","targetHints":{"allow":["GET"]}}],"collection":[{"href":"https:\/\/www.ladislavjakl.cz\/index.php?rest_route=\/wp\/v2\/posts"}],"about":[{"href":"https:\/\/www.ladislavjakl.cz\/index.php?rest_route=\/wp\/v2\/types\/post"}],"author":[{"embeddable":true,"href":"https:\/\/www.ladislavjakl.cz\/index.php?rest_route=\/wp\/v2\/users\/1"}],"replies":[{"embeddable":true,"href":"https:\/\/www.ladislavjakl.cz\/index.php?rest_route=%2Fwp%2Fv2%2Fcomments&post=2884"}],"version-history":[{"count":1,"href":"https:\/\/www.ladislavjakl.cz\/index.php?rest_route=\/wp\/v2\/posts\/2884\/revisions"}],"predecessor-version":[{"id":2885,"href":"https:\/\/www.ladislavjakl.cz\/index.php?rest_route=\/wp\/v2\/posts\/2884\/revisions\/2885"}],"wp:attachment":[{"href":"https:\/\/www.ladislavjakl.cz\/index.php?rest_route=%2Fwp%2Fv2%2Fmedia&parent=2884"}],"wp:term":[{"taxonomy":"category","embeddable":true,"href":"https:\/\/www.ladislavjakl.cz\/index.php?rest_route=%2Fwp%2Fv2%2Fcategories&post=2884"},{"taxonomy":"post_tag","embeddable":true,"href":"https:\/\/www.ladislavjakl.cz\/index.php?rest_route=%2Fwp%2Fv2%2Ftags&post=2884"}],"curies":[{"name":"wp","href":"https:\/\/api.w.org\/{rel}","templated":true}]}}