{"id":2892,"date":"2012-10-17T13:39:25","date_gmt":"2012-10-17T11:39:25","guid":{"rendered":"http:\/\/www.ladislavjakl.cz\/?p=2892"},"modified":"2012-10-17T13:39:25","modified_gmt":"2012-10-17T11:39:25","slug":"hovory-na-pravici-%e2%80%9especial%e2%80%9c-prezidentske-hovory","status":"publish","type":"post","link":"https:\/\/www.ladislavjakl.cz\/?p=2892","title":{"rendered":"Hovory na pravici \u201especi\u00e1l\u201c: Prezidentsk\u00e9 hovory"},"content":{"rendered":"<p>Ob\u010dansk\u00e9 sdru\u017een\u00ed Akce D.O.S.T. po\u0159\u00e1d\u00e1 diskusn\u00ed ve\u010der s uchaze\u010di o \u00fa\u0159ad  prezidenta republiky. \u010cty\u0159i prezident\u0161t\u00ed kandid\u00e1ti budou debatovat na  t\u00e9ma &#8222;Obrana st\u00e1tn\u00ed suverenity a tradi\u010dn\u00edch hodnot &#8211;  z\u00e1kladn\u00ed \u00fakol  hlavy st\u00e1tu.&#8220;<\/p>\n<p><!--more--><\/p>\n<p>Pozv\u00e1n\u00ed na PREZIDENTSK\u00c9 HOVORY p\u0159ijali p\u0159edsedkyn\u011b Suverenity Jana  Bobo\u0161\u00edkov\u00e1, tajemn\u00edk prezidenta republiky Ladislav Jakl, velvyslanec v  B\u011blorusku Ji\u0159\u00ed Karas a 1. m\u00edstop\u0159edseda Sen\u00e1tu P\u0159emysl Sobotka.<\/p>\n<p>Unik\u00e1tn\u00ed debatu po\u0159\u00e1d\u00e1 Akce D.O.S.T. ve \u010dtvrtek 18. \u0159\u00edjna od 18 hodin v  Praze v budov\u011b \u010cSVTS v s\u00e1le \u010d. 217 na Novotn\u00e9ho l\u00e1vce \u010d. 5.<\/p>\n<p>Ve\u010der bude moderovat p\u0159edseda Akce D.O.S.T. Michal Sem\u00edn, po vystoupen\u00ed panelist\u016f bude n\u00e1sledovat diskuse.<\/p>\n<p>Akce D.O.S.T. podpo\u0159ila p\u0159i sb\u00edr\u00e1n\u00ed podpis\u016f t\u0159i kandid\u00e1ty, kte\u0159\u00ed jsou  hodnot\u00e1m ob\u010dansk\u00e9ho sdru\u017een\u00ed bl\u00edzc\u00ed a se sdru\u017een\u00edm dlouhodob\u011b  spolupracuj\u00ed &#8211; Ladislava Jakla, Ji\u0159\u00edho Karase a Janu Bobo\u0161\u00edkovou.<\/p>\n<p>Jana Bobo\u0161\u00edkov\u00e1 u\u017e 50.000 podpis\u016f d\u016fle\u017eit\u00fdch pro vstup do  prezidentsk\u00e9ho kl\u00e1n\u00ed ozn\u00e1mila. Ladislav Jakl a Ji\u0159\u00ed Karas podepsali  spole\u010dn\u00e9 prohl\u00e1\u0161en\u00ed o vz\u00e1jemn\u00e9 podpo\u0159e.<\/p>\n<p>&#8222;Na z\u00e1klad\u011b skute\u010dnosti, \u017ee se na\u0161e programov\u00e9 priority p\u0159irozen\u011b  dopl\u0148uj\u00ed a vych\u00e1zej\u00ed ze shodn\u00e9ho hodnotov\u00e9ho r\u00e1mce, ve\u0159ejn\u011b deklarujeme  vz\u00e1jemn\u00fd respekt, podporu a p\u0159ipravenost ke spolupr\u00e1ci. O tot\u00e9\u017e tak\u00e9  ka\u017ed\u00fd z n\u00e1s pros\u00ed sv\u00e9 p\u0159\u00edznivce a vyz\u00fdv\u00e1 je, aby p\u0159i sb\u011bru podpis\u016f,  jimi\u017e je \u00fa\u010dast v prezidentsk\u00fdch volb\u00e1ch podm\u00edn\u011bna, podpo\u0159ili rovn\u011b\u017e  druh\u00e9ho kandid\u00e1ta,&#8220; uvedl Karas a Jakl v deklarace vz\u00e1jemn\u00e9 podpory.  (http:\/\/www.akce-dost.cz\/20121009.htm)<\/p>\n<p>Debata PREZIDENTSK\u00c9 HOVORY navazuje na u\u017e tradi\u010dn\u00ed diskusn\u00ed setk\u00e1n\u00ed  HOVORY NA PRAVICI, na kter\u00fdch vystupuj\u00ed konzervativn\u011b orientovan\u00ed  politici, publicist\u00e9 a ve\u0159ejn\u011b zn\u00e1m\u00e9 osobnosti my\u0161lenkov\u011b bl\u00edzk\u00e9  hodnot\u00e1m vyzn\u00e1van\u00fdm ob\u010dansk\u00fdm sdru\u017een\u00edm Akce D.O.S.T.<\/p>\n<p>Ob\u010dansk\u00e9 sdru\u017een\u00ed Akce D.O.S.T.\u00a0 vystupuje na podporu ob\u010dansk\u00fdch pr\u00e1v a  svobod i tradi\u010dn\u00edch hodnot \u010desk\u00e9 kultury a st\u00e1tnosti. Odm\u00edt\u00e1  ideologizaci ve\u0159ejn\u00e9ho \u017eivota a sna\u017e\u00ed se \u0161\u00ed\u0159it atmosf\u00e9ru otev\u0159enosti a  objektivity. V\u011bnuje se proto vzd\u011bl\u00e1vac\u00ed a populariza\u010dn\u00ed \u010dinnosti, po\u0159\u00e1d\u00e1  kulturn\u00ed akce i ve\u0159ejn\u00e1 shrom\u00e1\u017ed\u011bn\u00ed a happeningy. V neposledn\u00ed \u0159ad\u011b  tak\u00e9 monitoruje p\u0159\u00edpady mo\u017en\u00e9ho poru\u0161ov\u00e1n\u00ed pr\u00e1v a svobod ob\u010dan\u016f a  poskytuje ob\u011btem takov\u00e9ho poru\u0161ov\u00e1n\u00ed pot\u0159ebnou pr\u00e1vn\u00ed pomoc a podporu.  Ve sv\u00e9m p\u016fsoben\u00ed vych\u00e1z\u00ed z textu Manifestu D.O.S.T. ze dne 7. listopadu  2007 a na n\u011bj navazuj\u00edc\u00edch aktivit.<\/p>\n<p>Michal Sem\u00edn, Petr Bahn\u00edk<\/p>\n<p><a href=\"http:\/\/www.parlamentnilisty.cz\/zpravy\/Hovory-na-pravici-special-Prezidentske-hovory-250105\">Zdroj<\/a><\/p>\n","protected":false},"excerpt":{"rendered":"<p>Ob\u010dansk\u00e9 sdru\u017een\u00ed Akce D.O.S.T. po\u0159\u00e1d\u00e1 diskusn\u00ed ve\u010der s uchaze\u010di o \u00fa\u0159ad prezidenta republiky. \u010cty\u0159i prezident\u0161t\u00ed kandid\u00e1ti budou debatovat na t\u00e9ma &#8222;Obrana st\u00e1tn\u00ed suverenity a tradi\u010dn\u00edch hodnot &#8211; z\u00e1kladn\u00ed \u00fakol hlavy st\u00e1tu.&#8220;<\/p>\n","protected":false},"author":1,"featured_media":0,"comment_status":"open","ping_status":"open","sticky":false,"template":"","format":"standard","meta":{"ngg_post_thumbnail":0,"footnotes":""},"categories":[17,11],"tags":[],"class_list":["post-2892","post","type-post","status-publish","format-standard","hentry","category-jakl-president","category-ozvena"],"_links":{"self":[{"href":"https:\/\/www.ladislavjakl.cz\/index.php?rest_route=\/wp\/v2\/posts\/2892","targetHints":{"allow":["GET"]}}],"collection":[{"href":"https:\/\/www.ladislavjakl.cz\/index.php?rest_route=\/wp\/v2\/posts"}],"about":[{"href":"https:\/\/www.ladislavjakl.cz\/index.php?rest_route=\/wp\/v2\/types\/post"}],"author":[{"embeddable":true,"href":"https:\/\/www.ladislavjakl.cz\/index.php?rest_route=\/wp\/v2\/users\/1"}],"replies":[{"embeddable":true,"href":"https:\/\/www.ladislavjakl.cz\/index.php?rest_route=%2Fwp%2Fv2%2Fcomments&post=2892"}],"version-history":[{"count":1,"href":"https:\/\/www.ladislavjakl.cz\/index.php?rest_route=\/wp\/v2\/posts\/2892\/revisions"}],"predecessor-version":[{"id":2893,"href":"https:\/\/www.ladislavjakl.cz\/index.php?rest_route=\/wp\/v2\/posts\/2892\/revisions\/2893"}],"wp:attachment":[{"href":"https:\/\/www.ladislavjakl.cz\/index.php?rest_route=%2Fwp%2Fv2%2Fmedia&parent=2892"}],"wp:term":[{"taxonomy":"category","embeddable":true,"href":"https:\/\/www.ladislavjakl.cz\/index.php?rest_route=%2Fwp%2Fv2%2Fcategories&post=2892"},{"taxonomy":"post_tag","embeddable":true,"href":"https:\/\/www.ladislavjakl.cz\/index.php?rest_route=%2Fwp%2Fv2%2Ftags&post=2892"}],"curies":[{"name":"wp","href":"https:\/\/api.w.org\/{rel}","templated":true}]}}