{"id":2905,"date":"2012-10-22T12:41:30","date_gmt":"2012-10-22T10:41:30","guid":{"rendered":"http:\/\/www.ladislavjakl.cz\/?p=2905"},"modified":"2012-10-22T12:41:30","modified_gmt":"2012-10-22T10:41:30","slug":"jakl-exkluzivne-vondra-patri-mezi-porazene","status":"publish","type":"post","link":"https:\/\/www.ladislavjakl.cz\/?p=2905","title":{"rendered":"Jakl exkluzivn\u011b: Vondra pat\u0159\u00ed mezi pora\u017een\u00e9"},"content":{"rendered":"<p>ODS  by si nem\u011bla myslet, \u017ee prvotn\u00ed \u0161ok opadne a pojede se, jako by se  nechumelilo. Chumel\u00ed, \u0159\u00edk\u00e1 tajemn\u00edk prezidenta Ladislav Jakl.<\/p>\n<p><!--more--><strong>Prvnizpravy.cz  (PZ): M\u00e9dia bij\u00ed na poplach p\u0159ed &#8222;n\u00e1vratem komunist\u016f&#8220; a jak\u00fdmsi  novodob\u00fdm \u00danorem. Propo\u010d\u00edtal jsem si, kolik KS\u010cM z\u00edskala hlas\u016f v  porovn\u00e1n\u00ed s volbami do Poslaneck\u00e9 sn\u011bmovny v roce 2010 (mysl\u00edm, \u017ee d\u00edky  disciplinovanosti voli\u010d\u016f KS\u010cM lze tyto volby porovn\u00e1vat i p\u0159es jejich  rozd\u00edly) a vy\u0161lo mi, \u017ee dostala o n\u011bjak\u00fdch 10.000 hlas\u016f m\u00e9n\u011b (aby to  bylo srovnateln\u00e9, po\u010d\u00edtal jsem v\u00fdsledek za sn\u011bmovn\u00ed volby bez Prahy,  jako tomu bylo nyn\u00ed). Sd\u00edl\u00edte obavy z posilov\u00e1n\u00ed komunistick\u00e9 strany? <\/strong><\/p>\n<div>\nS  postaven\u00edm a samotnou existenc\u00ed komunistick\u00e9 strany u n\u00e1s se nemohu  sm\u00ed\u0159it. A to ani ne tak z politick\u00fdch d\u016fvod\u016f, jako sp\u00ed\u0161 z d\u016fvod\u016f  mor\u00e1ln\u00edch a estetick\u00fdch. Po str\u00e1nce politick\u00e9 mezi nimi a soci\u00e1ln\u00edmi  demokraty nevid\u00edm \u017e\u00e1dn\u00fd rozd\u00edl. R\u016fst vlivu komunist\u016f ale m\u00e1 pro mne i  jeden ryze politick\u00fd negativn\u00ed dopad: posiluje \u010cSSD, proto\u017ee s jin\u00fdmi  koali\u010dn\u00edmi partnery v kraj\u00edch by populismus soci\u00e1ln\u00edch demokrat\u016f byl  alespo\u0148 trochu limitov\u00e1n, zat\u00edmco komunist\u00e9 jim \u017e\u00e1dn\u00e9 limity d\u00e1vat  nebudou a poslu\u0161n\u011b v\u0161e odk\u00fdvou v\u00fdm\u011bnou za funkce.<\/p>\n<p><strong>PZ: Jak by podle V\u00e1s m\u011bla adekv\u00e1tn\u011b zareagovat ODS na svoji historickou por\u00e1\u017eku? <\/strong><\/p>\n<p>Jsem  voli\u010dem Svobodn\u00fdch a nikoli ODS, proto by mi to mohlo b\u00fdt jedno. Ale  nen\u00ed. Role ODS pro pravici je st\u00e1le z\u00e1sadn\u00ed a z jej\u00edho oslaben\u00ed nem\u016f\u017ee  m\u00edt nikdo soudn\u00fd radost. Nechci d\u00e1vat zvn\u011bj\u0161ku kn\u00ed\u017eec\u00ed rady, ale mus\u00ed  p\u0159ij\u00edt v\u00fdrazn\u00e1 zm\u011bna. V \u010dem a jak\u00e1, to si ODS mus\u00ed rozhodnout sama. Ale  nem\u011bla by si myslet, \u017ee prvotn\u00ed \u0161ok opadne a d\u00e1l se pojede, jako by se  nechumelilo. Chumel\u00ed.<br \/>\n<strong><br \/>\nPZ: D\u00e1v\u00e1 do jist\u00e9 m\u00edry unik\u00e1tn\u00ed v\u00fdsledek ODS na Plze\u0148sku pr\u00e1vo Ji\u0159\u00edmu Posp\u00ed\u0161ilovi usilovat o siln\u011bj\u0161\u00ed pozici ve veden\u00ed strany? <\/strong><\/p>\n<p>Nemysl\u00edm.  On z\u010d\u00e1sti profitoval z protestn\u00edch hlas\u016f, volili ho mnoz\u00ed, kte\u0159\u00ed ho  nepova\u017eovali za d\u016fsledn\u00e9ho ochr\u00e1nce pravicov\u00fdch idej\u00ed, ale naopak jako  toho, kdo je oponentem vl\u00e1dy. Bylo by dobr\u00e9 si p\u0159ipomenout, kdo se ho  tehdy zast\u00e1val, kdy\u017e vl\u00e1du musel opustit. Byli to p\u0159edev\u0161\u00edm politici z  druh\u00e9ho b\u0159ehu.<\/p>\n<p><strong>PZ: M\u011bla by se na bl\u00ed\u017e\u00edc\u00edm se kongresu ODS zohlednit i ztr\u00e1ta sen\u00e1torsk\u00e9ho k\u0159esla Alexandra Vondry? <\/strong><\/p>\n<p>Vondra  pat\u0159\u00ed mezi pora\u017een\u00e9. Stejn\u011b jako nejsiln\u011bj\u0161\u00ed figury ODS, tedy Ne\u010das a  Sobotka, proto\u017ee v jejich regionech &#8211; zl\u00ednsk\u00e9m a libereck\u00e9m &#8211; dopadla  ODS nejh\u016f\u0159e.<\/p>\n<p><strong>PZ: Jak hodnot\u00edte v\u00fdsledek Svobodn\u00fdch, s  jejich\u017e pomoc\u00ed se uch\u00e1z\u00edte o kandidaturu na prezidenta republiky a kter\u00e9  jste n\u011bkolikr\u00e1t ve\u0159ejn\u011b podpo\u0159il? I kdy\u017e sami tvrd\u00ed, \u017ee maj\u00ed v\u00edce hlas\u016f  ne\u017e v p\u0159edchoz\u00edch volb\u00e1ch, nez\u00edskali ani jeden mand\u00e1t. Je to ne\u00fasp\u011bch  t\u00e9to euroskepticky lad\u011bn\u00e9 strany? <\/strong><\/p>\n<p>Z\u00edskali procentu\u00e1ln\u011b  i absolutn\u011b v\u00edce hlas\u016f ne\u017e p\u0159i posledn\u00edch volb\u00e1ch, a to nevolila Praha.  P\u0159esto je ten v\u00fdsledek slab\u00fd. Je d\u00e1n hlavn\u011b t\u00edm, \u017ee siln\u00e9 lidi maj\u00ed  Svobodn\u00ed jen v n\u011bkter\u00fdch m\u00edstech, jinde nemaj\u00ed nikoho. V m\u00e9m rodn\u00e9m  Chebu z\u00edskal m\u016fj bratr V\u00e1clav se Svobodn\u00fdmi na p\u011bt stovek hlas\u016f, zat\u00edmco  miliony vyztu\u017een\u00e1 ODS jen \u0161est stovek. Takov\u00fdch lid\u00ed v regionech  Svobodn\u00ed st\u00e1le moc memaj\u00ed. Ale v sen\u00e1tn\u00edch volb\u00e1ch dopadli kandid\u00e1ti  Svobodn\u00fdch velmi dob\u0159e, rozhodn\u011b nepat\u0159ili mezi outsidery.<\/p>\n<p><strong> PZ:  P\u0159ekvapiv\u011b nepos\u00edlila sv\u00e9 pozice ani Suverenita Jany Bobo\u0161\u00edkov\u00e9,  p\u0159esto\u017ee se mohlo zd\u00e1t, \u017ee relativn\u011b dobr\u00e9 v\u00fdsledky z minula by mohla  je\u0161t\u011b vylep\u0161it d\u00edky &#8211; na \u010desk\u00e9 pom\u011bry pon\u011bkud nezvykl\u00e9 &#8211; pr\u016fb\u011b\u017en\u011b veden\u00e9  kampani. Stal se ale prav\u00fd opak. Pro\u010d? <\/strong><\/p>\n<p>To p\u0159esn\u011b nev\u00edm, ale vysv\u011btluji si to nezako\u0159en\u011bnost\u00ed t\u00e9to strany v regionech.<\/p>\n<p><strong>PZ:  Aktivista Karel Jane\u010dek by r\u00e1d prosadil v\u011bt\u0161inov\u00fd syst\u00e9m i pro volby do  Sn\u011bmovny, aby se do n\u00ed &#8211; zjednodu\u0161en\u011b \u0159e\u010deno &#8211; volilo podobn\u011b jako do  Sen\u00e1tu. Tyto sen\u00e1tn\u00ed volby ale zat\u00edm uk\u00e1zaly, \u017ee v drtiv\u00e9 v\u011bt\u0161in\u011b (a\u017e na  mal\u00e9 v\u00fdjimky) postoupili do druh\u00e9ho kola (a v\u016fbec z\u00edskali nejv\u00edce  hlas\u016f) stran\u00edci, tedy ne &#8222;osobnosti&#8220;, jak se \u0159\u00edk\u00e1 v pravdol\u00e1ska\u0159sk\u00e9  hant\u00fdrce z\u00e1stupc\u016fm nepolitick\u00e9 politiky. Neukazuje to, \u017ee tvrzen\u00ed o  neudr\u017eitelnosti syst\u00e9mu politick\u00fdch stran, kter\u00e9 lid\u00e9 jako je Jane\u010dek  raz\u00ed, je fale\u0161n\u00e9 a je sp\u00ed\u0161e jejich zbo\u017en\u00fdm p\u0159\u00e1n\u00edm? <\/strong><\/p>\n<p>Pokud  m\u00e1me m\u00edt dv\u011b komory, mus\u00ed b\u00fdt voleny co nejrozd\u00edln\u011bji. J\u00e1 bych  navrhoval p\u0159esn\u00fd opak. U voleb do sn\u011bmovny bych zru\u0161il v\u011bt\u0161inov\u00e9 prvky  (p\u011btiprocentn\u00ed klausuli, preference a rozd\u011blen\u00ed na volebn\u00ed obvody), u  Sen\u00e1tu bych zase zru\u0161il pom\u011brn\u00fd prvek, tedy druh\u00e9 kolo. A politick\u00e9  strany? Ty byly v\u017edy trnem v oku tomu, kdo cht\u011bl vl\u00e1dnout s\u00e1m p\u0159es  nastr\u010den\u00e9 poslu\u0161n\u00e9 figurky.<br \/>\n<em> <\/em><\/div>\n<div><\/div>\n<div><a href=\"http:\/\/www.prvnizpravy.cz\/zpravy\/z-domova\/jakl-exkluzivne-vondra-patri-mezi-porazene\/\" target=\"_blank\">Zdroj<\/a><\/div>\n","protected":false},"excerpt":{"rendered":"<p>ODS by si nem\u011bla myslet, \u017ee prvotn\u00ed \u0161ok opadne a pojede se, jako by se nechumelilo. Chumel\u00ed, \u0159\u00edk\u00e1 tajemn\u00edk prezidenta Ladislav Jakl.<\/p>\n","protected":false},"author":1,"featured_media":0,"comment_status":"open","ping_status":"open","sticky":false,"template":"","format":"standard","meta":{"ngg_post_thumbnail":0,"footnotes":""},"categories":[13],"tags":[],"class_list":["post-2905","post","type-post","status-publish","format-standard","hentry","category-rozhovory"],"_links":{"self":[{"href":"https:\/\/www.ladislavjakl.cz\/index.php?rest_route=\/wp\/v2\/posts\/2905","targetHints":{"allow":["GET"]}}],"collection":[{"href":"https:\/\/www.ladislavjakl.cz\/index.php?rest_route=\/wp\/v2\/posts"}],"about":[{"href":"https:\/\/www.ladislavjakl.cz\/index.php?rest_route=\/wp\/v2\/types\/post"}],"author":[{"embeddable":true,"href":"https:\/\/www.ladislavjakl.cz\/index.php?rest_route=\/wp\/v2\/users\/1"}],"replies":[{"embeddable":true,"href":"https:\/\/www.ladislavjakl.cz\/index.php?rest_route=%2Fwp%2Fv2%2Fcomments&post=2905"}],"version-history":[{"count":1,"href":"https:\/\/www.ladislavjakl.cz\/index.php?rest_route=\/wp\/v2\/posts\/2905\/revisions"}],"predecessor-version":[{"id":2906,"href":"https:\/\/www.ladislavjakl.cz\/index.php?rest_route=\/wp\/v2\/posts\/2905\/revisions\/2906"}],"wp:attachment":[{"href":"https:\/\/www.ladislavjakl.cz\/index.php?rest_route=%2Fwp%2Fv2%2Fmedia&parent=2905"}],"wp:term":[{"taxonomy":"category","embeddable":true,"href":"https:\/\/www.ladislavjakl.cz\/index.php?rest_route=%2Fwp%2Fv2%2Fcategories&post=2905"},{"taxonomy":"post_tag","embeddable":true,"href":"https:\/\/www.ladislavjakl.cz\/index.php?rest_route=%2Fwp%2Fv2%2Ftags&post=2905"}],"curies":[{"name":"wp","href":"https:\/\/api.w.org\/{rel}","templated":true}]}}