{"id":2910,"date":"2012-10-22T12:47:34","date_gmt":"2012-10-22T11:47:34","guid":{"rendered":"http:\/\/www.ladislavjakl.cz\/?p=2910"},"modified":"2012-11-29T14:13:46","modified_gmt":"2012-11-29T13:13:46","slug":"jakl-se-pri-prezidentske-debate-svlekl-do-tricka-s-eu-v-kosoctverci","status":"publish","type":"post","link":"https:\/\/www.ladislavjakl.cz\/?p=2910","title":{"rendered":"Jakl se p\u0159i prezidentsk\u00e9 debat\u011b svl\u00e9kl do tri\u010dka s EU v koso\u010dtverci"},"content":{"rendered":"<p>Jako showman se p\u0159i prezidentsk\u00e9 debat\u011b \u010dty\u0159 uchaze\u010d\u016f o Hrad p\u0159edvedl Ladislav Jakl, tajemn\u00edk prezidenta V\u00e1clava Klause. Svl\u00e9kl uprost\u0159ed debaty sako, kravatu i ko\u0161ili a odhalil modr\u00e9 tri\u010dko, ve kter\u00e9m chod\u00ed. Na z\u00e1dech m\u00e1 \u017elut\u00e9 hv\u011bzdi\u010dky seskupen\u00e9 do koso\u010dtverce a heslo paroduj\u00edc\u00ed Sov\u011btsk\u00fd svaz: &#8222;S Bruselem na v\u011b\u010dn\u00e9 \u010dasy a nikdy jinak.&#8220;<\/p>\n<p><!--more--><br \/>\nNa p\u0159edn\u00ed stran\u011b m\u00e1 Jaklovo antieurounijn\u00ed tri\u010dko p\u0159ece jen konven\u010dn\u011bj\u0161\u00ed podobu. Mezi \u017elut\u00fdmi unijn\u00edmi hv\u011bzdami se skv\u00ed n\u00e1pis &#8222;New RVHP&#8220;, tedy nov\u00e1 Rada vz\u00e1jemn\u00e9 hospod\u00e1\u0159sk\u00e9 pomoci, co\u017e bylo ekonomick\u00e9 sdru\u017een\u00ed b\u00fdval\u00e9ho Sov\u011btsk\u00e9ho svazu a jeho socialistick\u00fdch satelit\u016f, v\u010detn\u011b \u010ceskoslovenska.<br \/>\nJakl sv\u00fdm tri\u010dkem reagoval na vystoupen\u00ed prvn\u00edho m\u00edstop\u0159edsedy Sen\u00e1tu a prezidentsk\u00e9ho kandid\u00e1ta ODS P\u0159emysla Sobotky. Spolu s nimi se debaty kandid\u00e1t\u016f na Hrad, kter\u00fd uspo\u0159\u00e1dalo euroskeptick\u00e9 hnut\u00ed Akce D.O.S.T, z\u00fa\u010dastnili je\u0161t\u011b \u0161\u00e9fka neparlamentn\u00ed Suverenity Jana Bobo\u0161\u00edkov\u00e1 a velvyslanec v B\u011blorusku, b\u00fdval\u00fd poslanec za lidovce Ji\u0159\u00ed Karas.<\/p>\n<p>&#8222;Prezident na sob\u011b mus\u00ed m\u00edt p\u0159edev\u0161\u00edm tri\u010dko \u010cesk\u00e9 republiky, teprve pod n\u00edm se sv\u00fdm jm\u00e9nem a a\u017e pod n\u00edm tri\u010dko se jm\u00e9nem strany,&#8220; \u0159ekl Sobotka. Jakl reagoval, \u017ee je t\u0159eba vid\u011bt, jak\u00e9 triko na sob\u011b kdo opravdu nos\u00ed a za\u010dal odkl\u00e1dat \u010d\u00e1sti sv\u00e9ho od\u011bvu.<\/p>\n<p>O p\u0159est\u00e1vce prezidentsk\u00e9 debaty se pak Sobotka na Jakla pon\u011bkud zlobil. &#8222;Jsem to j\u00e1, kdo u\u017e p\u011bt let \u0159\u00edk\u00e1, \u017ee Evropsk\u00e1 unie je RVHP s lidskou tv\u00e1\u0159\u00ed,&#8220; \u0159ekl iDNES.cz Sobotka. &#8222;Pokud bychom byli vyzv\u00e1ni k tomu, abychom p\u0159ijali euro, prosazoval bych, aby bylo p\u0159ijato jedin\u011b referendem,&#8220; sl\u00edbil ve sv\u00e9m vystoupen\u00ed prezidentsk\u00fd kandid\u00e1t ODS. Prohl\u00e1sil, \u017ee odm\u00edt\u00e1 Evropskou unii jako superst\u00e1t, federaci \u010di bankovn\u00ed unii.<br \/>\nBobo\u0161\u00edkov\u00e1: Kdy\u017e budu zvolena, Bruselu pravomoce ned\u00e1m<\/p>\n<p>Radik\u00e1ln\u011bj\u0161\u00ed ne\u017e Sobotka byla Bobo\u0161\u00edkov\u00e1. &#8222;Pokud budu zvolena, nep\u0159ipust\u00edm p\u0159enos dal\u0161\u00edch pravomoc\u00ed do Bruselu. A ud\u011bl\u00e1m v\u0161e pro to, abychom se vyv\u00e1zali z povinnosti p\u0159ijmout euro,&#8220; \u0159ekla Bobo\u0161\u00edkov\u00e1. Svoboda podle n\u00ed kon\u010d\u00ed na \u00farovni st\u00e1tu, v nadn\u00e1rodn\u00edch instituc\u00edch nen\u00ed mo\u017en\u00e1. Bobo\u0161\u00edkov\u00e1 se tak\u00e9 v debat\u011b postavila proti sou\u010dasn\u00e9 podob\u011b navrhovan\u00fdch c\u00edrkevn\u00edch restituc\u00ed, proto\u017ee si je zem\u011b nem\u016f\u017ee dovolit.<\/p>\n<p>Jakl prohl\u00e1sil, \u017ee on jasn\u00e9 vyj\u00e1d\u0159en\u00ed k t\u00e9to v\u011bci d\u00e1t nem\u016f\u017ee. &#8222;V\u0161echny z\u00e1kony d\u00e1v\u00e1m panu prezidentovi k podpisu j\u00e1. Je to sou\u010d\u00e1st m\u00e9 agendy,&#8220; vysv\u011btlil. Ale prohl\u00e1sil, \u017ee s hodnocen\u00edm Bobo\u0161\u00edkov\u00e9 tak \u00fapln\u011b nesouhlas\u00ed. P\u0159ipomn\u011bl, \u017ee c\u00edrkevn\u00ed restituce jsou podle n\u011bj z\u00e1rove\u0148 krokem k odluce c\u00edrkv\u00ed od st\u00e1tu.<\/p>\n<p>Karas, kter\u00fd stejn\u011b jako Jakl je\u0161t\u011b nem\u00e1 nasb\u00edran\u00fdch pot\u0159ebn\u00fdch 50 tis\u00edc podpis\u016f, aby se prezidentsk\u00e9 volby v\u016fbec z\u00fa\u010dastnil, se tak\u00e9 c\u00edrkevn\u00edch restituc\u00ed zastal. P\u0159ipustil, \u017ee je zn\u00e1m p\u0159edev\u0161\u00edm jako poslanec-bojovn\u00edk proti registrovan\u00e9mu partnerstv\u00ed homosexu\u00e1l\u016f a potrat\u016fm. &#8222;T\u00edm jsem rozhodn\u011b byl, ale to nen\u00ed v\u0161echno. I d\u00edky mn\u011b se poda\u0159ilo zabr\u00e1nit rozkraden\u00ed majetku b\u00fdval\u00e9ho SSM,&#8220; \u0159ekl Karas.<\/p>\n<p>V jednom se kandid\u00e1ti na Hrad shodli &#8211; Sobotka, Bobo\u0161\u00edkov\u00e1 i Jakl \u0159ekli, \u017ee by nedali vyznamen\u00e1n\u00ed brat\u0159\u00edm Ma\u0161\u00edn\u016fm, kte\u0159\u00ed p\u0159i \u00fat\u011bku na z\u00e1pad z komunistick\u00e9ho \u010ceskoslovenska zabili n\u011bkolik lid\u00ed, v\u010detn\u011b str\u00e1\u017emistra, kter\u00e9ho jeden z brat\u0159\u00ed Ma\u0161\u00edn\u016f pod\u0159\u00edzl, i kdy\u017e byl spoutan\u00fd a nemohl skupinu brat\u0159\u00ed Ma\u0161\u00edn\u016f na \u00fat\u011bku ohrozit.<\/p>\n<p><a href=\"http:\/\/zpravy.idnes.cz\/prezidentska-debata-sobotka-bobosikova-jakl-a-karar-fh4-\/domaci.aspx?c=A121018_195845_domaci_kop\" target=\"_blank\">Zdroj a video<\/a><\/p>\n","protected":false},"excerpt":{"rendered":"<p>Jako showman se p\u0159i prezidentsk\u00e9 debat\u011b \u010dty\u0159 uchaze\u010d\u016f o Hrad p\u0159edvedl Ladislav Jakl, tajemn\u00edk prezidenta V\u00e1clava Klause. Svl\u00e9kl uprost\u0159ed debaty sako, kravatu i ko\u0161ili a odhalil modr\u00e9 tri\u010dko, ve kter\u00e9m chod\u00ed. Na z\u00e1dech m\u00e1 \u017elut\u00e9 hv\u011bzdi\u010dky seskupen\u00e9 do koso\u010dtverce a heslo paroduj\u00edc\u00ed Sov\u011btsk\u00fd svaz: &#8222;S Bruselem na v\u011b\u010dn\u00e9 \u010dasy a nikdy jinak.&#8220;<\/p>\n","protected":false},"author":1,"featured_media":0,"comment_status":"open","ping_status":"open","sticky":false,"template":"","format":"standard","meta":{"ngg_post_thumbnail":0,"footnotes":""},"categories":[17,11,12],"tags":[],"class_list":["post-2910","post","type-post","status-publish","format-standard","hentry","category-jakl-president","category-ozvena","category-video"],"_links":{"self":[{"href":"https:\/\/www.ladislavjakl.cz\/index.php?rest_route=\/wp\/v2\/posts\/2910","targetHints":{"allow":["GET"]}}],"collection":[{"href":"https:\/\/www.ladislavjakl.cz\/index.php?rest_route=\/wp\/v2\/posts"}],"about":[{"href":"https:\/\/www.ladislavjakl.cz\/index.php?rest_route=\/wp\/v2\/types\/post"}],"author":[{"embeddable":true,"href":"https:\/\/www.ladislavjakl.cz\/index.php?rest_route=\/wp\/v2\/users\/1"}],"replies":[{"embeddable":true,"href":"https:\/\/www.ladislavjakl.cz\/index.php?rest_route=%2Fwp%2Fv2%2Fcomments&post=2910"}],"version-history":[{"count":2,"href":"https:\/\/www.ladislavjakl.cz\/index.php?rest_route=\/wp\/v2\/posts\/2910\/revisions"}],"predecessor-version":[{"id":3216,"href":"https:\/\/www.ladislavjakl.cz\/index.php?rest_route=\/wp\/v2\/posts\/2910\/revisions\/3216"}],"wp:attachment":[{"href":"https:\/\/www.ladislavjakl.cz\/index.php?rest_route=%2Fwp%2Fv2%2Fmedia&parent=2910"}],"wp:term":[{"taxonomy":"category","embeddable":true,"href":"https:\/\/www.ladislavjakl.cz\/index.php?rest_route=%2Fwp%2Fv2%2Fcategories&post=2910"},{"taxonomy":"post_tag","embeddable":true,"href":"https:\/\/www.ladislavjakl.cz\/index.php?rest_route=%2Fwp%2Fv2%2Ftags&post=2910"}],"curies":[{"name":"wp","href":"https:\/\/api.w.org\/{rel}","templated":true}]}}