{"id":2914,"date":"2012-10-22T12:46:47","date_gmt":"2012-10-22T10:46:47","guid":{"rendered":"http:\/\/www.ladislavjakl.cz\/?p=2914"},"modified":"2012-10-22T12:51:09","modified_gmt":"2012-10-22T10:51:09","slug":"je-na-case-namazat-si-chleba-evropskou-unii-rika-jakl","status":"publish","type":"post","link":"https:\/\/www.ladislavjakl.cz\/?p=2914","title":{"rendered":"Je na \u010dase namazat si chleba Evropskou uni\u00ed, \u0159\u00edk\u00e1 Jakl"},"content":{"rendered":"<p>Pomaz\u00e1nkov\u00e9 m\u00e1slo si \u010ce\u0161i necht\u011bj\u00ed nechat vz\u00edt.  Rozhodnut\u00ed Evropsk\u00e9 unie se jim nel\u00edb\u00ed. A nel\u00edb\u00ed se ani Hradu! &#8222;Je na  \u010dase namazat si chleba Evropskou uni\u00ed,\u201c vyj\u00e1d\u0159il se pro TN.cz poradce  prezidenta V\u00e1clava Klause Ladislav Jakl.<\/p>\n<p><!--more-->Pro obranu sv\u00e9ho obl\u00edben\u00e9ho v\u00fdrobku nejdou \u010ce\u0161i daleko pro ostr\u00e9 slovo. Takto reaguj\u00ed na facebooku \u010dten\u00e1\u0159i TN.cz.<\/p>\n<p><em>Renata: &#8222;No to n\u00e1m tady diktuje Evropsk\u00e1 unie&#8230;..za chv\u00edli si sjednot\u00edme i jm\u00e9na.\u201c<\/em><\/p>\n<p><em>Petr:  &#8222;Za chvilku n\u00e1m zak\u00e1\u017eou i nos mezi o\u010dima&#8230; Mo\u017en\u00e1 bude tak\u00e9 dobr\u00e9,  p\u0159ejmenovat na\u0161\u00ed celou republiku, n\u00e1zev ur\u010dit\u011b n\u011bjak\u00fd vymysl\u00ed.\u201c<\/em><\/p>\n<p><em>Jarka: &#8222;A\u0165 u\u017e jde slavn\u00e1 EU fakt do h\u00e1je.\u201c<\/em><\/p>\n<p><em>Petra:  &#8222;Naivn\u011b jsem myslela, \u017ee se EU bude starat t\u0159eba o pam\u00e1tky, \u0161koly,  \u0161kolky a jin\u00e9 zde d\u016fle\u017eit\u00e9 v\u011bci k \u0159e\u0161en\u00ed ne\u017e jestli se rum m\u00e1 jmenovat  rum, \u010di Tuzem\u00e1k a pomaz\u00e1nkov\u00e9 m\u00e1slo tuk, mil\u00e1 EU b\u011b\u017ete do \u0159*ti!\u201c<\/em><\/p>\n<p><em>Marian:  \u201eR\u016f\u017ee zvan\u00e1 jinak, von\u011bla by stejn\u011b. Tohle je sice u\u017e ad absurdum, ale  zas na druhou stranu to ch\u00e1pu, pokud se m\u00e1slo ozna\u010duje jen v\u00fdrobek s  ur\u010dit\u00fdm procentem ml\u00e9ka, tak je to v po\u0159\u00e1dku. Jinak n\u00e1m za chv\u00edli  v\u00fdrobci do krabi\u010dek \u2026 ozna\u010d\u00ed jako m\u00e1slo a v\u0161ichni to s chut\u00ed budou  kupovat.\u201c<\/em><\/p>\n<p><strong>EU vn\u00edm\u00e1 \u010cechy jako ob\u010dany t\u0159et\u00ed kategorie, tvrd\u00ed v\u00fdrobci <\/strong><\/p>\n<p>\u0158editel  Ml\u00e9k\u00e1rny Choce\u0148 Pavel Marek: &#8222;Domn\u00edv\u00e1me se, \u017ee tento krok Evropsk\u00e9 unie  je ne\u0161\u0165astn\u00fd nejen pro n\u00e1s v\u00fdrobce, ale i spot\u0159ebitele. Budeme i nad\u00e1le  jednat s ministerstvem zem\u011bd\u011blstv\u00ed. P\u0159\u00ed\u0161t\u00ed t\u00fdden oslov\u00edme dal\u0161\u00ed  v\u00fdrobce, ml\u00e9k\u00e1rensk\u00fd svaz i ministerstvo. Chceme prosadit Pomaz\u00e1nkov\u00e9  m\u00e1slo jako vyj\u00edmku, jako specialitu.\u201c<\/p>\n<p>Gener\u00e1ln\u00ed \u0159editel  Madety Milan Tepl\u00fd: &#8222;V\u00fdsledek n\u00e1s velmi zklamal. Evropsk\u00e1 unie t\u00edm  ob\u010dan\u016fm \u010cesk\u00e9 repub\u013aiky dala z\u0159eteln\u011b najevo, \u017ee je vn\u00edm\u00e1 jako ob\u010dany  t\u0159et\u00ed kvalitativn\u00ed kategorie.&#8220;<\/p>\n<p><a href=\"http:\/\/tn.nova.cz\/zpravy\/domaci\/cesi-brani-pomazankove-maslo-za-chvili-nam-zakazou-i-nos-mezi-ocima.html\" target=\"_blank\">Zdroj<\/a><\/p>\n","protected":false},"excerpt":{"rendered":"<p>Pomaz\u00e1nkov\u00e9 m\u00e1slo si \u010ce\u0161i necht\u011bj\u00ed nechat vz\u00edt. Rozhodnut\u00ed Evropsk\u00e9 unie se jim nel\u00edb\u00ed. A nel\u00edb\u00ed se ani Hradu! &#8222;Je na \u010dase namazat si chleba Evropskou uni\u00ed,\u201c vyj\u00e1d\u0159il se pro TN.cz poradce prezidenta V\u00e1clava Klause Ladislav Jakl.<\/p>\n","protected":false},"author":1,"featured_media":0,"comment_status":"open","ping_status":"open","sticky":false,"template":"","format":"standard","meta":{"ngg_post_thumbnail":0,"footnotes":""},"categories":[11],"tags":[],"class_list":["post-2914","post","type-post","status-publish","format-standard","hentry","category-ozvena"],"_links":{"self":[{"href":"https:\/\/www.ladislavjakl.cz\/index.php?rest_route=\/wp\/v2\/posts\/2914","targetHints":{"allow":["GET"]}}],"collection":[{"href":"https:\/\/www.ladislavjakl.cz\/index.php?rest_route=\/wp\/v2\/posts"}],"about":[{"href":"https:\/\/www.ladislavjakl.cz\/index.php?rest_route=\/wp\/v2\/types\/post"}],"author":[{"embeddable":true,"href":"https:\/\/www.ladislavjakl.cz\/index.php?rest_route=\/wp\/v2\/users\/1"}],"replies":[{"embeddable":true,"href":"https:\/\/www.ladislavjakl.cz\/index.php?rest_route=%2Fwp%2Fv2%2Fcomments&post=2914"}],"version-history":[{"count":3,"href":"https:\/\/www.ladislavjakl.cz\/index.php?rest_route=\/wp\/v2\/posts\/2914\/revisions"}],"predecessor-version":[{"id":2917,"href":"https:\/\/www.ladislavjakl.cz\/index.php?rest_route=\/wp\/v2\/posts\/2914\/revisions\/2917"}],"wp:attachment":[{"href":"https:\/\/www.ladislavjakl.cz\/index.php?rest_route=%2Fwp%2Fv2%2Fmedia&parent=2914"}],"wp:term":[{"taxonomy":"category","embeddable":true,"href":"https:\/\/www.ladislavjakl.cz\/index.php?rest_route=%2Fwp%2Fv2%2Fcategories&post=2914"},{"taxonomy":"post_tag","embeddable":true,"href":"https:\/\/www.ladislavjakl.cz\/index.php?rest_route=%2Fwp%2Fv2%2Ftags&post=2914"}],"curies":[{"name":"wp","href":"https:\/\/api.w.org\/{rel}","templated":true}]}}