{"id":2918,"date":"2012-10-22T12:46:48","date_gmt":"2012-10-22T11:46:48","guid":{"rendered":"http:\/\/www.ladislavjakl.cz\/?p=2918"},"modified":"2012-11-29T14:13:23","modified_gmt":"2012-11-29T13:13:23","slug":"jakl-se-pri-prezidentske-debate-svleknul-a-ukazal-kosoctverec","status":"publish","type":"post","link":"https:\/\/www.ladislavjakl.cz\/?p=2918","title":{"rendered":"Jakl se p\u0159i prezidentsk\u00e9 debat\u011b svl\u00e9knul a uk\u00e1zal koso\u010dtverec"},"content":{"rendered":"<p>Debata \u010dty\u0159 mo\u017en\u00fdch kandid\u00e1t\u016f na prezidentsk\u00fd \u00fa\u0159ad, kterou ve \u010dtvrtek  ve\u010der uspo\u0159\u00e1dala Akce D.O.S.T., m\u011bla zaj\u00edmav\u00e9 zpest\u0159en\u00ed. Postaral se o  n\u011bho tajemn\u00edk, prezidenta V\u00e1clava Klause Ladislav Jakl.<\/p>\n<p><!--more--><\/p>\n<p>Jakl nav\u00e1zal na \u0159e\u010d P\u0159emysla Sobotky, kter\u00fd prohl\u00e1sil, \u017ee ka\u017ed\u00fd z  kandid\u00e1t\u016f na sob\u011b m\u00e1 ur\u010dit\u00e1 tri\u010dka. Triko \u010cesk\u00e9 republiky, triko vlastn\u00ed  strany a p\u0159\u00edpadn\u011b celou \u0159adu dal\u0161\u00edch.<\/p>\n<p>Dosavadn\u00ed tajemn\u00edk V\u00e1clava Klause na to v z\u00e1v\u011bru sv\u00e9ho p\u0159\u00edsp\u011bvku  zareagoval tak, \u017ee je \u010dasto probl\u00e9mem, kdy\u017e ta tri\u010dka nejsou vid\u011bt.  &#8222;Zakr\u00fdv\u00e1 je sako, ko\u0161ile. Ale j\u00e1 to tri\u010dko uk\u00e1\u017eu, svl\u00e9knu se!,&#8220; uvedl  Jakl, kter\u00fd si n\u00e1sledn\u011b rozv\u00e1zal kravatu, sundal sako i ko\u0161ili a odhalil  modr\u00e9 triko se zlat\u00fdmi hv\u011bzdami, na n\u011bm\u017e st\u00e1l n\u00e1pis &#8222;New RVHP&#8220;. Sklidil  za to dlouh\u00fd potlesk publika. Na z\u00e1dech pak m\u011bl vyobrazen\u00fd koso\u010dtverec  ze \u017elut\u00fdch hv\u011bzdi\u010dek s n\u00e1pisem EU uvnit\u0159.<\/p>\n<p>Na akci vedle Ladislava Jakla, kter\u00e9ho do volby navrhuj\u00ed Svobodn\u00ed  vystoupil i prvn\u00ed m\u00edstop\u0159edseda Sen\u00e1tu P\u0159emysl Sobotka z ODS, \u0161\u00e9fka  Suverenity Jana Bobo\u0161\u00edkov\u00e1 a velvyslanec v B\u011blorusku Ji\u0159\u00ed Karas z  KDU-\u010cSL.<\/p>\n<p><a href=\"http:\/\/www.parlamentnilisty.cz\/zpravy\/Jakl-se-pri-prezidentske-debate-svleknul-a-ukazal-kosoctverec-250440\" target=\"_blank\">Zdroj<\/a><\/p>\n","protected":false},"excerpt":{"rendered":"<p>Debata \u010dty\u0159 mo\u017en\u00fdch kandid\u00e1t\u016f na prezidentsk\u00fd \u00fa\u0159ad, kterou ve \u010dtvrtek ve\u010der uspo\u0159\u00e1dala Akce D.O.S.T., m\u011bla zaj\u00edmav\u00e9 zpest\u0159en\u00ed. Postaral se o n\u011bho tajemn\u00edk, prezidenta V\u00e1clava Klause Ladislav Jakl.<\/p>\n","protected":false},"author":1,"featured_media":0,"comment_status":"open","ping_status":"open","sticky":false,"template":"","format":"standard","meta":{"ngg_post_thumbnail":0,"footnotes":""},"categories":[17,11,12],"tags":[],"class_list":["post-2918","post","type-post","status-publish","format-standard","hentry","category-jakl-president","category-ozvena","category-video"],"_links":{"self":[{"href":"https:\/\/www.ladislavjakl.cz\/index.php?rest_route=\/wp\/v2\/posts\/2918","targetHints":{"allow":["GET"]}}],"collection":[{"href":"https:\/\/www.ladislavjakl.cz\/index.php?rest_route=\/wp\/v2\/posts"}],"about":[{"href":"https:\/\/www.ladislavjakl.cz\/index.php?rest_route=\/wp\/v2\/types\/post"}],"author":[{"embeddable":true,"href":"https:\/\/www.ladislavjakl.cz\/index.php?rest_route=\/wp\/v2\/users\/1"}],"replies":[{"embeddable":true,"href":"https:\/\/www.ladislavjakl.cz\/index.php?rest_route=%2Fwp%2Fv2%2Fcomments&post=2918"}],"version-history":[{"count":2,"href":"https:\/\/www.ladislavjakl.cz\/index.php?rest_route=\/wp\/v2\/posts\/2918\/revisions"}],"predecessor-version":[{"id":3215,"href":"https:\/\/www.ladislavjakl.cz\/index.php?rest_route=\/wp\/v2\/posts\/2918\/revisions\/3215"}],"wp:attachment":[{"href":"https:\/\/www.ladislavjakl.cz\/index.php?rest_route=%2Fwp%2Fv2%2Fmedia&parent=2918"}],"wp:term":[{"taxonomy":"category","embeddable":true,"href":"https:\/\/www.ladislavjakl.cz\/index.php?rest_route=%2Fwp%2Fv2%2Fcategories&post=2918"},{"taxonomy":"post_tag","embeddable":true,"href":"https:\/\/www.ladislavjakl.cz\/index.php?rest_route=%2Fwp%2Fv2%2Ftags&post=2918"}],"curies":[{"name":"wp","href":"https:\/\/api.w.org\/{rel}","templated":true}]}}