{"id":2920,"date":"2012-10-22T12:46:20","date_gmt":"2012-10-22T11:46:20","guid":{"rendered":"http:\/\/www.ladislavjakl.cz\/?p=2920"},"modified":"2012-11-29T14:15:44","modified_gmt":"2012-11-29T13:15:44","slug":"jaklovo-tricko-eu-v-kosoctverci","status":"publish","type":"post","link":"https:\/\/www.ladislavjakl.cz\/?p=2920","title":{"rendered":"Jaklovo tri\u010dko? EU v koso\u010dtverci"},"content":{"rendered":"<p>V prezidentsk\u00e9 debat\u011b \u010dty\u0159 uchaze\u010d\u016f o m\u00edsto prezidenta p\u0159ekvapil  tajemn\u00edk prezidenta V\u00e1clava Klause Ladislav Jakl. P\u0159ed zraky poslucha\u010d\u016f  si na m\u00edst\u011b svl\u00e9kl oble\u010den\u00ed, op\u0159el se do Bruselu a uk\u00e1zal tri\u010dko ve  kter\u00e9m chod\u00ed. A co, \u017ee na n\u011bm bylo?  \u017dlut\u00e9 hv\u011bzdi\u010dky seskupen\u00e9 do  koso\u010dtverce spolu s hesly &#8222;New RVHP&#8220; a &#8222;S Bruselem na v\u011b\u010dn\u00e9 \u010dasy a nikdy  jinak.&#8220;<\/p>\n<p><!--more--><\/p>\n<p><a href=\"http:\/\/www.lidovky.cz\/co-nosi-jakl-na-tricku-0t9-\/ln-video.asp?c=A121019_091117_ln-video_Pta\" target=\"_blank\">Zdroj a video<\/a><\/p>\n","protected":false},"excerpt":{"rendered":"<p>V prezidentsk\u00e9 debat\u011b \u010dty\u0159 uchaze\u010d\u016f o m\u00edsto prezidenta p\u0159ekvapil tajemn\u00edk prezidenta V\u00e1clava Klause Ladislav Jakl. P\u0159ed zraky poslucha\u010d\u016f si na m\u00edst\u011b svl\u00e9kl oble\u010den\u00ed, op\u0159el se do Bruselu a uk\u00e1zal tri\u010dko ve kter\u00e9m chod\u00ed. A co, \u017ee na n\u011bm bylo? \u017dlut\u00e9 hv\u011bzdi\u010dky seskupen\u00e9 do koso\u010dtverce spolu s hesly &#8222;New RVHP&#8220; a &#8222;S Bruselem na v\u011b\u010dn\u00e9 \u010dasy [&hellip;]<\/p>\n","protected":false},"author":1,"featured_media":0,"comment_status":"open","ping_status":"open","sticky":false,"template":"","format":"standard","meta":{"ngg_post_thumbnail":0,"footnotes":""},"categories":[11,12],"tags":[],"class_list":["post-2920","post","type-post","status-publish","format-standard","hentry","category-ozvena","category-video"],"_links":{"self":[{"href":"https:\/\/www.ladislavjakl.cz\/index.php?rest_route=\/wp\/v2\/posts\/2920","targetHints":{"allow":["GET"]}}],"collection":[{"href":"https:\/\/www.ladislavjakl.cz\/index.php?rest_route=\/wp\/v2\/posts"}],"about":[{"href":"https:\/\/www.ladislavjakl.cz\/index.php?rest_route=\/wp\/v2\/types\/post"}],"author":[{"embeddable":true,"href":"https:\/\/www.ladislavjakl.cz\/index.php?rest_route=\/wp\/v2\/users\/1"}],"replies":[{"embeddable":true,"href":"https:\/\/www.ladislavjakl.cz\/index.php?rest_route=%2Fwp%2Fv2%2Fcomments&post=2920"}],"version-history":[{"count":2,"href":"https:\/\/www.ladislavjakl.cz\/index.php?rest_route=\/wp\/v2\/posts\/2920\/revisions"}],"predecessor-version":[{"id":3219,"href":"https:\/\/www.ladislavjakl.cz\/index.php?rest_route=\/wp\/v2\/posts\/2920\/revisions\/3219"}],"wp:attachment":[{"href":"https:\/\/www.ladislavjakl.cz\/index.php?rest_route=%2Fwp%2Fv2%2Fmedia&parent=2920"}],"wp:term":[{"taxonomy":"category","embeddable":true,"href":"https:\/\/www.ladislavjakl.cz\/index.php?rest_route=%2Fwp%2Fv2%2Fcategories&post=2920"},{"taxonomy":"post_tag","embeddable":true,"href":"https:\/\/www.ladislavjakl.cz\/index.php?rest_route=%2Fwp%2Fv2%2Ftags&post=2920"}],"curies":[{"name":"wp","href":"https:\/\/api.w.org\/{rel}","templated":true}]}}