{"id":2922,"date":"2012-10-22T12:46:26","date_gmt":"2012-10-22T10:46:26","guid":{"rendered":"http:\/\/www.ladislavjakl.cz\/?p=2922"},"modified":"2012-10-22T12:55:38","modified_gmt":"2012-10-22T10:55:38","slug":"ladislav-jakl-na-memorialu-mateje-kudeje","status":"publish","type":"post","link":"https:\/\/www.ladislavjakl.cz\/?p=2922","title":{"rendered":"Ladislav Jakl na Memori\u00e1lu Mat\u011bje Kud\u011bje"},"content":{"rendered":"<div>V sobotu, 20. \u0159\u00edjna 2012, se v Praze uskute\u010dn\u00ed ji\u017e 19. ro\u010dn\u00edk zn\u00e1m\u00e9 happeningov\u00e9 kulturn\u00ed akce Memori\u00e1l Mat\u011bje Kud\u011bje.<\/div>\n<div><!--more-->Akce se z\u00fa\u010dastn\u00ed  zn\u00e1m\u00e9 osobnosti, mimo jin\u00e9 i prezidentsk\u00fd kandid\u00e1t Strany svobodn\u00fdch  ob\u010dan\u016f, milovn\u00edk piva a hudebn\u00edk Ladislav Jakl.<\/p>\n<p>Sraz \u00fa\u010dastn\u00edk\u016f a  sympatizant\u016f je ve 14:00 na pra\u017esk\u00e9m Poho\u0159elci (u tramvajov\u00e9 zast\u00e1vky  Poho\u0159elec). Slavnostn\u00ed n\u00e1stup v dobov\u00fdch rakousko-uhersk\u00fdch uniform\u00e1ch  \u201etypu \u0160vejk\u201c, oslavn\u00e9 proslovy, hudba, zp\u011bv a posl\u00e9ze start akce jsou  p\u0159edpokl\u00e1d\u00e1ny na uveden\u00e9m m\u00edst\u011b cca ve 14:30 hod.<\/p>\n<p>C\u00edlem akce je  p\u0159ipomenut\u00ed osoby spisovatele, sv\u011btob\u011b\u017en\u00edka a dobrodruha Zde\u0148ka Mat\u011bje  Kud\u011bje (pat\u0159\u00edc\u00edho do okruhu pra\u017esk\u00e9 boh\u00e9my kolem Jaroslava Ha\u0161ka),  pos\u00edlen\u00ed \u201epozipivn\u00edch\u201c tradic \u010desk\u00e9ho n\u00e1roda a p\u0159\u00e1telstv\u00ed mezi lidmi.  Pro p\u0159ipom\u00ednku kamar\u00e1dstv\u00ed Kud\u011bje a Ha\u0161ka, jejich spole\u010dn\u00e9 l\u00e1sky k  boh\u00e9msk\u00e9mu \u017eivotu, literatu\u0159e a pivu op\u011bt poslou\u017e\u00ed 10. kapitola z Osud\u016f  dobr\u00e9ho voj\u00e1ka \u0160vejka, kdy je \u0160vejk dv\u011bma sv\u00fdmi str\u00e1\u017eci eskortov\u00e1n z  Hrad\u010dan, cestou se ov\u0161em v\u0161ichni t\u0159i zastav\u00ed v n\u011bkolika pra\u017esk\u00fdch  hospod\u00e1ch a \u201evo\u017eerou se jako dobytek\u201c. Stejn\u011b tak budou v sobotu, 20.  \u0159\u00edjna 2012, op\u011bt startovat z pra\u017esk\u00e9ho Poho\u0159elce v \u010dasov\u00fdch intervalech  t\u0159\u00ed\u010dlenn\u00e9 hl\u00eddky (p\u0159edpokl\u00e1d\u00e1 se 10 a\u017e 15 hl\u00eddek) v rakousko-uhersk\u00fdch  vojensk\u00fdch uniform\u00e1ch, jejich\u017e povinnost\u00ed bude zastavit se na stejn\u00e9  cest\u011b v p\u0159edem stanoven\u00fdch pra\u017esk\u00fdch lok\u00e1lech a tam realizovat  p\u0159edepsanou konzumaci. C\u00edl bude v hospod\u011b U Pivrnce v Maiselov\u011b ulici.  Jedn\u00e1 se sou\u010dasn\u011b o \u201ez\u00e1vod\u201c, hl\u00eddk\u00e1m je m\u011b\u0159en \u010das, ve kter\u00e9m pam\u00e1tnou  trasu absolvuj\u00ed. O\u010dek\u00e1v\u00e1 se, \u017ee \u00fa\u010dastn\u00edky akce p\u0159ijdou op\u011bt pozdravit i  p\u0159\u00edbuzn\u00ed Z. M. Kud\u011bje a Jaroslava Ha\u0161ka. Ka\u017ed\u00fd z\u00e1jemce o p\u0159\u00edmou \u00fa\u010dast v  rakouskouhersk\u00e9 dobov\u00e9 uniform\u011b je v\u00edt\u00e1n, stejn\u011b tak v\u0161ichni div\u00e1ci a  p\u0159\u00edznivci.<\/p>\n<div><img loading=\"lazy\" decoding=\"async\" src=\"http:\/\/www.prvnizpravy.cz\/repository\/kudej_upr.jpg\" alt=\"\" width=\"295\" height=\"450\" \/><\/div>\n<\/div>\n<div>\n<em>Zden\u011bk Mat\u011bj kud\u011bj : * 24. 11. 1881 Ho\u0159ice (v Podkrkono\u0161\u00ed) + 8. 8. 1955 Litomy\u0161l<\/em>. <em>Vlastn\u00edm  jm\u00e9nem Zden\u011bk Marian kud\u011bj,pat\u0159il do okruhu pra\u017esk\u00e9 boh\u00e9my kolem  Jaroslava Ha\u0161ka (J. Lada, E.A. Longen, F. Sauer, F. Langer, J. Panu\u0161ka a  dal\u0161\u00ed). V letech 1903 a\u017e 1909 procestoval USA a Kanadu, \u017eivil se jako  d\u011bln\u00edk, um\u00fdva\u010d n\u00e1dob\u00ed, farm\u00e1\u0159, plav\u010d\u00edk, kovboj, zlatokop. Po n\u00e1vratu  pracoval jako zednick\u00fd p\u0159idava\u010d, za\u010dal sv\u00e9 z\u00e1\u017eitky z cest liter\u00e1rn\u011b  zpracov\u00e1vat (\u201cB\u00eddn\u00e9 dny a jin\u00e9 pov\u00eddky\u201c, \u201eMajitel zlat\u00fdch dol\u016f a jin\u00e9  pov\u00eddky\u201c), sbl\u00ed\u017eil se s J. Ha\u0161kem a sd\u00edlel s n\u00edm spole\u010dnou dom\u00e1cnost. V  roce 1912 podnikl cestu do Ruska, kde byl v Kyjev\u011b zat\u010den pro podobnost s  anarchistick\u00fdm zlo\u010dincem. Po p\u016flro\u010dn\u00ed vazb\u011b byl vypov\u011bzen ze zem\u011b \u2013 sv\u00e9  z\u00e1\u017eitky popsal v knize \u201eHostem u ba\u0165u\u0161ky cara\u201c. V letech 1913-1914  podnikl s Ha\u0161kem a p\u0159\u00e1teli \u0159adu toulek po \u010cech\u00e1ch, kter\u00e9 op\u011bt zpracoval v  knih\u00e1ch \u201eVe dvou se to l\u00e9pe t\u00e1hne\u201c a \u201eKdy\u017e t\u00e1hne siln\u00e1 \u010dty\u0159ka\u201c. Za 1.  sv\u011btov\u00e9 v\u00e1lky narukoval kv\u016fli zdravotn\u00edm probl\u00e9m\u016fm a\u017e v r. 1917, slou\u017eil  jako vojensk\u00fd p\u00edsa\u0159 u biskupa vojensk\u00e9 slu\u017eby, pot\u00e9 byl superarbitrov\u00e1n  pro p\u0159edst\u00edranou du\u0161evn\u00ed chorobu. Ve dvac\u00e1t\u00fdch letech minul\u00e9ho stolet\u00ed  pro\u017eil n\u011bkolik rok\u016f na Podkarpatsk\u00e9 Rusi (\u201cHoralsk\u00e1 republika\u201c). Nejv\u00edce  si v\u0161ak obl\u00edbil kraj kolem Lipnice a Led\u010de nad S\u00e1zavou. P\u0159isp\u00edval hojn\u011b  do novin a \u010dasopis\u016f \u2013 Zlat\u00e1 Praha, Pr\u00e1vo lidu, N\u00e1rodn\u00ed obzor, Lidov\u00e9  noviny, Sv\u011btozor, N\u00e1rodn\u00ed listy aj. Jeho liter\u00e1rn\u00ed d\u00edlo vynik\u00e1 zejm\u00e9na  autenticitou, humorem a dokument\u00e1rn\u00ed hodnotou. Po roce 1945 publikoval  ji\u017e jen sporadicky v region\u00e1ln\u00edm tisku.<\/em><\/p>\n<p><em>(Prvnizpravy.cz s pou\u017eit\u00edm materi\u00e1l\u016f Milana Kabrny, \u010dlena organiza\u010dn\u00edho v\u00fdboru <a href=\"http:\/\/www.memorialmatejekudeje.cz\/\">Memori\u00e1lu Mat\u011bje kud\u011bje<\/a>)<\/em><\/div>\n<div><\/div>\n<div><a href=\"http:\/\/www.prvnizpravy.cz\/zpravy\/z-regionu\/ladislav-jakl-na-memorialu-mateje-kudeje\/\" target=\"_blank\">Zdroj<\/a><em><br \/>\n<\/em><\/div>\n","protected":false},"excerpt":{"rendered":"<p>V sobotu, 20. \u0159\u00edjna 2012, se v Praze uskute\u010dn\u00ed ji\u017e 19. ro\u010dn\u00edk zn\u00e1m\u00e9 happeningov\u00e9 kulturn\u00ed akce Memori\u00e1l Mat\u011bje Kud\u011bje.<\/p>\n","protected":false},"author":1,"featured_media":0,"comment_status":"open","ping_status":"open","sticky":false,"template":"","format":"standard","meta":{"ngg_post_thumbnail":0,"footnotes":""},"categories":[11],"tags":[],"class_list":["post-2922","post","type-post","status-publish","format-standard","hentry","category-ozvena"],"_links":{"self":[{"href":"https:\/\/www.ladislavjakl.cz\/index.php?rest_route=\/wp\/v2\/posts\/2922","targetHints":{"allow":["GET"]}}],"collection":[{"href":"https:\/\/www.ladislavjakl.cz\/index.php?rest_route=\/wp\/v2\/posts"}],"about":[{"href":"https:\/\/www.ladislavjakl.cz\/index.php?rest_route=\/wp\/v2\/types\/post"}],"author":[{"embeddable":true,"href":"https:\/\/www.ladislavjakl.cz\/index.php?rest_route=\/wp\/v2\/users\/1"}],"replies":[{"embeddable":true,"href":"https:\/\/www.ladislavjakl.cz\/index.php?rest_route=%2Fwp%2Fv2%2Fcomments&post=2922"}],"version-history":[{"count":1,"href":"https:\/\/www.ladislavjakl.cz\/index.php?rest_route=\/wp\/v2\/posts\/2922\/revisions"}],"predecessor-version":[{"id":2923,"href":"https:\/\/www.ladislavjakl.cz\/index.php?rest_route=\/wp\/v2\/posts\/2922\/revisions\/2923"}],"wp:attachment":[{"href":"https:\/\/www.ladislavjakl.cz\/index.php?rest_route=%2Fwp%2Fv2%2Fmedia&parent=2922"}],"wp:term":[{"taxonomy":"category","embeddable":true,"href":"https:\/\/www.ladislavjakl.cz\/index.php?rest_route=%2Fwp%2Fv2%2Fcategories&post=2922"},{"taxonomy":"post_tag","embeddable":true,"href":"https:\/\/www.ladislavjakl.cz\/index.php?rest_route=%2Fwp%2Fv2%2Ftags&post=2922"}],"curies":[{"name":"wp","href":"https:\/\/api.w.org\/{rel}","templated":true}]}}