{"id":2924,"date":"2012-10-22T12:46:58","date_gmt":"2012-10-22T10:46:58","guid":{"rendered":"http:\/\/www.ladislavjakl.cz\/?p=2924"},"modified":"2012-10-22T12:56:52","modified_gmt":"2012-10-22T10:56:52","slug":"pravicovi-kandidati-na-prezidenta-ladili-nazory-na-cirkve-i-euro","status":"publish","type":"post","link":"https:\/\/www.ladislavjakl.cz\/?p=2924","title":{"rendered":"Pravicov\u00ed kandid\u00e1ti na prezidenta ladili n\u00e1zory na c\u00edrkve i euro"},"content":{"rendered":"<p>Praha &#8211; M\u00edstop\u0159edseda Sen\u00e1tu a kandid\u00e1t ODS na prezidenta republiky  P\u0159emysl Sobotka zast\u00e1v\u00e1 n\u00e1zor, \u017ee pokud by Evropsk\u00e1 unie vyzvala \u010ceskou  republiku, aby p\u0159ijala euro, m\u011blo by o jeho p\u0159ijet\u00ed rozhodnout  referendum.<\/p>\n<p><!--more-->P\u0159edsedkyn\u011b Suverenity a dal\u0161\u00ed kandid\u00e1tka na prezidentku  Jana Bobo\u0161\u00edkov\u00e1 by jako hlava st\u00e1tu ud\u011blala v\u0161e pro to, aby \u010cR z  povinnosti euro p\u0159ijmout vyv\u00e1zala. \u0158ekli to na dne\u0161n\u00ed diskusi, kterou  po\u0159\u00e1dala krajn\u011b konzervativn\u00ed Akce D.O.S.T. Jej\u00edm t\u00e9matem byla obrana  st\u00e1tn\u00ed suverenity a tradi\u010dn\u00edch hodnot jako z\u00e1kladn\u00ed \u00fakol hlavy st\u00e1tu.<\/p>\n<p>Debaty se z\u00fa\u010dastnili i dal\u0161\u00ed kandid\u00e1ti &#8211; prezident\u016fv tajemn\u00edk  Ladislav Jakl a velvyslanec v B\u011blorusku Ji\u0159\u00ed Karas. Oba je\u0161t\u011b nemaj\u00ed  dostatek podpis\u016f, ale navz\u00e1jem si u\u017e d\u0159\u00edve deklarovali podporu.<\/p>\n<p>Sobotka  svoji p\u0159edstavu obrany st\u00e1tn\u00ed suverenity popsal tak, \u017ee prezident by na  sob\u011b m\u011bl m\u00edt tri\u010dko \u010cR, pod n\u00edm tri\u010dko &#8222;prezident&#8220;, n\u00e1sledn\u011b sv\u00e9  vlastn\u00ed jm\u00e9no a potom teprve p\u0159\u00edpadn\u011b n\u00e1zev politick\u00e9 strany. Na to ve  sv\u00e9m vystoupen\u00ed reagoval i prezident\u016fv tajemn\u00edk Jakl. Na konci sv\u00e9ho  vystoupen\u00ed se svl\u00e9kl z ko\u0161ile a uk\u00e1zal tri\u010dko kritizuj\u00edc\u00ed EU. Uprost\u0159ed  se skv\u011bl n\u00e1pis &#8222;New RVHP&#8220; nar\u00e1\u017eej\u00edc\u00ed na n\u011bkdej\u0161\u00ed Radu vz\u00e1jemn\u00e9  hospod\u00e1\u0159sk\u00e9 pomoci, sdru\u017een\u00ed zem\u00ed socialistick\u00e9ho bloku z dob studen\u00e9  v\u00e1lky se s\u00eddlem v Moskv\u011b. Na z\u00e1dech tri\u010dko zdobil n\u00e1pis &#8222;S Bruselem na  v\u011b\u010dn\u00e9 \u010dasy a nikdy jinak&#8220; a p\u00edsmena EU uvnit\u0159 koso\u010dtverce slo\u017een\u00e9ho ze  zlat\u00fdch hv\u011bzd.<\/p>\n<p>&#8222;Prezident by m\u011bl b\u00fdt garantem st\u00e1tn\u00ed suverenity a  m\u011bl by b\u00fdt t\u00edm, kdo h\u00e1j\u00ed tradi\u010dn\u00ed lidsk\u00e9 hodnoty,&#8220; popsal sv\u016fj n\u00e1zor  n\u011bkdej\u0161\u00ed dlouholet\u00fd poslanec KDU-\u010cSL a sou\u010dasn\u00fd velvyslanec v B\u011blorusku  Ji\u0159\u00ed Karas. Karas o sob\u011b \u0159ekl, \u017ee b\u00fdv\u00e1 popisov\u00e1n jako ten, kter\u00fd se  stav\u011bl proti registrovan\u00fdm svazk\u016fm osob stejn\u00e9ho pohlav\u00ed nebo proti  interrupc\u00edm. &#8222;Rozhodn\u011b jsem t\u00edm byl a nestyd\u00edm se za to a jsem r\u00e1d,&#8220;  prohl\u00e1sil Karas.<\/p>\n<p>Bobo\u0161\u00edkov\u00e1 \u0159ekla, \u017ee obrana tradi\u010dn\u00edch hodnot a  suverenity st\u00e1tu by se nem\u011bla o\u010dek\u00e1vat pouze od prezidenta, ale m\u011bl by  to b\u00fdt \u00fakol v\u0161ech, kte\u0159\u00ed se v demokratick\u00e9m re\u017eimu uch\u00e1zej\u00ed o d\u016fv\u011bru  ob\u010dana.<\/p>\n<p>Bobo\u0161\u00edkov\u00e1, Sobotka a Jakl se nap\u0159\u00edklad shodli, \u017ee by  neud\u011blili vyznamen\u00e1n\u00ed bratr\u016fm Ma\u0161\u00edn\u016fm. V p\u0159\u00edpad\u011b postoje k c\u00edrkevn\u00edm  restituc\u00edm v\u0161ak zazn\u011bla odli\u0161n\u00e1 stanoviska. Bobo\u0161\u00edkov\u00e1 prohl\u00e1sila, \u017ee by  z\u00e1kon o vyrovn\u00e1n\u00ed st\u00e1tu s c\u00edrkvemi nepodepsala. Naproti tomu Karas  argumentoval t\u00edm, \u017ee lid\u00e9 budou jednou r\u00e1di vyu\u017e\u00edvat nap\u0159\u00edklad domovy  d\u016fchodc\u016f financovan\u00e9 z majetku c\u00edrkve.<\/p>\n<p>Jakl necht\u011bl sv\u016fj postoj k  c\u00edrkevn\u00edm restituc\u00edm otev\u0159en\u011b \u0159\u00edct. Zd\u016fvodnil to t\u00edm, \u017ee sou\u010d\u00e1st\u00ed jeho  pr\u00e1ce je p\u0159edkl\u00e1dat prezidentovi republiky z\u00e1kony i s n\u00e1vrhem stanoviska  a nebylo by spr\u00e1vn\u00e9, kdyby \u0159ekl, co mu doporu\u010d\u00ed.<\/p>\n<p><a href=\"http:\/\/www.ceskenoviny.cz\/zpravy\/pravicovi-kandidati-na-prezidenta-ladili-nazory-na-cirkve-i-euro\/854507\" target=\"_blank\">Zdroj<\/a><\/p>\n","protected":false},"excerpt":{"rendered":"<p>Praha &#8211; M\u00edstop\u0159edseda Sen\u00e1tu a kandid\u00e1t ODS na prezidenta republiky P\u0159emysl Sobotka zast\u00e1v\u00e1 n\u00e1zor, \u017ee pokud by Evropsk\u00e1 unie vyzvala \u010ceskou republiku, aby p\u0159ijala euro, m\u011blo by o jeho p\u0159ijet\u00ed rozhodnout referendum.<\/p>\n","protected":false},"author":1,"featured_media":0,"comment_status":"open","ping_status":"open","sticky":false,"template":"","format":"standard","meta":{"ngg_post_thumbnail":0,"footnotes":""},"categories":[17,11],"tags":[],"class_list":["post-2924","post","type-post","status-publish","format-standard","hentry","category-jakl-president","category-ozvena"],"_links":{"self":[{"href":"https:\/\/www.ladislavjakl.cz\/index.php?rest_route=\/wp\/v2\/posts\/2924","targetHints":{"allow":["GET"]}}],"collection":[{"href":"https:\/\/www.ladislavjakl.cz\/index.php?rest_route=\/wp\/v2\/posts"}],"about":[{"href":"https:\/\/www.ladislavjakl.cz\/index.php?rest_route=\/wp\/v2\/types\/post"}],"author":[{"embeddable":true,"href":"https:\/\/www.ladislavjakl.cz\/index.php?rest_route=\/wp\/v2\/users\/1"}],"replies":[{"embeddable":true,"href":"https:\/\/www.ladislavjakl.cz\/index.php?rest_route=%2Fwp%2Fv2%2Fcomments&post=2924"}],"version-history":[{"count":1,"href":"https:\/\/www.ladislavjakl.cz\/index.php?rest_route=\/wp\/v2\/posts\/2924\/revisions"}],"predecessor-version":[{"id":2925,"href":"https:\/\/www.ladislavjakl.cz\/index.php?rest_route=\/wp\/v2\/posts\/2924\/revisions\/2925"}],"wp:attachment":[{"href":"https:\/\/www.ladislavjakl.cz\/index.php?rest_route=%2Fwp%2Fv2%2Fmedia&parent=2924"}],"wp:term":[{"taxonomy":"category","embeddable":true,"href":"https:\/\/www.ladislavjakl.cz\/index.php?rest_route=%2Fwp%2Fv2%2Fcategories&post=2924"},{"taxonomy":"post_tag","embeddable":true,"href":"https:\/\/www.ladislavjakl.cz\/index.php?rest_route=%2Fwp%2Fv2%2Ftags&post=2924"}],"curies":[{"name":"wp","href":"https:\/\/api.w.org\/{rel}","templated":true}]}}