{"id":2928,"date":"2012-10-22T12:46:46","date_gmt":"2012-10-22T10:46:46","guid":{"rendered":"http:\/\/www.ladislavjakl.cz\/?p=2928"},"modified":"2012-10-22T13:01:01","modified_gmt":"2012-10-22T11:01:01","slug":"pravicaci-pripravili-peklo-adeptovi-ods-na-hrad-pry-jste-mekkys-zaznelo","status":"publish","type":"post","link":"https:\/\/www.ladislavjakl.cz\/?p=2928","title":{"rendered":"Pravi\u010d\u00e1ci p\u0159ipravili peklo adeptovi ODS na Hrad: Pr\u00fd jste m\u011bkk\u00fd\u0161, zazn\u011blo"},"content":{"rendered":"<p>Svoboda slova, Evropsk\u00e1 unie, c\u00edrkevn\u00ed restituce i probl\u00e9my s romskou  men\u0161inou. To v\u0161e byla t\u00e9mata \u010dtvrte\u010dn\u00ed ve\u010dern\u00ed debaty \u201ePrezidentsk\u00e9  hovory\u201c,  kterou uspo\u0159\u00e1dala pravicov\u00e1 konzervativn\u00ed Akce D.O.S.T. K  ostr\u00e9 p\u0159est\u0159elce m\u00e1lem do\u0161lo, kdy\u017e si jeden z div\u00e1k\u016f dob\u00edral P\u0159emysla  Sobotku kv\u016fli nest\u00e1l\u00fdm postoj\u016fm v\u016f\u010di EU.<\/p>\n<p><!--more--><\/p>\n<p>Diskuse se z\u00fa\u010dastnili \u010dty\u0159i uchaze\u010di o \u00fa\u0159ad hlavy \u010desk\u00e9ho st\u00e1tu, prvn\u00ed  m\u00edstop\u0159edseda Sen\u00e1tu za ODS P\u0159emysl Sobotka, p\u0159edsedkyn\u011b Suverenity Jana  Bobo\u0161\u00edkov\u00e1, lidoveck\u00fd exposlanec a velvyslanec v\u00a0B\u011blorusku Ji\u0159\u00ed Karas a  tajemn\u00edk prezidenta Klause Ladislav Jakl.<\/p>\n<p>Jakl se nav\u00edc postaral i o z\u00e1bavn\u00e9 zpest\u0159en\u00ed, i kdy\u017e se zcela v\u00e1\u017en\u00fdm  podtextem, kdy\u017e nav\u00e1zal na tvrzen\u00ed P\u0159emysla Sobotky, \u017ee ka\u017ed\u00fd symbolicky  nos\u00ed n\u011bjak\u00e9 \u201etri\u010dko\u201c. Tedy v\u00a0prv\u00e9 \u0159ad\u011b triko \u010cesk\u00e9 republiky, pak triko  sv\u00e9 strany a mnoh\u00e1 dal\u0161\u00ed.<\/p>\n<p><strong>Eurounijn\u00ed koso\u010dtverec\u2026 A na v\u011b\u010dn\u00e9 \u010dasy<\/strong><\/p>\n<p>\u201eJak vy to ale v\u00edte, kdo nos\u00ed jak\u00e9 tri\u010dko, kdy\u017e m\u00e1 na n\u011bm ko\u0161ili a  sako? Kdy\u017e se n\u011bkdo uch\u00e1z\u00ed o va\u0161i d\u016fv\u011bru, m\u011bl by se um\u011bt svl\u00e9knout a  uk\u00e1zat to tri\u010dko, v\u00a0kter\u00e9m chod\u00ed. J\u00e1 to te\u010f ud\u011bl\u00e1m,\u201c do\u0159ekl Jakl a za\u010dal  si sund\u00e1vat \u010d\u00e1sti oble\u010den\u00ed, pod nimi\u017e bylo modr\u00e9 t\u0159i\u010dko, je\u017e na p\u0159edn\u00ed  stran\u011b ve zlat\u00fdch hv\u011bzd\u00e1ch EU obsahovalo n\u00e1pis \u201eNew RVHP\u201c a na zadn\u00ed  stran\u011b rovnou \u201eS Bruselem na v\u011b\u010dn\u00e9 \u010dasy a nikdy jinak\u201c. Pod t\u00edm byl  je\u0161t\u011b n\u00e1pis \u201eEU\u201c vsazen\u00fd do koso\u010dtverce z\u00a0hv\u011bzdi\u010dek.<\/p>\n<p>Kandid\u00e1t na prezidenta za ODS Sobota se mimo jin\u00e9 nep\u0159\u00edmo pustil do  sv\u00e9ho soka Jana Fischera. \u201eJsem stranick\u00fdm kandid\u00e1tem, prezident je  ostatn\u011b politick\u00e1 funkce,\u201c za\u010dal vysv\u011btlovat a doplnil p\u0159edev\u0161\u00edm, \u017ee  mnoz\u00ed kandid\u00e1ti se vyd\u00e1vaj\u00ed za nez\u00e1visl\u00e9, p\u0159itom v\u00a0jejich minulosti  politick\u00e9 strany jsou. \u201eA u n\u011bkter\u00fdch i ta strana p\u0159edlistopadov\u00e1,\u201c  r\u00fdpnul.<\/p>\n<p>P\u0159emysl Sobotka tak\u00e9 ironicky poznamenal, \u017ee si ho lid\u00e9 \u010dasto pletou s  jin\u00fdm Sobotkou, tedy s \u0161\u00e9fem \u010cSSD, proto pr\u00fd c\u00edt\u00ed pot\u0159ebu se p\u0159edstavit.  &#8222;Jsem \u010dlov\u011bk, kter\u00fd nem\u011bn\u00ed sv\u00e9 politick\u00e9 n\u00e1zory a ve vysok\u00e9 politice se  pohybuji od prvn\u00edch sen\u00e1tn\u00edch voleb,&#8220; konstatoval. Prezident by podle  n\u011bho m\u011bla b\u00fdt p\u0159edev\u0161\u00edm osobnost, kter\u00e1 stoj\u00ed za \u010ceskou republikou.<\/p>\n<p><strong>Vy jste proti EU, pane Sobotko? Vy, kter\u00fd jste schv\u00e1lil Lisabon?<\/strong><\/p>\n<p>To ale nem\u011bl \u0159\u00edkat. V\u00a0n\u00e1sledn\u00e9 diskusi mu \u0161\u00e9f webu Reformy.cz V\u00edt  Jedli\u010dka \u0159ekl, \u017ee by si ho inteligentn\u00ed lid\u00e9 s\u00a0Bohuslavem Sobotkou mohli  spl\u00e9st i kv\u016fli st\u00e1losti jejich politick\u00fdch n\u00e1zor\u016f. \u201eMluv\u00edte proti  Evropsk\u00e9 unii, p\u0159itom jste schv\u00e1lil Lisabonskou smlouvu i Evropsk\u00fd  stabiliza\u010dn\u00ed mechanismus (ESM), kter\u00fd n\u00e1s m\u016f\u017ee p\u0159ij\u00edt na stovky miliard  korun. Je pravda, \u017ee se v\u00e1m mezi stran\u00edky \u0159\u00edk\u00e1 m\u011bkk\u00fd\u0161?\u201c op\u0159el se  libertari\u00e1n a euroskeptik tvrd\u011b do m\u00edstop\u0159edsedy Sen\u00e1tu.<\/p>\n<p>K\u00a0otev\u0159en\u00e9 h\u00e1dce moc nechyb\u011blo v\u00a0okam\u017eiku diskuse nad pojmem svoboda  slova, a zda m\u00e1 b\u00fdt z\u00e1konem regulov\u00e1na a v\u00a0n\u011bkter\u00fdch p\u0159\u00edpadech trest\u00e1na.  Ladislav Jakl jednozna\u010dn\u011b konstatoval, \u017ee svoboda projevu mus\u00ed b\u00fdt  absolutn\u00ed, proto\u017ee st\u00e1t m\u016f\u017ee objektivn\u011b t\u011b\u017eko posuzovat, co je \u0161patn\u00e9 a  co nen\u00ed. V\u017edy to pak z\u00e1vis\u00ed na lidech, kte\u0159\u00ed aktu\u00e1ln\u011b vl\u00e1dnou. Sobotka  v\u0161ak v\u00a0tu chv\u00edli za\u010dal h\u00e1jit regulaci svobody slova, kterou \u010dekal jen  m\u00e1lokdo.<\/p>\n<p>\u201eSvoboda slova n\u00e1s b\u011bhem dvac\u00e1t\u00e9ho stolet\u00ed dostala mnohokr\u00e1t do  pot\u00ed\u017e\u00ed,\u201c nar\u00e1\u017eel na komunismus a nacismus. Nad t\u00edm mnoz\u00ed nejen kroutili  hlavou. Vzhledem k\u00a0\u010dasov\u00e9 t\u00edsni ale musela p\u0159ij\u00edt na \u0159adu dal\u0161\u00ed ot\u00e1zka.<\/p>\n<p>Podle slov Ji\u0159\u00edho Karase mus\u00ed b\u00fdt prezident garantem st\u00e1tn\u00ed suverenity a  obh\u00e1jcem tradi\u010dn\u00edch lidsk\u00fdch hodnot. \u201ePokusil bych se b\u00fdt mor\u00e1ln\u00ed  autoritou, kter\u00e1 by se sna\u017eila n\u00e1rodu uk\u00e1zat, co tradi\u010dn\u00ed hodnoty jsou. I  kdy\u017e by to bylo n\u00e1ro\u010dn\u00e9,\u201c uvedl Karas.<\/p>\n<p>Poznamenal tak\u00e9, \u017ee je sice zn\u00e1m jako odp\u016frce registrovan\u00e9ho  partnerstv\u00ed homosexu\u00e1l\u016f i potrat\u016f, m\u00e1lokdo pr\u00fd ale v\u00ed, \u017ee se tak\u00e9  zaslou\u017eil o to, aby po Listopadu 89 nedo\u0161lo k\u00a0rozkraden\u00ed majetku  b\u00fdval\u00e9ho Socialistick\u00e9ho svazu ml\u00e1de\u017ee.<\/p>\n<p><strong>Pokryte\u010dt\u00ed politici mluv\u00ed o k\u0159es\u0165ansk\u00fdch hodnot\u00e1ch, ale podpo\u0159\u00ed pr\u016fvod gay\u016f<\/strong><\/p>\n<p>T\u00e9matu gay\u016f se dotkla i Jana Bobo\u0161\u00edkov\u00e1. \u201ePolitici maj\u00ed \u010dasto pln\u00e1 \u00fasta  k\u0159es\u0165ansk\u00fdch hodnot, ale podpo\u0159\u00ed pochody homosexu\u00e1l\u016f. V\u00a0takov\u00e9m  pokrytectv\u00ed my \u017eijeme,\u201c nar\u00e1\u017eela na pra\u017esk\u00e9ho prim\u00e1tora Bohuslava  Svobodu, kter\u00e9mu bylo siln\u011b vyt\u00fdk\u00e1no, \u017ee jako p\u0159edstavitel konzervativn\u00ed  strany poskytl u\u017e dvakr\u00e1t z\u00e1\u0161titu akci Prague Pride.<\/p>\n<p>P\u0159edsedkyn\u011b Suverenity se nev\u00e1hala nep\u0159\u00edmo pustit ani do vedle n\u00ed  sed\u00edc\u00edho Sobotky, kdy\u017e varovala, \u017ee politici, kte\u0159\u00ed n\u00e1s dnes cht\u011bj\u00ed  br\u00e1nit p\u0159ed eurem, podpo\u0159ili Lisabon i zmi\u0148ovan\u00fd ESM. Bobo\u0161\u00edkov\u00e1  vzpomn\u011bla i na st\u00e1le \u010dast\u011bji p\u0159ipom\u00ednanou ud\u00e1lost, kdy v\u00a0roce 1998 \u010cesk\u00e1  n\u00e1rodn\u00ed banka za veden\u00ed Josefa To\u0161ovsk\u00e9ho pod cenou prodala velkou \u010d\u00e1st  \u010desk\u00e9ho zlat\u00e9ho pokladu.<\/p>\n<p>Upozornila, \u017ee ne\u0161lo o n\u011bjak\u00e9 oby\u010dejn\u00e9 zlato. \u201eNa ten zlat\u00fd poklad se  za prvn\u00ed republiky skl\u00e1dal cel\u00fd n\u00e1rod. Byly tam n\u00e1hrdeln\u00edky na\u0161ich  prababi\u010dek i medaile \u010deskoslovensk\u00fdch legion\u00e1\u0159\u016f.\u201c<\/p>\n<p>Tajemn\u00edk sou\u010dasn\u00e9 hlavy st\u00e1tu a dal\u0161\u00ed s\u00a0mo\u017en\u00fdch uchaze\u010d\u016f o nejvy\u0161\u0161\u00ed  \u00fastavn\u00ed funkci v\u00a0zemi Ladislav Jakl ve sv\u00e9m vystoupen\u00ed razantn\u011b uvedl,  \u017ee se dnes \u010dasto mluv\u00ed o politice, ale v\u00a0na\u0161\u00ed zemi u\u017e \u017e\u00e1dn\u00e1 politika  nen\u00ed.<\/p>\n<p><strong>Cvi\u010den\u00ed tuleni za 10 miliard<\/strong><\/p>\n<p>\u201eTo, co se za ni vyd\u00e1v\u00e1, je pouze soupe\u0159en\u00ed o vliv a debata o naprosto  nepodstatn\u00fdch technick\u00fdch parametrech, ve kter\u00fdch \u017eijeme. Politika m\u00e1  b\u00fdt z\u00e1sadn\u00ed fundament\u00e1ln\u00ed debatou, st\u0159etem a sout\u011b\u017e\u00ed o charakter a  pojet\u00ed st\u00e1tu. Boj proti korupci, men\u0161\u00ed efektivita, men\u0161\u00ed dluhy, o tom je  politika?!\u201c t\u00e1zal se Jakl a vysv\u011btlil to na konkr\u00e9tn\u00edm p\u0159\u00edklad\u011b.<\/p>\n<p>\u201eM\u00e1me tu projekt za 10 miliard korun na cvi\u010den\u00e9 tulen\u011b. Povede se o tom  diskuse a spor bude v\u00a0tom, \u017ee n\u011bkdo \u0159ekne, \u017ee je to moc drah\u00e9, \u017ee by to  m\u011blo st\u00e1t jen 9 a p\u016fl miliardy, proto\u017ee tam nebylo rozhodov\u00e1no  dostate\u010dn\u011b efektivn\u011b a \u010dist\u011b. Ale jak to, \u017ee nesly\u0161\u00edme \u017e\u00e1dn\u00fd hlas, \u017ee  n\u011bco takov\u00e9ho po\u0159izovat z\u00a0krve a pen\u011bz svobodn\u00fdch lid\u00ed je nespr\u00e1vn\u00e9 a je  to zlo\u010din, \u017ee to nen\u00ed d\u016fvod, kv\u016fli kter\u00e9mu st\u00e1t sm\u00ed pou\u017e\u00edvat n\u00e1sil\u00ed  v\u016f\u010di sv\u00fdm lidem,\u201c kritizoval p\u0159ebujelou byrokracii.<\/p>\n<p>St\u00e1t toti\u017e podle n\u011bho um\u00ed pou\u017e\u00edvat jenom n\u00e1sil\u00ed. \u201e Bere n\u00e1m polovinu  na\u0161ich pen\u011bz, nejm\u00e9n\u011b polovinu na\u0161\u00ed svobody a schopnosti rozhodovat o  sv\u00e9m \u017eivot\u011b a bohu\u017eel tak\u00e9 polovinu zodpov\u011bdnosti a sv\u011bdom\u00ed. Tyto  atributy \u010din\u00ed \u010dlov\u011bka \u010dlov\u011bkem. Pokud si st\u00e1t o polovinu toho v\u0161eho  \u0159\u00edk\u00e1, \u010din\u00ed z\u00a0n\u00e1s polovi\u010dn\u00ed lidi. Je na\u010dase si kus svobody vz\u00edt zp\u00e1tky,\u201c  burcoval Jakl.<\/p>\n<p><strong>Tlust\u00ed mni\u0161i, zlod\u011bj\u0161t\u00ed prel\u00e1ti? Takov\u00e9 ur\u00e1\u017eky\u2026<\/strong><\/p>\n<p>Do\u0161lo v\u0161ak i na takzvan\u00e9 c\u00edrkevn\u00ed restituce, kter\u00e9 vedle P\u0159emysla  Sobotky o pozn\u00e1n\u00ed precizn\u011bji h\u00e1jil Ji\u0159\u00ed Karas: \u201eM\u00e9dia i polici mluv\u00ed o  tom, \u017ee c\u00edrkev n\u011bco dostane, \u017ee Vatik\u00e1n n\u011bco dostane a chce to ukr\u00e1st.  Mluv\u00ed se o tu\u010dn\u00fdm mni\u0161\u00edch a zlod\u011bjsk\u00fdch prel\u00e1tech. To je nesmysl. J\u00e1  jako \u0159adov\u00fd katol\u00edk nejsem \u017e\u00e1dn\u00fd zlod\u011bj a lupi\u010d a vypro\u0161uji si ur\u00e1\u017eky,  \u017ee c\u00edrkev je chamtiv\u00e1.\u201c<\/p>\n<p>Karas toti\u017e p\u0159ipomn\u011bl, \u017ee c\u00edrkev se p\u0159edev\u0161\u00edm star\u00e1 o lidi. A\u0165 u\u017e jde o  c\u00edrkevn\u00ed \u0161kolstv\u00ed, kter\u00e9 je z\u00a0hlediska v\u00fdsledk\u016f na vynikaj\u00edc\u00ed \u00farovni,  nebo t\u0159eba r\u016fzn\u00e9 domovy d\u016fchodc\u016f a podobn\u00e1 za\u0159\u00edzen\u00ed. \u201eMrz\u00ed m\u011b, \u017ee  soci\u00e1ln\u00ed demokrat\u00e9, mezi nimi\u017e m\u00e1m \u0159adu p\u0159\u00e1tel, proti tomu takov\u00fdm  zp\u016fsobem vystupuj\u00ed. P\u0159itom kdy\u017e restituovali Lidov\u00fd d\u016fm, chovali se  \u00fapln\u011b jinak,\u201c \u0159ekl exposlanec KDU-\u010cSL.<\/p>\n<p>T\u00e9matem byla i romsk\u00e1 problematika. \u201ePokud jde o cik\u00e1nsk\u00fd probl\u00e9m  severn\u00edch \u010cech, je evidentn\u00ed, \u017ee t\u0159eba i vinou odbor\u016f je zregulov\u00e1n  pracovn\u00ed trh v\u00a0oblasti minim\u00e1ln\u00ed mzdy \u010di takzvan\u00e9 ochrany zam\u011bstnanc\u016f.  Lid\u00e9 pak nemohou pracovat jen p\u00e1r dn\u016f nebo i hodin v\u00a0t\u00fddnu. \u017div\u00edme si  soci\u00e1ln\u00ed probl\u00e9m, na kter\u00fd nakonec dopl\u00e1c\u00ed da\u0148ov\u00ed poplatn\u00edci i  spole\u010dnost v\u00a0dan\u00e9 lokalit\u011b,\u201c varoval Ladislav Jakl.<\/p>\n<p>S\u00a0n\u00e1vodem na \u0159e\u0161en\u00ed situace p\u0159i\u0161la Jana Bobo\u0161\u00edkov\u00e1, kter\u00e1 problematick\u00e1  m\u00edsta d\u00edky kontaktn\u00ed kampani s \u201eBobobusem\u201c zn\u00e1 velmi dob\u0159e. \u0160okuj\u00edc\u00edm  \u00fakazem podle n\u00ed t\u0159eba je situace, kdy m\u00edstn\u00ed \u00fa\u0159ady nam\u00edsto  nezam\u011bstnan\u00fdch na \u00faklid sv\u00fdch prostor naj\u00edmaj\u00ed specializovan\u00e9 agentury.<\/p>\n<p><a href=\"http:\/\/www.parlamentnilisty.cz\/zpravy\/Pravicaci-pripravili-peklo-adeptovi-ODS-na-Hrad-Pry-jste-mekkys-zaznelo-250468\" target=\"_blank\">Zdroj<\/a><\/p>\n","protected":false},"excerpt":{"rendered":"<p>Svoboda slova, Evropsk\u00e1 unie, c\u00edrkevn\u00ed restituce i probl\u00e9my s romskou men\u0161inou. To v\u0161e byla t\u00e9mata \u010dtvrte\u010dn\u00ed ve\u010dern\u00ed debaty \u201ePrezidentsk\u00e9 hovory\u201c, kterou uspo\u0159\u00e1dala pravicov\u00e1 konzervativn\u00ed Akce D.O.S.T. K ostr\u00e9 p\u0159est\u0159elce m\u00e1lem do\u0161lo, kdy\u017e si jeden z div\u00e1k\u016f dob\u00edral P\u0159emysla Sobotku kv\u016fli nest\u00e1l\u00fdm postoj\u016fm v\u016f\u010di EU.<\/p>\n","protected":false},"author":1,"featured_media":0,"comment_status":"open","ping_status":"open","sticky":false,"template":"","format":"standard","meta":{"ngg_post_thumbnail":0,"footnotes":""},"categories":[17,11],"tags":[],"class_list":["post-2928","post","type-post","status-publish","format-standard","hentry","category-jakl-president","category-ozvena"],"_links":{"self":[{"href":"https:\/\/www.ladislavjakl.cz\/index.php?rest_route=\/wp\/v2\/posts\/2928","targetHints":{"allow":["GET"]}}],"collection":[{"href":"https:\/\/www.ladislavjakl.cz\/index.php?rest_route=\/wp\/v2\/posts"}],"about":[{"href":"https:\/\/www.ladislavjakl.cz\/index.php?rest_route=\/wp\/v2\/types\/post"}],"author":[{"embeddable":true,"href":"https:\/\/www.ladislavjakl.cz\/index.php?rest_route=\/wp\/v2\/users\/1"}],"replies":[{"embeddable":true,"href":"https:\/\/www.ladislavjakl.cz\/index.php?rest_route=%2Fwp%2Fv2%2Fcomments&post=2928"}],"version-history":[{"count":2,"href":"https:\/\/www.ladislavjakl.cz\/index.php?rest_route=\/wp\/v2\/posts\/2928\/revisions"}],"predecessor-version":[{"id":2930,"href":"https:\/\/www.ladislavjakl.cz\/index.php?rest_route=\/wp\/v2\/posts\/2928\/revisions\/2930"}],"wp:attachment":[{"href":"https:\/\/www.ladislavjakl.cz\/index.php?rest_route=%2Fwp%2Fv2%2Fmedia&parent=2928"}],"wp:term":[{"taxonomy":"category","embeddable":true,"href":"https:\/\/www.ladislavjakl.cz\/index.php?rest_route=%2Fwp%2Fv2%2Fcategories&post=2928"},{"taxonomy":"post_tag","embeddable":true,"href":"https:\/\/www.ladislavjakl.cz\/index.php?rest_route=%2Fwp%2Fv2%2Ftags&post=2928"}],"curies":[{"name":"wp","href":"https:\/\/api.w.org\/{rel}","templated":true}]}}