{"id":2933,"date":"2012-10-22T12:46:41","date_gmt":"2012-10-22T10:46:41","guid":{"rendered":"http:\/\/www.ladislavjakl.cz\/?p=2933"},"modified":"2012-10-22T13:08:02","modified_gmt":"2012-10-22T11:08:02","slug":"ladislav-jakl-na-zruseni-eu-nelze-cekat-je-treba-vystoupit","status":"publish","type":"post","link":"https:\/\/www.ladislavjakl.cz\/?p=2933","title":{"rendered":"Ladislav Jakl: Na zru\u0161en\u00ed EU nelze \u010dekat, je t\u0159eba vystoupit."},"content":{"rendered":"<p>Kandid\u00e1t na prezidenta hodnot\u00ed ne\u00fasp\u011b\u0161n\u00e9 volby jako por\u00e1\u017eku vl\u00e1dy. Prohobici pova\u017euje za nepromy\u0161len\u00fd krok. V televizn\u00edm vystoupen\u00ed nev\u00e1hal vystoupit v antieurounijn\u00edm tri\u010dku, co\u017e div\u00e1ci velmi ocenili. Ladislav Jakl tak\u00e9 by tak\u00e9 r\u00e1d podpo\u0159il v\u00fdstup z euroz\u00f3ny.<br \/>\n<!--more--><\/p>\n<p style=\"text-align: justify;\"><img loading=\"lazy\" decoding=\"async\" src=\"http:\/\/www.viposobnosti.eu\/obrazek\/2\/ladislav-jakl-tajemnik-kandidat-na-prezidenta-385\/\" alt=\"\" width=\"300\" height=\"388\" \/><\/p>\n<p>Ladislav Jakl, tajemn\u00edk prezidenta V\u00e1clava Klause<\/p>\n<p><strong>Jak hodnot\u00edte v\u00fdsledky voleb?<\/strong><\/p>\n<p>Jako ka\u017ed\u00fd. Jako por\u00e1\u017eku vl\u00e1dy. Ale ne za dodr\u017eov\u00e1n\u00ed programu, n\u00fdbr\u017e naopak za jeho nedodr\u017eov\u00e1n\u00ed.<\/p>\n<p><strong>Jak\u00fd je v\u00e1\u0161 n\u00e1zor na postup p\u0159i \u0159e\u0161en\u00ed kauzy &#8222;methanol&#8220;. Prohibice nic nep\u0159inesla, lid\u00e9 um\u00edraj\u00ed i dnes.<\/strong><\/p>\n<p>Prohibice velmi zt\u00ed\u017eila vy\u0161et\u0159ov\u00e1n\u00ed. Byl to nepromy\u0161len\u00fd krok. Od za\u010d\u00e1tku se m\u011blo postupovat kriminalistick\u00fdmi metodami jako u c\u00edlen\u00e9 hromadn\u00e9 otravy. Plus bylo t\u0159eba ka\u017ed\u00fd den informovat o rizic\u00edch, aby lid\u00e9 mohli zv\u00e1\u017eit svou spot\u0159ebu a n\u00e1kupy. M\u00edsto toho se v\u0161e tajilo a lid\u00e9 nev\u011bd\u011bli, \u010demu se maj\u00ed vyh\u00fdbat.<\/p>\n<p><strong>Vy jste v\u010dera uk\u00e1zal v televizn\u00ed debat\u011b v antieurounijn\u00edm tri\u010dku, \u010d\u00edm\u017e jste P\u0159emysla Sobotku rozzlobil. Pro\u010d?<\/strong><\/p>\n<p>Tri\u010dko jsem dostal p\u0159ed osmi lety na ve\u0159ejn\u00e9 akci od jednoho p\u0159\u00edznivce. P\u0159ed t\u00fddnem jsem si ho vzal do televize k debat\u011b o Nobelov\u011b cen\u011b m\u00edru pro Evropskou unii. Ale kamera velmi \u00famysln\u011b zabrala jen hv\u011bzdi\u010dky naho\u0159e bez n\u00e1pisu uprost\u0159ed, aby t\u0159eba div\u00e1k nebyl pohor\u0161en. Tak jsem si v\u010dera \u0159ekl, \u017ee si ho vezmu ve\u010der na pivo. P\u0159edt\u00edm jsem ale byl na on\u011bch prezidentsk\u00e1ch hovorech. Netu\u0161il jsem, \u017ee dostanu tak kr\u00e1snou nahr\u00e1vku, jakou mi poskytl P\u0159emysl Sobotka, kter\u00fd ve sv\u00e9m vystoupen\u00ed \u0159ekl, \u017ee v\u017edy nos\u00ed tri\u010dko \u010cesk\u00e9 republiky a teprve pod n\u00edm tri\u010dko stranick\u00e9. Tak jsem na z\u00e1v\u011br sv\u00e9ho n\u00e1sledn\u00e9ho vystoupen\u00ed dodal, \u017ee je dob\u0159e, kdy\u017e politici nos\u00ed jasn\u00e1 a srozumiteln\u00e1 tri\u010dka, ale \u017ee je probl\u00e9m v tom, \u017ee pod ko\u0161il\u00ed a sakem ta trika nejsou vid\u011bt a \u017ee kdy\u017e se n\u011bkdo uch\u00e1z\u00ed o d\u016fv\u011bru voli\u010d\u016f, m\u011bl by se p\u0159ed nimi svl\u00e9knout, aby se vid\u011blo, jak\u00e9 tri\u010dko vlastn\u011b nos\u00ed. Na\u010de\u017e jsem se svl\u00e9kl a tri\u010dko vespod p\u0159ede v\u0161emi uk\u00e1zal.<\/p>\n<p><strong>Ne ka\u017ed\u00fd m\u011bl mo\u017enost sledovat tuto televizn\u00ed debatu. Jak\u00e9 byly reakce?<\/strong><\/p>\n<p>Bylo to kouzlo okam\u017eiku. Lid\u00e9 nad\u0161en\u011b tleskali a hlavn\u011b ocenili, \u017ee mi p\u0159i\u0161la vhod ta nahr\u00e1vka.<\/p>\n<p><strong>Mysl\u00edte si, \u017ee se v\u00e1m poda\u0159ilo sv\u00e9 protikandid\u00e1ty p\u0159esv\u011bd\u010dit?<\/strong><\/p>\n<p>J\u00e1 je necht\u011bl p\u0159esv\u011bd\u010dovat. Jen uk\u00e1zat, \u017ee alibismus nen\u00ed program a \u017ee je t\u0159eba \u0159\u00edkat v\u011bci naplno.<\/p>\n<p><strong>EU je trnem v oku v\u0161ech euroskeptik\u016f . Mysl\u00edte si, \u017ee se tento &#8222;moloch&#8220;d\u00e1 zru\u0161it?<\/strong><\/p>\n<p>Jist\u011b\u017ee d\u00e1. Nic nen\u00ed na v\u011b\u010dn\u00e9 \u010dasy. Ale elity, kter\u00e9 z n \u00ed \u010derpaj\u00ed svou moc, ji budou dr\u017eet do posledn\u00ed chv\u00edle. Proto si mysl\u00edm, \u017ee na zru\u0161en\u00ed EU nelze \u010dekat, je t\u0159eba vystoupit.<\/p>\n<p><strong>Vystoup\u00ed tedy podle v\u00e1\u0161 \u010cR z EU? Pokud ano, kdy?<\/strong><\/p>\n<p>A\u017e se na\u0161e politick\u00e1 reprezentace pochlap\u00ed.<\/p>\n<p><strong>MUDr. Zden\u011bk Schwarz, \u0159editel pra\u017esk\u00e9 z\u00e1chranky, v rozhovoru pro viposobnosti.eu uvedl, \u017ee st\u00e1t spolu s EU ni\u010d\u00ed nejen zdravotnictv\u00ed. Jak\u00fd je v\u00e1\u0161 n\u00e1zor?<\/strong><\/p>\n<p>Ano, i to je pravdou. Za p\u0159\u00edpadn\u00e9 racion\u00e1ln\u00ed kroky nejen ve zdravotnictv\u00ed n\u00e1m vyhro\u017euj\u00ed sankcemi.<\/p>\n<p><strong>Je mo\u017en\u00e9 t\u011bmto sankc\u00edm  zamezit?<\/strong><\/p>\n<p>Je mo\u017en\u00e9 je ingorovat. V\u00edte, jejich v\u00fd\u0161e je o \u0159\u00e1d ni\u017e\u0161\u00ed, ne\u017e \u0161kody, kter\u00e9 n\u00e1m p\u016fsob\u00ed dodr\u017eov\u00e1n\u00ed on\u011bch direktiv.<\/p>\n<p><strong>Ned\u00e1vno jste byl kritizov\u00e1n, kdy\u017e jste v rozhovoru pro viposobnosti.eu \u0159ekl, \u017ee krom\u011b svobody nic nenab\u00edz\u00edte a nechce nic podporovat. Jak jste to tedy myslel?<\/strong><\/p>\n<p>Lid\u00e9 si zvykli, \u017ee st\u00e1t jim krom\u011b pen\u011bz a svobody vzal tak\u00e9 v\u016fli, zodpov\u011bdnost a sv\u011bdom\u00ed. Ale u\u017e n\u00e1m v\u0161em zvon\u00ed bud\u00ed\u010dek.<\/p>\n<p><strong>Kolik jste ji\u017e, jako kandid\u00e1t na prezidenta, nasb\u00edral hlas\u016f, resp. kolik v\u00e1m jich je\u0161t\u011b chyb\u00ed?<\/strong><\/p>\n<p>Nem\u00e1m o tom p\u0159esn\u00fd p\u0159ehled, lid\u00e9 maj\u00ed v\u011bt\u0161inu arch\u016f st\u00e1le u sebe. Ale mysl\u00edm, \u017ee jich chyb\u00ed je\u0161t\u011b dost a \u017ee mus\u00edm hodn\u011b p\u0159idat.<\/p>\n<p><strong>A stihnete to v term\u00ednu?<\/strong><\/p>\n<p>Sna\u017e\u00edm se, co mohu. A m\u00ed p\u0159\u00edznivci tak\u00e9. Snad nen\u00ed pozd\u011b.<\/p>\n<p><a href=\"http:\/\/www.viposobnosti.eu\/inpage\/ladislav-jakl-o-eu\/\" target=\"_blank\">Zdroj<\/a><\/p>\n","protected":false},"excerpt":{"rendered":"<p>Kandid\u00e1t na prezidenta hodnot\u00ed ne\u00fasp\u011b\u0161n\u00e9 volby jako por\u00e1\u017eku vl\u00e1dy. Prohobici pova\u017euje za nepromy\u0161len\u00fd krok. V televizn\u00edm vystoupen\u00ed nev\u00e1hal vystoupit v antieurounijn\u00edm tri\u010dku, co\u017e div\u00e1ci velmi ocenili. Ladislav Jakl tak\u00e9 by tak\u00e9 r\u00e1d podpo\u0159il v\u00fdstup z euroz\u00f3ny.<\/p>\n","protected":false},"author":1,"featured_media":0,"comment_status":"open","ping_status":"open","sticky":false,"template":"","format":"standard","meta":{"ngg_post_thumbnail":0,"footnotes":""},"categories":[17,13],"tags":[],"class_list":["post-2933","post","type-post","status-publish","format-standard","hentry","category-jakl-president","category-rozhovory"],"_links":{"self":[{"href":"https:\/\/www.ladislavjakl.cz\/index.php?rest_route=\/wp\/v2\/posts\/2933","targetHints":{"allow":["GET"]}}],"collection":[{"href":"https:\/\/www.ladislavjakl.cz\/index.php?rest_route=\/wp\/v2\/posts"}],"about":[{"href":"https:\/\/www.ladislavjakl.cz\/index.php?rest_route=\/wp\/v2\/types\/post"}],"author":[{"embeddable":true,"href":"https:\/\/www.ladislavjakl.cz\/index.php?rest_route=\/wp\/v2\/users\/1"}],"replies":[{"embeddable":true,"href":"https:\/\/www.ladislavjakl.cz\/index.php?rest_route=%2Fwp%2Fv2%2Fcomments&post=2933"}],"version-history":[{"count":2,"href":"https:\/\/www.ladislavjakl.cz\/index.php?rest_route=\/wp\/v2\/posts\/2933\/revisions"}],"predecessor-version":[{"id":2935,"href":"https:\/\/www.ladislavjakl.cz\/index.php?rest_route=\/wp\/v2\/posts\/2933\/revisions\/2935"}],"wp:attachment":[{"href":"https:\/\/www.ladislavjakl.cz\/index.php?rest_route=%2Fwp%2Fv2%2Fmedia&parent=2933"}],"wp:term":[{"taxonomy":"category","embeddable":true,"href":"https:\/\/www.ladislavjakl.cz\/index.php?rest_route=%2Fwp%2Fv2%2Fcategories&post=2933"},{"taxonomy":"post_tag","embeddable":true,"href":"https:\/\/www.ladislavjakl.cz\/index.php?rest_route=%2Fwp%2Fv2%2Ftags&post=2933"}],"curies":[{"name":"wp","href":"https:\/\/api.w.org\/{rel}","templated":true}]}}