{"id":2936,"date":"2012-10-22T12:46:34","date_gmt":"2012-10-22T10:46:34","guid":{"rendered":"http:\/\/www.ladislavjakl.cz\/?p=2936"},"modified":"2012-11-29T14:14:53","modified_gmt":"2012-11-29T13:14:53","slug":"prezidentske-hovory-jakl-se-svlekl-sobotka-blabolil","status":"publish","type":"post","link":"https:\/\/www.ladislavjakl.cz\/?p=2936","title":{"rendered":"Prezidentsk\u00e9 hovory: Jakl se svl\u00e9kl, Sobotka bl\u00e1bolil"},"content":{"rendered":"<p>Zaj\u00edmavou prezidentskou debatu p\u0159ipravila Akce D.O.S.T., kdy\u017e pozvala \u010dty\u0159i uchaze\u010de o Hrad. Mnoh\u00e9 se na n\u00ed odhalilo.<\/p>\n<p><!--more-->Medi\u00e1ln\u011b nejchytlav\u011bj\u0161\u00ed bylo bezesporu svl\u00e9k\u00e1n\u00ed hradn\u00edho tajemn\u00edka Ladislava Jakla p\u0159ed televizn\u00edmi kamerami.<\/p>\n<p>&#8222;M\u011bl  jsem pr\u00e1v\u011b v Ud\u00e1lostech modr\u00e9 triko s kruhem \u017elut\u00fdch hv\u011bzd a uprost\u0159ed  n\u00e1pis \u00b4New RVHP\u00b4. Kamera dala jen ty vrchn\u00ed hv\u011bzdy,&#8220; post\u011b\u017eoval si u\u017e  p\u0159ed t\u00fddnem prezident\u016fv tajemn\u00edk Ladislav Jakl, \u017ee kamery \u010cT odm\u00edtly  zabrat jeho protestn\u00ed triko varuj\u00edc\u00ed p\u0159ed modr\u00fdm socialismem Evropsk\u00e9  unie.<\/p>\n<p>M\u00edsto toho \u010cT vys\u00edlala Jakla s horn\u00edmi hv\u011bzdi\u010dkami na  modr\u00e9m podkladu, co\u017e bez vysv\u011btluj\u00edc\u00ed protiunijn\u00edho sloganu mohlo b\u00fdt  pro n\u011bkter\u00e9 matouc\u00ed &#8211; pro\u010d by Jakl nosil unijn\u00ed tri\u010dko?<\/p>\n<p>\u0158editel  politick\u00e9ho odboru prezidenta republiky ale vyu\u017eil toho, \u017ee \u010dtvrte\u010dn\u00ed  debata DOST byla hojn\u011b nav\u0161t\u00edvena novin\u00e1\u0159i a jejich televizn\u00edmi \u0161t\u00e1by a  p\u0159i sv\u00e9m velmi zda\u0159il\u00e9m projevu se rozhodl vtip s trikem zopakovat. Jen s  t\u00edm rozd\u00edlem, \u017ee vyu\u017eije momentu p\u0159ekvapen\u00ed a triko uk\u00e1\u017ee, kdy\u017e ho  nikdo nebude \u010dekat, aby ho novin\u00e1\u0159i u\u017e znovu nemohli zcenzurovat.<\/p>\n<p>Na  sme\u010d mu ostatn\u011b nahr\u00e1l jin\u00fd prezidentsk\u00fd kandid\u00e1t, P\u0159emysl Sobotka,  kter\u00fd ve sv\u00e9m veskrze nudn\u00e9m projevu \u0159\u00edkal cosi o tom, \u017ee prezident by  m\u011bl nosit p\u0159edev\u0161\u00edm tri\u010dko \u010cesk\u00e9 republiky a a\u017e pod n\u00edm triko strany a  pak triko sv\u00fdch vlastn\u00edch n\u00e1zor\u016f.<\/p>\n<p>Jen\u017ee my to triko nevid\u00edme,  nam\u00edtl Jakl. Kandid\u00e1ti ho maj\u00ed schovan\u00e9 pod sakem. Kdy\u017e se n\u011bkdo uch\u00e1z\u00ed\u00a0  o va\u0161i d\u016fv\u011bru, m\u011bl by se um\u011bt svl\u00e9knout a uk\u00e1zat to tri\u010dko, ve kter\u00e9m  chod\u00ed, \u0159ekl publiku. &#8222;J\u00e1 to te\u010f ud\u011bl\u00e1m,&#8220; dodal.<\/p>\n<p>Jakl si po sv\u00fdch  slovech odlo\u017eil sako, rozv\u00e1zal a sundal kravatu a pak pomalu za\u010dal  rozep\u00ednat \u010dernou ko\u0161ili. Poslucha\u010di s bou\u0159liv\u00fdm potleskem p\u0159iv\u00edtali jeho  euroskeptick\u00e9 oble\u010den\u00ed, kter\u00e9 m\u011bl pod ko\u0161il\u00ed. &#8222;To je moje tri\u010dko,&#8220; \u0159ekl  hrd\u011b. &#8211;<a href=\"http:\/\/www.youtube.com\/watch?v=RJD04po8Voo&amp;list=UUqVXKYu0cZD-qeXF3Nz7Xrw&amp;index=1&amp;feature=plcp\" target=\"_blank\"><em><strong> video zde (od 46. minuty)<\/strong><\/em><\/a><\/p>\n<p>Zredukovat  debatu DOSTu jen na tento vtipn\u00fd moment, by ale bylo m\u00e1lo. Zazn\u011blo  mnoho zaj\u00edmav\u00fdch slov, nejen z \u00fast Ladislava Jakla, ale i Ji\u0159\u00edho Karase a  Jany Bobo\u0161\u00edkov\u00e9.<\/p>\n<p><img loading=\"lazy\" decoding=\"async\" src=\"http:\/\/www.prvnizpravy.cz\/repository\/articles\/jakl_triko2.jpg\" alt=\"\" width=\"393\" height=\"279\" \/><br \/>\n<strong><br \/>\nPOT\u0158EBA MOR\u00c1LN\u00cd AUTORITY<\/strong><\/p>\n<p>Pozvan\u00ed  uchaze\u010di o Hrad se m\u011bli vyj\u00e1d\u0159it k tomu, jak by ve sv\u00e9m \u00fa\u0159ad\u011b, kdyby  byli zvoleni, h\u00e1jili st\u00e1tn\u00ed svrchovanost a tradi\u010dn\u00ed hodnoty, co\u017e bylo  t\u00e9ma ve\u010dera moderovan\u00e9ho p\u0159edsedou Akce D.O.S.T. Michalem Sem\u00ednem.<\/p>\n<p>Podle  Ji\u0159\u00edho Karase, sou\u010dasn\u00e9ho velvyslance v B\u011blorusku a b\u00fdval\u00e9ho  lidoveck\u00e9ho poslance, by prezident garantem pr\u00e1v\u011b takov\u00fdch hodnot b\u00fdt  m\u011bl. M\u011bl by b\u00fdt mor\u00e1ln\u00ed autoritou a vr\u00e1tit \u010desk\u00e9mu n\u00e1rodu d\u016fv\u011bru v sama  sebe. &#8222;Pokusil bych se uk\u00e1zat, co to tradi\u010dn\u00ed hodnoty jsou a co je  st\u00e1tn\u00ed suverenita,&#8220; \u0159ekl Karas. Kritizoval stav spole\u010dnosti, kdy jsou  mlad\u00ed lid\u00e9 vedeni k r\u016fzn\u00fdm v\u011bdomostem o tom \u010di onom, ale nedozv\u00ed se nic o  ot\u00e1zk\u00e1ch mor\u00e1lky a etiky. V Brit\u00e1nii dokonce podle jednoho pr\u016fzkumu  mlad\u00ed lid\u00e9 ztr\u00e1cej\u00ed p\u0159edstavu o tom, co je dobr\u00e9 a \u0161patn\u00e9 a p\u0159est\u00e1vaj\u00ed  rozli\u0161ovat, co je zlo\u010din a co dobr\u00fd skutek.<\/p>\n<p>Karas tak\u00e9 mluvil  v\u00edce o sob\u011b a o tom, co v politice dok\u00e1zal, nebo\u0165 m\u00e9dia, kter\u00e1 mu nejsou  p\u0159\u00edli\u0161 p\u0159\u00edzniv\u011b naklon\u011bna, o n\u011bm referuj\u00ed pouze jako o tom, kdo bojoval  proti potrat\u016fm a svazk\u016fm homosexu\u00e1l\u016f.<\/p>\n<p><strong>ROZPOR MEZI SLOVY A \u010cINY<\/strong><\/p>\n<p>Jana\u00a0  Bobo\u0161\u00edkov\u00e1, p\u0159edsedkyn\u011b Suverenity, nejprve vymezila dan\u00e9 pojmy a pak  se k nim vyj\u00e1d\u0159ila. Tradi\u010dn\u00edch hodnot m\u00e1me v\u0161ichni pln\u00e1 \u00fasta, ale ve  skute\u010dnosti je jen m\u00e1lokdo h\u00e1j\u00ed, \u0159ekla. Bobo\u0161\u00edkov\u00e1 v tom vid\u00ed  pokrytectv\u00ed &#8211; politici mluv\u00ed, ale nedr\u017e\u00ed se toho. P\u0159\u00edkladem je podpora  Gay Parade ze strany konkr\u00e9tn\u00edch politik\u016f, kte\u0159\u00ed u\u017e ale necht\u011bj\u00ed  podpo\u0159it Pochod pro rodinu, a\u010d se jinak k tradi\u010dn\u00edm hodnot\u00e1m verb\u00e1ln\u011b  hl\u00e1s\u00ed.<\/p>\n<p>Jin\u00ed zase mluv\u00ed o l\u00e1sce k \u010desk\u00e9 korun\u011b, ale je divn\u00e9, \u017ee  takov\u00e1 slova jdou \u010dasto z \u00fast t\u011bch, kte\u0159\u00ed s naprost\u00fdm klidem p\u0159edt\u00edm  schvalovali Lisabonskou smlouvu a ESM, \u0159ekla Bobo\u0161\u00edkov\u00e1 ve zjevn\u00e9  nar\u00e1\u017ece na P\u0159emysla Sobotku, kter\u00fd se p\u0159i t\u011bch slovech nervozn\u011b o\u0161\u00edval.<\/p>\n<p>A  pro\u010d by m\u011bla st\u00e1tn\u00ed svrchovanost a tradi\u010dn\u00ed hodnoty h\u00e1jit jen hlava  st\u00e1tu, kdy\u017e by to m\u011bli d\u011blat v\u0161ichni z\u00e1konod\u00e1rci, v\u0161ech 281 poslanc\u016f a  sen\u00e1tor\u016f, jak se ve sv\u00e9m \u00fastavn\u00edm slibu zav\u00e1zali? ptala se \u0159e\u010dnicky.<\/p>\n<p>Pot\u00e9  za sebe sl\u00edbila, \u017ee v prezidentsk\u00e9 funkci by nep\u0159ipustila p\u0159enos  dal\u0161\u00edch kompetenc\u00ed na nadn\u00e1rodn\u00ed uskupen\u00ed, ud\u011blala by v\u0161e pro to, aby  vyv\u00e1zala \u010ceskou republiku z povinnosti p\u0159ijmout euro, sna\u017eila by se  \u0161\u00ed\u0159it \u00factu k vlasti, ke svobod\u011b, k historick\u00e9 pravd\u011b, k \u017eivotu, ke st\u00e1\u0159\u00ed  a k pr\u00e1ci.<\/p>\n<p>Do \u00dastavn\u00edho soudu by najmenovala odborn\u00edky, kte\u0159\u00ed &#8211;  a\u010dkoli jsou kvalitn\u00ed &#8211; byli u\u017e Sen\u00e1tem zbyte\u010dn\u011b odm\u00edtnuti (Pavl\u00ed\u010dek,  Pejchal). V souvislosti s \u010ceskou n\u00e1rodn\u00ed bankou pak sl\u00edbila, \u017ee by  ud\u011blala v\u0161e pro to, aby nedo\u0161lo k podobn\u00fdm zlo\u010din\u016fm, jako kdy\u017e v roce  1997 a 1998 tehdej\u0161\u00ed havlistick\u00e9 veden\u00ed zem\u011b a \u010cNB s naprost\u00fdm klidem  prodalo zlat\u00fd poklad republiky, nav\u00edc pod cenou.<\/p>\n<p>Ne\u0161lo tak\u00e9 o  oby\u010dejn\u00e9 zlato. \u201eNa ten zlat\u00fd poklad se za prvn\u00ed republiky skl\u00e1dal cel\u00fd  n\u00e1rod. Byly tam n\u00e1hrdeln\u00edky na\u0161ich prababi\u010dek i medaile \u010deskoslovensk\u00fdch  legion\u00e1\u0159\u016f.\u201c<\/p>\n<p><strong>POLITIKA DNES NEEXISTUJE<\/strong><\/p>\n<p>Je\u0161t\u011b  ne\u017e se k pobaven\u00ed s\u00e1lu Ladislav Jakl svl\u00e9kl, p\u0159ednesl sv\u00e9  n\u011bkolikaminutov\u00e9 zamy\u0161len\u00ed. Jakl je dobr\u00fd r\u00e9tor a vychutn\u00e1val si, jak mu  s\u00e1l bedliv\u011b naslouchal. Mluvil pomalu, r\u00e1zn\u011b a p\u0159esv\u011bd\u010div\u011b. Hlavn\u00edm  probl\u00e9mem dne\u0161n\u00ed doby a dne\u0161n\u00ed politiky podle n\u011bj je, \u017ee \u017e\u00e1dn\u00e1 politika u  n\u00e1s nen\u00ed.<\/p>\n<p>Politici a skrze m\u00e9dia zprost\u0159edkovan\u011b i cel\u00e1  ve\u0159ejnost se bav\u00ed pouze o technick\u00fdch detailech st\u00e1vaj\u00edc\u00edho syst\u00e9mu, o  jeho naprosto nepodstatn\u00fdch parametrech. To, a tak\u00e9 soupe\u0159en\u00ed o vliv, se  dnes vyd\u00e1v\u00e1 za politiku.<\/p>\n<p>Av\u0161ak politika m\u00e1 b\u00fdt fundament\u00e1ln\u00ed debatou, st\u0159etem a sout\u011b\u017e\u00ed idej\u00ed o charakter a pojet\u00ed st\u00e1tu, o vztahu \u010dlov\u011bka a st\u00e1tu.<\/p>\n<p>Zvykli  jsme si, \u017ee st\u00e1t si p\u0159ich\u00e1z\u00ed pro nejm\u00e9n\u011b polovinu na\u0161eho \u017eivota, na\u0161\u00ed  svobody, na\u0161ich pen\u011bz, ale i pro polovinu zodpov\u011bdnosti a sv\u011bdom\u00ed. \u010cin\u00ed  tak z n\u00e1s polovi\u010dn\u00ed lidi. Je na\u010dase si kus svobody vz\u00edt zp\u00e1tky, \u0159ekl.<\/p>\n<p>Politiku je podle n\u011bho t\u0159eba do na\u0161ich \u017eivot\u016f vr\u00e1tit. I k tomu pak pot\u0159ebujeme st\u00e1t a st\u00e1tnost.<\/p>\n<p><strong>CHUD\u00c1K SOBOTKA<\/strong><\/p>\n<p>Na  P\u0159emyslovi Sobotkovi bylo mo\u017en\u00e9 ocenit jen to, \u017ee mezi n\u00e1rodovecky  sm\u00fd\u0161lej\u00edc\u00ed konzervativce v\u016fbec p\u0159i\u0161el. \u010clov\u011bk, kter\u00fd tak v\u00fdznamn\u011b (a v  rozporu se sv\u00fdmi d\u0159\u00edv\u011bj\u0161\u00edmi sliby) podpo\u0159il Lisabonskou smlouvu, nemohl  p\u0159\u00edli\u0161 po\u010d\u00edtat s t\u00edm, \u017ee by zde na\u0161el p\u0159\u00e1telsky lad\u011bn\u00e9 auditorium.<\/p>\n<p>Jeho  vystoupen\u00ed bylo ale trestuhodn\u011b nudn\u00e9, slab\u00e9, a\u017e skand\u00e1ln\u00ed. B\u00fdval\u00fd  p\u0159edseda Sen\u00e1tu a dnes jeho m\u00edstop\u0159edseda a n\u011bkdo, kdo se v\u00e1\u017en\u011b uch\u00e1z\u00ed o  post prezidenta republiky, p\u016fsobil unaven\u00fdm a\u017e opil\u00fdm dojmem, ne\u0159ekl  jasnou my\u0161lenku, nemluvil k v\u011bci, zadrh\u00e1val se, \u0161patn\u011b sklo\u0148oval a sypal  z ruk\u00e1vu jednu fr\u00e1zi za druhou, kdy\u017e mluvil o korupci \u010di byrokracii.<\/p>\n<p>Kdy\u017e  byl konfrontov\u00e1n se sv\u00fdmi politick\u00fdmi chybami (podpora LS, ESM,  neochota hlasovat proti zelen\u00fdm energi\u00edm, a\u010d se tv\u00e1\u0159\u00ed jako jejich  odp\u016frce a podporovatel j\u00e1dra), reagoval podr\u00e1\u017ed\u011bn\u011b a s d\u011btinsk\u00fdmi  v\u00fdmluvami, kter\u00e9 vzbuzovaly \u00fa\u0161klebky na tv\u00e1\u0159i publika. V s\u00e1le mu nikdo  netleskal a P\u0159emysl Sobotka sp\u00ed\u0161e budil l\u00edtost. Politick\u00e1 troska?<\/p>\n<p>Sobotka  si ale nab\u011bhl nejen s tri\u010dkem, ale i tehdy, kdy\u017e si post\u011b\u017eoval, \u017ee si  ho lid\u00e9 a novin\u00e1\u0159i pletou s jin\u00fdm Sobotkou &#8211; v nar\u00e1\u017ece na jeho jmenovce v  \u010dele \u010cSSD. Toho ale vyu\u017eil \u0161\u00e9f webu Reformy.cz V\u00edt Jedli\u010dka a \u010dlen  Svobodn\u00fdch a s v\u00e1\u017en\u00fdm hlasem nam\u00edtl, \u017ee by si ho inteligentn\u00ed lid\u00e9 s  Bohuslavem Sobotkou mohli klidn\u011b spl\u00e9st i kv\u016fli podobnosti jejich  politick\u00fdch n\u00e1zor\u016f.<\/p>\n<p>\u201eMluv\u00edte proti Evropsk\u00e9 unii, p\u0159itom jste  schv\u00e1lil Lisabonskou smlouvu i Evropsk\u00fd stabiliza\u010dn\u00ed mechanismus (ESM),  kter\u00fd n\u00e1s m\u016f\u017ee p\u0159ij\u00edt na stovky miliard korun. Je pravda, \u017ee se v\u00e1m mezi  stran\u00edky \u0159\u00edk\u00e1 m\u011bkk\u00fd\u0161?\u201c op\u0159el se Jedli\u010dka do m\u00edstop\u0159edsedy Sen\u00e1tu.<\/p>\n<p>P\u0159emysl Sobotka, rud\u00fd a\u017e za u\u0161ima, pak u\u017e rad\u011bji nic nekomentoval.<\/p>\n<p>Po  kr\u00e1tk\u00e9 p\u0159est\u00e1vce debata pokra\u010dovala dotazy moder\u00e1tora, kter\u00fd ka\u017ed\u00e9mu  p\u0159ipravil jeden dotaz \u0161it\u00fd dan\u00e9mu kandid\u00e1tovi na t\u011blo. Karase se  moder\u00e1tor Michal Sem\u00edn ptal na B\u011blorusko, Sobotky na zmi\u0148ovanou  Lisabonskou smlouvu, Bobo\u0161\u00edkov\u00e9 na c\u00edrkevn\u00ed restituce a Jakla na to, zda  by podepsal p\u0159\u00edpadn\u00fd z\u00e1kon o zru\u0161en\u00ed n\u011bjak\u00e9 politick\u00e9 strany, kter\u00e1 by  hl\u00e1sala zl\u00e9 my\u0161lenky.<\/p>\n<p>Jejich odpov\u011bdi i cel\u00fd z\u00e1znam debaty, kter\u00e1 se pak sto\u010dila na c\u00edrkevn\u00ed restituce \u010di cik\u00e1nsk\u00fd probl\u00e9m, je mo\u017en\u00e9 vid\u011bt na <a href=\"http:\/\/www.youtube.com\/watch?v=RJD04po8Voo&amp;list=UUqVXKYu0cZD-qeXF3Nz7Xrw&amp;index=1&amp;feature=plcp\" target=\"_blank\"><em><strong>tomto videu<\/strong><\/em><\/a>.<\/p>\n<p><a href=\"http:\/\/www.prvnizpravy.cz\/zpravy\/z-domova\/prezidentske-hovory-jakl-se-svlekl-sobotka-blabolil\/\" target=\"_blank\">Zdroj<\/a><\/p>\n","protected":false},"excerpt":{"rendered":"<p>Zaj\u00edmavou prezidentskou debatu p\u0159ipravila Akce D.O.S.T., kdy\u017e pozvala \u010dty\u0159i uchaze\u010de o Hrad. Mnoh\u00e9 se na n\u00ed odhalilo.<\/p>\n","protected":false},"author":1,"featured_media":0,"comment_status":"open","ping_status":"open","sticky":false,"template":"","format":"standard","meta":{"ngg_post_thumbnail":0,"footnotes":""},"categories":[17,11,12],"tags":[],"class_list":["post-2936","post","type-post","status-publish","format-standard","hentry","category-jakl-president","category-ozvena","category-video"],"_links":{"self":[{"href":"https:\/\/www.ladislavjakl.cz\/index.php?rest_route=\/wp\/v2\/posts\/2936","targetHints":{"allow":["GET"]}}],"collection":[{"href":"https:\/\/www.ladislavjakl.cz\/index.php?rest_route=\/wp\/v2\/posts"}],"about":[{"href":"https:\/\/www.ladislavjakl.cz\/index.php?rest_route=\/wp\/v2\/types\/post"}],"author":[{"embeddable":true,"href":"https:\/\/www.ladislavjakl.cz\/index.php?rest_route=\/wp\/v2\/users\/1"}],"replies":[{"embeddable":true,"href":"https:\/\/www.ladislavjakl.cz\/index.php?rest_route=%2Fwp%2Fv2%2Fcomments&post=2936"}],"version-history":[{"count":4,"href":"https:\/\/www.ladislavjakl.cz\/index.php?rest_route=\/wp\/v2\/posts\/2936\/revisions"}],"predecessor-version":[{"id":3218,"href":"https:\/\/www.ladislavjakl.cz\/index.php?rest_route=\/wp\/v2\/posts\/2936\/revisions\/3218"}],"wp:attachment":[{"href":"https:\/\/www.ladislavjakl.cz\/index.php?rest_route=%2Fwp%2Fv2%2Fmedia&parent=2936"}],"wp:term":[{"taxonomy":"category","embeddable":true,"href":"https:\/\/www.ladislavjakl.cz\/index.php?rest_route=%2Fwp%2Fv2%2Fcategories&post=2936"},{"taxonomy":"post_tag","embeddable":true,"href":"https:\/\/www.ladislavjakl.cz\/index.php?rest_route=%2Fwp%2Fv2%2Ftags&post=2936"}],"curies":[{"name":"wp","href":"https:\/\/api.w.org\/{rel}","templated":true}]}}