{"id":2939,"date":"2012-10-22T12:46:55","date_gmt":"2012-10-22T10:46:55","guid":{"rendered":"http:\/\/www.ladislavjakl.cz\/?p=2939"},"modified":"2012-10-22T13:38:34","modified_gmt":"2012-10-22T11:38:34","slug":"ladislav-jakl-opet-na-memorialu-mateje-kudeje","status":"publish","type":"post","link":"https:\/\/www.ladislavjakl.cz\/?p=2939","title":{"rendered":"Ladislav Jakl op\u011bt na Memori\u00e1lu Mat\u011bje Kud\u011bje"},"content":{"rendered":"<p>Ji\u017e podevaten\u00e1ct\u00e9 se v sobotu v Praze konal Memori\u00e1l Mat\u011bje Kud\u011bje. A podevaten\u00e1ct\u00e9 se ho z\u00fa\u010dastnil Ladislav Jakl. T\u0159in\u00e1ctin\u00e1sobn\u00fd v\u00edt\u011bz letos nevyhr\u00e1l, ale se svou hl\u00eddkou (Stanislav Mat\u011bj\u00ed\u010dek, Petr Buri\u00e1nek) skon\u010dil a\u017e na t\u0159et\u00edm m\u00edst\u011b z celkov\u00fdch \u010dtrn\u00e1cti.<\/p>\n<p><!--more-->C\u00edlem happeningu je ka\u017edoro\u010dn\u011b p\u0159ipomenut\u00ed osoby spisovatele, sv\u011btob\u011b\u017en\u00edka a dobrodruha Zde\u0148ka Mat\u011bje Kud\u011bje, p\u0159\u00edtele Jaroslava Ha\u0161ka, rovn\u011b\u017e ale i pos\u00edlen\u00ed \u201epozipivn\u00edch&#8220; tradic \u010desk\u00e9ho n\u00e1roda a opravdov\u00e9ho chlapsk\u00e9ho p\u0159\u00e1telstv\u00ed. Inspirac\u00ed pro memori\u00e1l je 10. kapitola z Osud\u016f dobr\u00e9ho voj\u00e1ka \u0160vejka, kdy je \u0160vejk dv\u011bma sv\u00fdmi str\u00e1\u017eci eskortov\u00e1n pr\u00e1v\u011b z Poho\u0159elce, cestou se ov\u0161em v\u0161ichni t\u0159i zastav\u00ed v mnoha pra\u017esk\u00fdch hospod\u00e1ch a podle toho i dopadnou.<\/p>\n<p>Jako tato liter\u00e1rn\u00ed eskorta i v sobotu z Poho\u0159elce v \u010dasov\u00fdch intervalech startovaly t\u0159\u00ed\u010dlenn\u00e9 hl\u00eddky, jejich\u017e povinnost\u00ed bylo zastavit se ve stanoven\u00fdch dev\u00edti lok\u00e1lech a tam vyp\u00edt p\u0159edepsan\u00e9 mno\u017estv\u00ed n\u00e1poj\u016f. Prvn\u00ed zast\u00e1vkou byla pivnice U \u010cern\u00e9ho vola, c\u00edl v hospod\u011b U Pivrnce. Hl\u00eddk\u00e1m byl m\u011b\u0159en \u010das, ve kter\u00e9m pam\u00e1tnou trasu absolvuj\u00ed.<\/p>\n<p>Hlavn\u00edm smyslem memori\u00e1lu v\u0161ak nen\u00ed z\u00e1vod o \u010das \u010di mno\u017estv\u00ed vypit\u00e9ho alkoholu, ale p\u0159edev\u0161\u00edm stylov\u00e9 a d\u016fstojn\u00e9 p\u0159ipomenut\u00ed fenom\u00e9nu postavy \u0160vejka, osobnosti Mat\u011bje Kud\u011bje a slavn\u00e9 instituce zvan\u00e9 pra\u017esk\u00e1 hospoda. \u00da\u010dastn\u00edky akce p\u0159i\u0161li pozdravit i dva kmot\u0159enci Z. M. Kud\u011bje, n\u011bkte\u0159\u00ed \u00fa\u010dastn\u00edci nesli i origin\u00e1ly vyznamen\u00e1n\u00ed z 1. sv\u011btov\u00e9 v\u00e1lky. Sou\u010d\u00e1st\u00ed akce byl i hromadn\u00fd zp\u011bv u orloje.<\/p>\n<p>I kdy\u017e si n\u011bkte\u0159\u00ed \u00fa\u010dastn\u00edci z\u00e1v\u011bre\u010dn\u00e9 oslavy ne zcela pamatuj\u00ed, jsou odhodl\u00e1ni za rok j\u00edt do toho zase a memori\u00e1l si op\u011bt kr\u00e1sn\u011b u\u017e\u00edt.<\/p>\n<p>-mil-<\/p>\nngg_shortcode_0_placeholder\n","protected":false},"excerpt":{"rendered":"<p>Ji\u017e podevaten\u00e1ct\u00e9 se v sobotu v Praze konal Memori\u00e1l Mat\u011bje Kud\u011bje. A podevaten\u00e1ct\u00e9 se ho z\u00fa\u010dastnil Ladislav Jakl. T\u0159in\u00e1ctin\u00e1sobn\u00fd v\u00edt\u011bz letos nevyhr\u00e1l, ale se svou hl\u00eddkou (Stanislav Mat\u011bj\u00ed\u010dek, Petr Buri\u00e1nek) skon\u010dil a\u017e na t\u0159et\u00edm m\u00edst\u011b z celkov\u00fdch \u010dtrn\u00e1cti.<\/p>\n","protected":false},"author":1,"featured_media":0,"comment_status":"open","ping_status":"open","sticky":false,"template":"","format":"standard","meta":{"ngg_post_thumbnail":0,"footnotes":""},"categories":[11],"tags":[],"class_list":["post-2939","post","type-post","status-publish","format-standard","hentry","category-ozvena"],"_links":{"self":[{"href":"https:\/\/www.ladislavjakl.cz\/index.php?rest_route=\/wp\/v2\/posts\/2939","targetHints":{"allow":["GET"]}}],"collection":[{"href":"https:\/\/www.ladislavjakl.cz\/index.php?rest_route=\/wp\/v2\/posts"}],"about":[{"href":"https:\/\/www.ladislavjakl.cz\/index.php?rest_route=\/wp\/v2\/types\/post"}],"author":[{"embeddable":true,"href":"https:\/\/www.ladislavjakl.cz\/index.php?rest_route=\/wp\/v2\/users\/1"}],"replies":[{"embeddable":true,"href":"https:\/\/www.ladislavjakl.cz\/index.php?rest_route=%2Fwp%2Fv2%2Fcomments&post=2939"}],"version-history":[{"count":3,"href":"https:\/\/www.ladislavjakl.cz\/index.php?rest_route=\/wp\/v2\/posts\/2939\/revisions"}],"predecessor-version":[{"id":2942,"href":"https:\/\/www.ladislavjakl.cz\/index.php?rest_route=\/wp\/v2\/posts\/2939\/revisions\/2942"}],"wp:attachment":[{"href":"https:\/\/www.ladislavjakl.cz\/index.php?rest_route=%2Fwp%2Fv2%2Fmedia&parent=2939"}],"wp:term":[{"taxonomy":"category","embeddable":true,"href":"https:\/\/www.ladislavjakl.cz\/index.php?rest_route=%2Fwp%2Fv2%2Fcategories&post=2939"},{"taxonomy":"post_tag","embeddable":true,"href":"https:\/\/www.ladislavjakl.cz\/index.php?rest_route=%2Fwp%2Fv2%2Ftags&post=2939"}],"curies":[{"name":"wp","href":"https:\/\/api.w.org\/{rel}","templated":true}]}}