{"id":2943,"date":"2012-10-23T15:03:01","date_gmt":"2012-10-23T13:03:01","guid":{"rendered":"http:\/\/www.ladislavjakl.cz\/?p=2943"},"modified":"2012-10-23T15:03:01","modified_gmt":"2012-10-23T13:03:01","slug":"video-%e2%80%9eprezident%e2%80%9c-jakl-oznamuje-vystoupeni-z-eu","status":"publish","type":"post","link":"https:\/\/www.ladislavjakl.cz\/?p=2943","title":{"rendered":"VIDEO \u201ePrezident\u201c Jakl oznamuje vystoupen\u00ed z EU"},"content":{"rendered":"<p>Novoro\u010dn\u00ed projev prezidenta republiky Ladislava Jakla. Tak se jmenuje  nov\u00fd p\u0159edvolebn\u00ed klip mo\u017en\u00e9ho uchaze\u010de o post hlavy \u010desk\u00e9ho st\u00e1tu, kter\u00fd  se \u0161\u00ed\u0159\u00ed internetem. \u201ePrezident\u201c Jakl v n\u011bm oznamuje vystoupen\u00ed na\u0161\u00ed  zem\u011b z Evropsk\u00e9 unie.<\/p>\n<p><!--more--><\/p>\n<p>\u201eL\u00e9ta sl\u00fdch\u00e1me od na\u0161ich politik\u016f a sly\u0161eli jste to i od m\u00fdch  ne\u00fasp\u011b\u0161n\u00fdch protikandid\u00e1t\u016f na \u00fa\u0159ad prezidenta \u010cesk\u00e9 republiky, \u017ee  Evropsk\u00e1 unie vzkv\u00e9t\u00e1. Sl\u00fdchali jsme, \u017ee vstupem do EU za\u010dne \u00e9ra  prosperity a blahobytu, \u017ee rozkvete na\u0161e \u017eivotn\u00ed prost\u0159ed\u00ed, \u017ee bude  vym\u00fdcena korupce a zlo\u010dinnost, \u017ee se n\u00e1m otev\u0159e sv\u011bt a sousedn\u00ed trhy.  Sl\u00fdchali jsme, \u017ee nebude nijak dot\u010dena na\u0161e suverenita a roz\u0161\u00ed\u0159\u00ed se na\u0161e  svobody,\u201c za\u010d\u00edn\u00e1 sv\u016fj \u201enovoro\u010dn\u00ed projev\u201c Jakl.<\/p>\n<p>\u201eP\u0159edpokl\u00e1d\u00e1m, \u017ee jste si m\u011b nezvolili hlavou st\u00e1tu, abych v\u00e1m i j\u00e1  takhle lhal. Ne, Evropsk\u00e1 unie nevzkv\u00e9t\u00e1,\u201c pokra\u010duje po vzoru prvn\u00edho  Havlova prezidentsk\u00e9ho projevu a upozor\u0148uje, \u017ee unie je prostorem  hlubok\u00e9 dluhov\u00e9 krize.<\/p>\n<p><strong>\u010cas bruselsk\u00e9ho dikt\u00e1tu skon\u010dil<\/strong><\/p>\n<p>Stejn\u011b tak je podle Jakla Evropsk\u00e1 unie prostorem rostouc\u00edho soci\u00e1ln\u00edho  a spole\u010densk\u00e9ho nap\u011bt\u00ed mezi n\u00e1rody a prostorem dikt\u00e1tu siln\u011bj\u0161\u00edch. Jako  \u010derstv\u011b zvolen\u00fd prezident v\u0161ak nen\u00ed Jakl v\u00a0origin\u00e1ln\u00edm p\u0159edvolebn\u00edm  klipu zdaleka jen negativn\u00ed.<\/p>\n<p>V\u00a0novoro\u010dn\u00edm projevu se rozhodl ozn\u00e1mit z\u00e1sadn\u00ed zpr\u00e1vu, kterou jako  nov\u00fd prezident podnikl, proto\u017ee se nehodlal sm\u00ed\u0159it s\u00a0t\u00edm, \u017ee byla na\u0161e  demokracie demontov\u00e1na a parlament se zm\u011bnil v\u00a0bezduchou hlasovac\u00ed  ma\u0161inu schvaluj\u00edc\u00ed bruselsk\u00e9 direktivy.<\/p>\n<p>\u201eNe, EU nevzkv\u00e9t\u00e1 a na\u0161e \u010dlenstv\u00ed v\u00a0n\u00ed n\u00e1m p\u0159in\u00e1\u0161\u00ed v\u00edc \u0161kody, ne\u017e  u\u017eitku. Proto vyu\u017e\u00edv\u00e1m t\u00e9to chv\u00edle, abych v\u00e1m ozn\u00e1mil sv\u00e9 z\u00e1sadn\u00ed  rozhodnut\u00ed. Dnes dopoledne jsem poslal jm\u00e9nem \u010cR dopis p\u0159edsedovi  Evropsk\u00e9 rady, \u017ee \u010cesk\u00e1 republika dne\u0161n\u00edm dnem vystupuje z\u00a0Evropsk\u00e9 unie  a st\u00e1v\u00e1 se nez\u00e1visl\u00fdm, svobodn\u00fdm st\u00e1tem. \u010cas bruselsk\u00e9ho dikt\u00e1tu  skon\u010dil,\u201c zakon\u010duje Ladislav Jakl ve sv\u00e9m &#8211; zat\u00edm &#8211; fiktivn\u00edm  prezidentsk\u00e9m projevu.<\/p>\n<p><a href=\"http:\/\/www.parlamentnilisty.cz\/zpravy\/VIDEO-Prezident-Jakl-oznamuje-vystoupeni-z-EU-250801\" target=\"_blank\">Zdroj<\/a><\/p>\n","protected":false},"excerpt":{"rendered":"<p>Novoro\u010dn\u00ed projev prezidenta republiky Ladislava Jakla. Tak se jmenuje nov\u00fd p\u0159edvolebn\u00ed klip mo\u017en\u00e9ho uchaze\u010de o post hlavy \u010desk\u00e9ho st\u00e1tu, kter\u00fd se \u0161\u00ed\u0159\u00ed internetem. \u201ePrezident\u201c Jakl v n\u011bm oznamuje vystoupen\u00ed na\u0161\u00ed zem\u011b z Evropsk\u00e9 unie.<\/p>\n","protected":false},"author":1,"featured_media":0,"comment_status":"open","ping_status":"open","sticky":false,"template":"","format":"standard","meta":{"ngg_post_thumbnail":0,"footnotes":""},"categories":[17,11],"tags":[],"class_list":["post-2943","post","type-post","status-publish","format-standard","hentry","category-jakl-president","category-ozvena"],"_links":{"self":[{"href":"https:\/\/www.ladislavjakl.cz\/index.php?rest_route=\/wp\/v2\/posts\/2943","targetHints":{"allow":["GET"]}}],"collection":[{"href":"https:\/\/www.ladislavjakl.cz\/index.php?rest_route=\/wp\/v2\/posts"}],"about":[{"href":"https:\/\/www.ladislavjakl.cz\/index.php?rest_route=\/wp\/v2\/types\/post"}],"author":[{"embeddable":true,"href":"https:\/\/www.ladislavjakl.cz\/index.php?rest_route=\/wp\/v2\/users\/1"}],"replies":[{"embeddable":true,"href":"https:\/\/www.ladislavjakl.cz\/index.php?rest_route=%2Fwp%2Fv2%2Fcomments&post=2943"}],"version-history":[{"count":1,"href":"https:\/\/www.ladislavjakl.cz\/index.php?rest_route=\/wp\/v2\/posts\/2943\/revisions"}],"predecessor-version":[{"id":2944,"href":"https:\/\/www.ladislavjakl.cz\/index.php?rest_route=\/wp\/v2\/posts\/2943\/revisions\/2944"}],"wp:attachment":[{"href":"https:\/\/www.ladislavjakl.cz\/index.php?rest_route=%2Fwp%2Fv2%2Fmedia&parent=2943"}],"wp:term":[{"taxonomy":"category","embeddable":true,"href":"https:\/\/www.ladislavjakl.cz\/index.php?rest_route=%2Fwp%2Fv2%2Fcategories&post=2943"},{"taxonomy":"post_tag","embeddable":true,"href":"https:\/\/www.ladislavjakl.cz\/index.php?rest_route=%2Fwp%2Fv2%2Ftags&post=2943"}],"curies":[{"name":"wp","href":"https:\/\/api.w.org\/{rel}","templated":true}]}}