{"id":2949,"date":"2012-10-23T15:06:51","date_gmt":"2012-10-23T13:06:51","guid":{"rendered":"http:\/\/www.ladislavjakl.cz\/?p=2949"},"modified":"2012-10-23T15:06:51","modified_gmt":"2012-10-23T13:06:51","slug":"novorocni-projev-prezidenta-republiky-ladislava-jakla","status":"publish","type":"post","link":"https:\/\/www.ladislavjakl.cz\/?p=2949","title":{"rendered":"Novoro\u010dn\u00ed projev prezidenta republiky Ladislava Jakla"},"content":{"rendered":"<p>V\u00e1\u017een\u00ed spoluob\u010dan\u00e9, mil\u00ed p\u0159\u00e1tel\u00e9.<\/p>\n<p>R\u00e1d bych V\u00e1m u p\u0159\u00edle\u017eitosti dne\u0161n\u00edho sv\u00e1te\u010dn\u00edho dne pop\u0159\u00e1l do nov\u00e9ho roku hodn\u011b \u0161t\u011bst\u00ed, zdrav\u00ed, spokojenosti a radosti ze \u017eivota.<\/p>\n<p><!--more-->L\u00e9ta sl\u00fdch\u00e1me od na\u0161ich politik\u016f \u2013 a sly\u0161eli jste to i od m\u00fdch ne\u00fasp\u011b\u0161n\u00fdch protikandid\u00e1t\u016f na \u00fa\u0159ad prezidenta \u010cesk\u00e9 republiky, \u017ee Evropsk\u00e1 unie vzkv\u00e9t\u00e1.<\/p>\n<p>Sl\u00fdchali jsme, \u017ee vstupem do EU za\u010dne \u00e9ra prosperity a blahobytu, \u017ee rozkvete na\u0161e \u017eivotn\u00ed prost\u0159ed\u00ed, \u017ee bude vym\u00fdcena korupce a zlo\u010dinnost, \u017ee se n\u00e1m otev\u0159e sv\u011bt a sousedn\u00ed trhy.<\/p>\n<p>Sl\u00fdchali jsme, \u017ee EU zajist\u00ed na\u0161e pevn\u00e9 postaven\u00ed na mezin\u00e1rodn\u00ed sc\u00e9n\u011b, \u017ee nebude nijak dot\u010dena na\u0161e suverenita, \u017ee demokracie bude pos\u00edlena, zlep\u0161\u00ed se politick\u00e1 kultura a roz\u0161\u00ed\u0159\u00ed na\u0161e svobody.<\/p>\n<p>P\u0159edpokl\u00e1d\u00e1m, \u017ee jste si m\u011b nezvolili hlavou st\u00e1tu, abych V\u00e1m i j\u00e1 takhle lhal.<\/p>\n<p>Ne. Evropsk\u00e1 unie nevzkv\u00e9t\u00e1.<\/p>\n<p>Evropsk\u00e1 unie nen\u00ed prostorem prosperity, ale prostorem hlubok\u00e9 dluhov\u00e9 krize.<\/p>\n<p>Evropsk\u00e1 unie nen\u00ed prostorem spolupr\u00e1ce a harmonie, ale prostorem rostouc\u00edho spole\u010densk\u00e9ho nap\u011bt\u00ed mezi soci\u00e1ln\u00edmi vrstvami i n\u00e1rody, prostorem dikt\u00e1tu siln\u011bj\u0161\u00edch a prostorem bezohledn\u00e9ho uspokojov\u00e1n\u00ed mocn\u00fdch z\u00e1jmov\u00fdch skupin na \u00fakor v\u0161ech ostatn\u00edch.<\/p>\n<p>Evropsk\u00e1 unie n\u00e1m nep\u0159inesla zlep\u0161en\u00ed \u017eivotn\u00edho prost\u0159ed\u00ed, ale na jej\u00ed hrub\u00fd n\u00e1tlak byla na\u0161e zem zamo\u0159ena slune\u010dn\u00edmi panely z\u00a0jedovat\u00fdch l\u00e1tek, monstry obludn\u00fdch v\u011btrn\u00edk\u016f a nekone\u010dn\u00fdmi l\u00e1ny \u017elut\u00e9 \u0159epky, jej\u00ed\u017e olej mus\u00edme povinn\u011b nal\u00e9vat do n\u00e1dr\u017e\u00ed sv\u00fdch aut, ni\u010dit tak jejich motory a po\u0161kozovat ovzdu\u0161\u00ed mastn\u00fdm d\u00fdmem. A to v\u0161e za cenu dra\u017e\u0161\u00ed elektrick\u00e9 energie, za ni\u017e plat\u00edme do kapes vychytral\u00fdm zelen\u00fdm mafi\u00edm.<\/p>\n<p>Na\u0161e demokracie nebyla pos\u00edlena ale demontov\u00e1na, parlament se zm\u011bnil v\u00a0bezduchou hlasovac\u00ed ma\u0161inu, schvaluj\u00edc\u00ed jednu bruselskou direktivu za druhou. To v\u0161e na p\u0159\u00e1n\u00ed lobbyistick\u00fdch skupin, plat\u00edc\u00edch sv\u00e9 kancel\u00e1\u0159e v\u00a0Bruselu, p\u0159es kter\u00e9 prosazuj\u00ed dal\u0161\u00ed a dal\u0161\u00ed sob\u011b na m\u00edru \u0161it\u00e9 z\u00e1kony.<\/p>\n<p>T\u00edm, \u017ee politika zmizela, zmizela i politick\u00e1 kultura. Politick\u00e1 debata se zm\u011bnila ve vz\u00e1jemn\u00e9 oso\u010dov\u00e1n\u00ed a kriminalizaci. Ob\u010dan\u016fm je jedno, koho si zvol\u00ed, proto\u017ee hlasovac\u00edho robota m\u016f\u017ee d\u011blat ka\u017ed\u00fd.<\/p>\n<p>Lhali i ti, kdo \u0159\u00edkali, \u017ee na\u0161e suverenita nebude dot\u010dena. Na\u0161e suverenita je dnes pouh\u00fdm odleskem nez\u00e1vislosti, za kterou um\u00edrali na\u0161i d\u011bdov\u00e9. Na\u0161i p\u0159edstavitel\u00e9 nesm\u011bj\u00ed jednat v\u00a0z\u00e1jmu \u010desk\u00e9ho voli\u010de, proto\u017ee jinak hroz\u00ed z\u00a0Bruselu sankce.<\/p>\n<p>Zlo\u010dinnost a korupce nebyla vym\u00fdcena, jak n\u00e1m slibovali, ale naopak dostala novou transf\u00fazi v\u00a0podob\u011b miliard, kter\u00e9 n\u00e1\u0161 da\u0148ov\u00fd poplatn\u00edk povinn\u011b pos\u00edl\u00e1 do Bruselu, aby se n\u00e1m \u010d\u00e1st vr\u00e1tila na nesmysln\u00e9 projekty, vymy\u0161len\u00e9 jen k obohacen\u00ed klient\u016f tohoto syst\u00e9mu.<\/p>\n<p>Role rozd\u011blova\u010d\u016f ve\u0159ejn\u00fdch pen\u011bz jen vzrostla a jejich kontrolovatelnost se sn\u00ed\u017eila. V\u00fdsledkem jsou \u00faplatk\u00e1\u0159sk\u00e9 af\u00e9ry a v\u0161eobecn\u00e1 praxe p\u0159ihr\u00e1v\u00e1n\u00ed zak\u00e1zek.<\/p>\n<p>Otev\u0159en\u00ed se sv\u011btu po na\u0161em vstupu do Evropsk\u00e9 unie prob\u011bhlo. Ale jen jednostrann\u011b. V\u0161ichni sm\u011bj\u00ed k\u00a0n\u00e1m a my nesm\u00edme nic nam\u00edtat. N\u00e1m se v\u0161ak trhy zem\u00ed EU neotev\u0159ely. To v\u00ed ka\u017ed\u00fd, kdo se tam pokou\u0161\u00ed podnikat, pracovat \u010di vyv\u00e1\u017eet zbo\u017e\u00ed a slu\u017eby. Jsme \u010dlenem druh\u00e9 kategorie, pro kter\u00e9ho plat\u00ed \u0159ada otev\u0159en\u00fdch i skryt\u00fdch omezen\u00ed.<\/p>\n<p>Na\u0161e svobody nebyly po vstupu do Evropsk\u00e9 Unie roz\u0161\u00ed\u0159eny. Jsou o\u0159ez\u00e1v\u00e1ny ka\u017ed\u00fd den, ka\u017ed\u00fdm nov\u00fdm na\u0159\u00edzen\u00edm \u010di z\u00e1kazem. Po\u010det raz\u00edtek nutn\u00fdch p\u0159i ka\u017ed\u00e9m kroku se nesni\u017euje ale st\u00e1le roste. Moc \u00fa\u0159edn\u00edka raz\u00edtkem vl\u00e1dnouc\u00edho roste tak\u00e9 a spolu s\u00a0t\u00edm i poku\u0161en\u00ed tuto moc zneu\u017e\u00edvat.<\/p>\n<p>Neexistuje oblast, kter\u00e1 by dnes nebyla nesmysln\u011b regulov\u00e1na. Od zcela nepochopiteln\u00fdch dopravn\u00edch omezen\u00ed, po \u0161ikanov\u00e1n\u00ed \u017eivnostn\u00edk\u016f \u010di v\u0161ech dobrovoln\u00fdch aktivit. V\u00a0mnoha oblastech \u017eivota jsme dnes tam, odkud jsme p\u0159ed 24 lety ut\u00edkali.<\/p>\n<p>Ne. Evropsk\u00e1 unie nevzkv\u00e9t\u00e1 a na\u0161e \u010dlenstv\u00ed v\u00a0n\u00ed n\u00e1m p\u0159in\u00e1\u0161\u00ed v\u00edce \u0161kody ne\u017e u\u017eitku.<\/p>\n<p>Proto vyu\u017e\u00edv\u00e1m t\u00e9to chv\u00edle, abych V\u00e1m, mil\u00ed spoluob\u010dan\u00e9, ozn\u00e1mil sv\u00e9 z\u00e1sadn\u00ed rozhodnut\u00ed. Dnes dopoledne jsem poslal jm\u00e9nem \u010cesk\u00e9 republiky dopis p\u0159edsedovi Evropsk\u00e9 rady, \u017ee \u010cesk\u00e1 republika dne\u0161n\u00edm dnem vystupuje z\u00a0Evropsk\u00e9 unie a st\u00e1v\u00e1 se op\u011bt nez\u00e1visl\u00fdm svobodn\u00fdm st\u00e1tem.<\/p>\n<p>St\u00e1tem p\u0159ipraven\u00fdm ke spolupr\u00e1ci s\u00a0k\u00fdmkoli, ale pouze za vz\u00e1jemn\u011b v\u00fdhodn\u00fdch podm\u00ednek. \u010cas bruselsk\u00e9ho dikt\u00e1tu skon\u010dil.<\/p>\n","protected":false},"excerpt":{"rendered":"<p>V\u00e1\u017een\u00ed spoluob\u010dan\u00e9, mil\u00ed p\u0159\u00e1tel\u00e9. R\u00e1d bych V\u00e1m u p\u0159\u00edle\u017eitosti dne\u0161n\u00edho sv\u00e1te\u010dn\u00edho dne pop\u0159\u00e1l do nov\u00e9ho roku hodn\u011b \u0161t\u011bst\u00ed, zdrav\u00ed, spokojenosti a radosti ze \u017eivota.<\/p>\n","protected":false},"author":1,"featured_media":0,"comment_status":"open","ping_status":"open","sticky":false,"template":"","format":"standard","meta":{"ngg_post_thumbnail":0,"footnotes":""},"categories":[17],"tags":[],"class_list":["post-2949","post","type-post","status-publish","format-standard","hentry","category-jakl-president"],"_links":{"self":[{"href":"https:\/\/www.ladislavjakl.cz\/index.php?rest_route=\/wp\/v2\/posts\/2949","targetHints":{"allow":["GET"]}}],"collection":[{"href":"https:\/\/www.ladislavjakl.cz\/index.php?rest_route=\/wp\/v2\/posts"}],"about":[{"href":"https:\/\/www.ladislavjakl.cz\/index.php?rest_route=\/wp\/v2\/types\/post"}],"author":[{"embeddable":true,"href":"https:\/\/www.ladislavjakl.cz\/index.php?rest_route=\/wp\/v2\/users\/1"}],"replies":[{"embeddable":true,"href":"https:\/\/www.ladislavjakl.cz\/index.php?rest_route=%2Fwp%2Fv2%2Fcomments&post=2949"}],"version-history":[{"count":1,"href":"https:\/\/www.ladislavjakl.cz\/index.php?rest_route=\/wp\/v2\/posts\/2949\/revisions"}],"predecessor-version":[{"id":2950,"href":"https:\/\/www.ladislavjakl.cz\/index.php?rest_route=\/wp\/v2\/posts\/2949\/revisions\/2950"}],"wp:attachment":[{"href":"https:\/\/www.ladislavjakl.cz\/index.php?rest_route=%2Fwp%2Fv2%2Fmedia&parent=2949"}],"wp:term":[{"taxonomy":"category","embeddable":true,"href":"https:\/\/www.ladislavjakl.cz\/index.php?rest_route=%2Fwp%2Fv2%2Fcategories&post=2949"},{"taxonomy":"post_tag","embeddable":true,"href":"https:\/\/www.ladislavjakl.cz\/index.php?rest_route=%2Fwp%2Fv2%2Ftags&post=2949"}],"curies":[{"name":"wp","href":"https:\/\/api.w.org\/{rel}","templated":true}]}}