{"id":2958,"date":"2012-10-23T15:48:21","date_gmt":"2012-10-23T13:48:21","guid":{"rendered":"http:\/\/www.ladislavjakl.cz\/?p=2958"},"modified":"2012-10-23T15:48:21","modified_gmt":"2012-10-23T13:48:21","slug":"vyznamenani-si-zaslouzi-svuj-vyznam","status":"publish","type":"post","link":"https:\/\/www.ladislavjakl.cz\/?p=2958","title":{"rendered":"Vyznamen\u00e1n\u00ed si zaslou\u017e\u00ed sv\u016fj v\u00fdznam"},"content":{"rendered":"<p>Byl jsem redakc\u00ed MFD vyzv\u00e1n, abych personifikoval <strong>ANO<\/strong> v\u00a0debat\u011b o tom, zda polistopadov\u00ed prezidenti ud\u011bluj\u00ed dob\u0159e st\u00e1tn\u00ed vyznamen\u00e1n\u00ed. Dobr\u00e1, j\u00e1 tedy \u0159\u00edk\u00e1m <strong>ANO<\/strong>.<\/p>\n<p><!--more-->Ale dod\u00e1v\u00e1m, \u017ee v\u00a0t\u00fdmu V\u00e1clava Klause se o to alespo\u0148 po cel\u00fdch uplynul\u00fdch deset let velmi sna\u017e\u00edme. Z\u00e1rove\u0148 v\u00edme, \u017ee agenda vyznamen\u00e1n\u00ed je agendou velmi speci\u00e1ln\u00ed, agendou, kter\u00e1 nem\u00e1 jedin\u00e9 nesporn\u00e9 \u0159e\u0161en\u00ed, agendou, kde vlastn\u011b ka\u017ed\u00e1 n\u00e1mitka je alespo\u0148 z\u010d\u00e1sti opr\u00e1vn\u011bn\u00e1. Je to t\u00edm, \u017ee st\u00e1tn\u00ed vyznamen\u00e1n\u00ed ud\u011blovan\u00e1 prezidentem maj\u00ed sice n\u00e9st jistou osobn\u00ed pe\u010de\u0165 a vyjad\u0159ovat preference aktu\u00e1ln\u00ed hlavy st\u00e1tu, z\u00e1rove\u0148 se ale nesm\u011bj\u00ed st\u00e1t hra\u010dkou v\u00a0rukou panovn\u00edka, proto\u017ee jde p\u0159ece o \u201est\u00e1tn\u00ed vyznamen\u00e1n\u00ed\u201c, o vyznamen\u00e1n\u00ed jm\u00e9nem cel\u00e9 spole\u010dnosti. Ka\u017ed\u00fd m\u00e1 n\u00e1rok k\u00a0tomu \u0159\u00edci sv\u00e9.<\/p>\n<p>A v\u00a0tom je pr\u00e1v\u011b h\u00e1\u010dek. Nen\u00ed mo\u017en\u00e9, aby se cel\u00e1 spole\u010dnost shodla i na celkov\u00e9m pojet\u00ed ud\u011blov\u00e1n\u00ed vyznamen\u00e1n\u00ed, nato\u017e na jednotliv\u00fdch jm\u00e9nech. Ale respekt k\u00a0m\u00edn\u011bn\u00ed ve\u0159ejnosti vyznamen\u00e1vaj\u00edc\u00ed m\u00edt mus\u00ed. Z\u00e1rove\u0148 si v\u0161ak mus\u00ed d\u00e1t pozor na nadb\u00edh\u00e1n\u00ed n\u00e1lad\u00e1m a vyzdvihov\u00e1n\u00ed obecn\u00e9 popularity jako hlavn\u00edho krit\u00e9ria.<\/p>\n<p>Za posledn\u00ed l\u00e9ta je br\u00e1n institut vyznamen\u00e1n\u00ed velmi v\u00e1\u017en\u011b. U\u017e snad od b\u0159ezna po\u0159\u00e1dal ka\u017edoro\u010dn\u011b prezident Klaus porady veden\u00ed Kancel\u00e1\u0159e prezidenta republiky, kde se o n\u00e1vrz\u00edch debatuje, h\u00e1d\u00e1, \u0159\u00edkaj\u00ed se pro a proti, n\u011bkter\u00e1 navr\u017een\u00e1 jm\u00e9na maj\u00ed sv\u00e9 zast\u00e1nce, jin\u00e1 \u010f\u00e1blovy advok\u00e1ty. A rozhodn\u011b to neb\u00fdv\u00e1 selanka. Pak postupn\u011b p\u0159ib\u00fdvaj\u00ed dal\u0161\u00ed n\u00e1vrhy, nejen od jednotlivc\u016f \u010di r\u016fzn\u00fdch sdru\u017een\u00ed a instituc\u00ed, ale tak\u00e9 od vl\u00e1dy, obou parlamentn\u00edch komor, od hejtman\u016f, starost\u016f, od d\u0159\u00edve vyznamenan\u00fdch\u2026<\/p>\n<p>Jedn\u00edm z\u00a0d\u016fle\u017eit\u00fdch krit\u00e9ri\u00ed je vyv\u00e1\u017eenost. Mnoh\u00fdm se nel\u00edb\u00ed, kdy\u017e v\u00a0jedn\u00e9 skupin\u011b vyznamenan\u00fdch vid\u00ed v\u00e1le\u010dn\u00e9 \u010di odbojov\u00e9 veter\u00e1ny a sou\u010dasn\u011b um\u011blce \u010di sportovce. Osobn\u011b neb\u00fdv\u00e1m nad\u0161en, kdy\u017e m\u00e1 dostat vyznamen\u00e1n\u00ed n\u011bkdo \u201ejen\u201c za to, \u017ee vynik\u00e1 ve sv\u00e9m oboru. Ale nevedeme zrovna \u017e\u00e1dnou v\u00e1lku a hrdin\u016f se jaksi nedost\u00e1v\u00e1. Proto pln\u00fdm pr\u00e1vem b\u00fdvaj\u00ed ocen\u011bni lid\u00e9 z\u00a0re\u00e1ln\u00e9ho \u017eivota, v\u00fdjime\u010dn\u00ed profesion\u00e1lov\u00e9 sv\u00e9ho oboru, kte\u0159\u00ed maj\u00ed i n\u011bjak\u00fd spole\u010densk\u00fd p\u0159esah. Zd\u00e1nliv\u00e1 nesourodost dvac\u00edtky vyznamenan\u00fdch nen\u00ed podle mne z\u00e1porem, ale obrazem spole\u010dnosti a to nejen v\u00a0jej\u00ed aktu\u00e1ln\u00ed sou\u010dasnosti.<\/p>\n<p>Jak p\u0159ihl\u00e9dnout ke krit\u00e9riu obecn\u00e9 znalosti? N\u011bkdy je t\u0159eba ocenit mimo\u0159\u00e1dn\u00fd a trvale p\u0159\u00edzniv\u00fd ohlas u ve\u0159ejnosti, jindy naopak vyzvednout n\u011bkoho, kdo nepracuje v\u00a0\u0161irok\u00e9mu publiku sledovan\u00e9m oboru, t\u0159eba vynikaj\u00edc\u00edho v\u011bdce.<\/p>\n<p>Prezident Klaus se oproti sv\u00e9mu p\u0159edch\u016fdci sna\u017eil sn\u00ed\u017eit inflaci vyznamen\u00e1n\u00ed, p\u0159edev\u0161\u00edm v\u00a0jejich po\u010dtu, Dv\u011b des\u00edtky m\u00edsto n\u011bkdy tak\u00e9 \u0161esti des\u00edtek, to je docela rozd\u00edl. Nejen kv\u016fli inflaci institutu samotn\u00e9ho vyznamen\u00e1n\u00ed, ale i kv\u016fli d\u016fstojnosti aktu p\u0159ed\u00e1v\u00e1n\u00ed. Pamatuji si z\u00a0p\u0159elomu stolet\u00ed na televizn\u00ed p\u0159enosy z\u00a0Vladislavsk\u00e9ho s\u00e1lu, kdy \u010dteno bylo jm\u00e9no jednoho, kamera ukazovala druh\u00e9ho a medaili zrovna dost\u00e1val n\u011bkdo t\u0159et\u00ed. Jak na b\u011b\u017e\u00edc\u00edm p\u00e1se. Nikdo nemohl m\u00edt p\u0159ehled kdo, co a za co. Dnes db\u00e1me o to, aby ka\u017ed\u00fd vyznamen\u00e1van\u00fd m\u011bl svou v\u00fdlu\u010dnou chv\u00edli, aby sou\u010dasn\u011b zazn\u011blo jm\u00e9no i jeho z\u00e1sluhy, aby byla up\u0159ena pozornost jen na n\u011bj, prezident k\u00a0n\u011bmu p\u0159istoup\u00ed a je to jeho moment sl\u00e1vy.<\/p>\n<p>S\u00a0n\u00e1stupem na Hrad sou\u010dasn\u00fd prezident zavedl tak\u00e9 v\u011bc, o kter\u00e9 se mo\u017en\u00e1 v\u016fbec nev\u00ed. V\u0161echny vyznamen\u00e1van\u00e9 si v\u00a0den st\u00e1tn\u00edho sv\u00e1tku a tedy i \u0159\u00e1dov\u00e9ho dne pozve u\u017e odpoledne na Pra\u017esk\u00fd hrad a str\u00e1v\u00ed s\u00a0nimi chv\u00edli u skleni\u010dky a osobn\u00edho popov\u00edd\u00e1n\u00ed. Setk\u00e1 se s\u00a0ka\u017ed\u00fdm osobn\u011b tv\u00e1\u0159\u00ed v\u00a0tv\u00e1\u0159, i s\u00a0jeho doprovodem. P\u0159ece se mu jen nemihnou p\u0159ed o\u010dima p\u0159i zav\u011b\u0161ov\u00e1n\u00ed medaile. Je to jejich den a maj\u00ed po\u017e\u00edvat poctu se v\u0161\u00edm v\u0161udy.<\/p>\n<p>Tak\u00e9 se hodn\u011b a\u017e skoro na nulu omezila vyznamen\u00e1n\u00ed in memoriam. Historick\u00e9 osoby si zaslou\u017e\u00ed sp\u00ed\u0161e svou ulici, n\u00e1m\u011bst\u00ed nebo pomn\u00edk. M\u00edchat je mezi na\u0161e sou\u010dasn\u00edky a zv\u00e1t na p\u00f3dium vnou\u010data, to asi nen\u00ed \u00fapln\u011b v\u00a0souladu s\u00a0aktu\u00e1ln\u00edm sv\u00e1tkem.<\/p>\n<p>U konkr\u00e9tn\u00edch jmen budou v\u017edy polemiky a v\u0161echny jsou vlastn\u011b legitimn\u00ed. Co se ale t\u00fd\u010de syst\u00e9mu rozhodov\u00e1n\u00ed, pojet\u00ed v\u00a0r\u016fznorodosti a slavnostn\u00edho aran\u017em\u00e1, tam mysl\u00edm, \u017ee tento akt m\u00e1 svou hodnotu, d\u016fstojnost a v\u00fdznam. A o ten jde, v\u017edy\u0165 slovo vyznamen\u00e1n\u00ed od n\u011bj poch\u00e1z\u00ed. Nenechme tenhle v\u00e1\u017en\u00fd akt upadnout, zcivilnit do \u0161edi a urelativizovat k\u00a0smrti. Um\u011bjme oce\u0148ovat a p\u0159ejme ocen\u011bn\u00fdm jejich cenu.<\/p>\n<p>A klidn\u011b debatujme, \u017ee p\u0159\u00ed\u0161t\u011b by to m\u011bl dostat zas n\u011bkdo jin\u00fd.<\/p>\n<p><em>MFD, 20. 10. 2012 <\/em><\/p>\n","protected":false},"excerpt":{"rendered":"<p>Byl jsem redakc\u00ed MFD vyzv\u00e1n, abych personifikoval ANO v\u00a0debat\u011b o tom, zda polistopadov\u00ed prezidenti ud\u011bluj\u00ed dob\u0159e st\u00e1tn\u00ed vyznamen\u00e1n\u00ed. Dobr\u00e1, j\u00e1 tedy \u0159\u00edk\u00e1m ANO.<\/p>\n","protected":false},"author":1,"featured_media":0,"comment_status":"open","ping_status":"open","sticky":false,"template":"","format":"standard","meta":{"ngg_post_thumbnail":0,"footnotes":""},"categories":[1],"tags":[],"class_list":["post-2958","post","type-post","status-publish","format-standard","hentry","category-publikovane-clanky"],"_links":{"self":[{"href":"https:\/\/www.ladislavjakl.cz\/index.php?rest_route=\/wp\/v2\/posts\/2958","targetHints":{"allow":["GET"]}}],"collection":[{"href":"https:\/\/www.ladislavjakl.cz\/index.php?rest_route=\/wp\/v2\/posts"}],"about":[{"href":"https:\/\/www.ladislavjakl.cz\/index.php?rest_route=\/wp\/v2\/types\/post"}],"author":[{"embeddable":true,"href":"https:\/\/www.ladislavjakl.cz\/index.php?rest_route=\/wp\/v2\/users\/1"}],"replies":[{"embeddable":true,"href":"https:\/\/www.ladislavjakl.cz\/index.php?rest_route=%2Fwp%2Fv2%2Fcomments&post=2958"}],"version-history":[{"count":1,"href":"https:\/\/www.ladislavjakl.cz\/index.php?rest_route=\/wp\/v2\/posts\/2958\/revisions"}],"predecessor-version":[{"id":2959,"href":"https:\/\/www.ladislavjakl.cz\/index.php?rest_route=\/wp\/v2\/posts\/2958\/revisions\/2959"}],"wp:attachment":[{"href":"https:\/\/www.ladislavjakl.cz\/index.php?rest_route=%2Fwp%2Fv2%2Fmedia&parent=2958"}],"wp:term":[{"taxonomy":"category","embeddable":true,"href":"https:\/\/www.ladislavjakl.cz\/index.php?rest_route=%2Fwp%2Fv2%2Fcategories&post=2958"},{"taxonomy":"post_tag","embeddable":true,"href":"https:\/\/www.ladislavjakl.cz\/index.php?rest_route=%2Fwp%2Fv2%2Ftags&post=2958"}],"curies":[{"name":"wp","href":"https:\/\/api.w.org\/{rel}","templated":true}]}}