{"id":2966,"date":"2012-11-05T15:46:47","date_gmt":"2012-11-05T14:46:47","guid":{"rendered":"http:\/\/www.ladislavjakl.cz\/?p=2966"},"modified":"2012-11-06T11:46:05","modified_gmt":"2012-11-06T10:46:05","slug":"mym-priznivcum","status":"publish","type":"post","link":"https:\/\/www.ladislavjakl.cz\/?p=2966","title":{"rendered":"M\u00fdm p\u0159\u00edznivc\u016fm!"},"content":{"rendered":"<table border=\"0\" cellspacing=\"0\" cellpadding=\"10\" width=\"420\">\n<tbody>\n<tr>\n<td bgcolor=\"#FFFF80\">\n<h4><span style=\"color: #1a6ed0;\">Jsou chv\u00edle, kter\u00e9 rozhoduj\u00ed. A jedna z nich pr\u00e1v\u011b nastala. Na sb\u00edr\u00e1n\u00ed podpis\u016f, kter\u00e9 by mi umo\u017enily \u00fa\u010dastnit se d\u011bn\u00ed kolem p\u0159\u00edm\u00e9 volby prezidenta, zb\u00fdv\u00e1 u\u017e jen t\u00fdden a podpis\u016f po\u0159\u00e1d chyb\u00ed hodn\u011b. D\u011bkuji v\u0161em, kdo se o sb\u00edr\u00e1n\u00ed zaslou\u017eili.<\/p>\n<p>Te\u010f je v\u0161ak t\u0159eba sebrat s\u00edly a je\u0161t\u011b zabrat. Nesta\u010d\u00ed pouze oslovit lidi ve sv\u00e9m bl\u00edzk\u00e9m okol\u00ed, nesta\u010d\u00ed pouze \u0161\u00ed\u0159it petici po internetu. Tak se z\u00edsk\u00e1vaj\u00ed stovky podpis\u016f, nikoli des\u00edtky tis\u00edc. Rozhoduje jedin\u00e1 metoda: schopnost j\u00edt ven do ulic a tam oslovovat ciz\u00ed n\u00e1hodn\u00e9 lidi. Je to metoda n\u00e1ro\u010dn\u00e1, ale bez n\u00ed v\u016fbec nen\u00ed mo\u017en\u00e9 po\u017eadovan\u00e9 cifry dos\u00e1hnout. Aby se stihly podpisy zpracovat, musej\u00ed b\u00fdt doru\u010deny do konce \u0159\u00edjna. To je za sedm dn\u00ed.<\/p>\n<p>Pros\u00edm proto v\u0161echny sv\u00e9 p\u0159\u00edznivce, podporovatele a p\u0159\u00e1tele, aby zkusili vz\u00edt archy a v posledn\u00edch dnech vyj\u00edt ven mezi lidi. Je to posledn\u00ed \u0161ance, jak nechat na\u0161e spole\u010dn\u00e9 ideje zazn\u00edt p\u0159i vlastn\u00ed prezidentsk\u00e9 kampani.<\/p>\n<p>D\u011bkuji v\u00e1m, Ladislav Jakl.<\/p>\n<p><\/span><\/h4>\n<\/td>\n<\/tr>\n<\/tbody>\n<\/table>\n","protected":false},"excerpt":{"rendered":"<p>Jsou chv\u00edle, kter\u00e9 rozhoduj\u00ed. A jedna z nich pr\u00e1v\u011b nastala. Na sb\u00edr\u00e1n\u00ed podpis\u016f, kter\u00e9 by mi umo\u017enily \u00fa\u010dastnit se d\u011bn\u00ed kolem p\u0159\u00edm\u00e9 volby prezidenta, zb\u00fdv\u00e1 u\u017e jen t\u00fdden a podpis\u016f po\u0159\u00e1d chyb\u00ed hodn\u011b. D\u011bkuji v\u0161em, kdo se o sb\u00edr\u00e1n\u00ed zaslou\u017eili. Te\u010f je v\u0161ak t\u0159eba sebrat s\u00edly a je\u0161t\u011b zabrat. Nesta\u010d\u00ed pouze oslovit lidi ve sv\u00e9m [&hellip;]<\/p>\n","protected":false},"author":1,"featured_media":0,"comment_status":"open","ping_status":"open","sticky":false,"template":"","format":"standard","meta":{"ngg_post_thumbnail":0,"footnotes":""},"categories":[17],"tags":[],"class_list":["post-2966","post","type-post","status-publish","format-standard","hentry","category-jakl-president"],"_links":{"self":[{"href":"https:\/\/www.ladislavjakl.cz\/index.php?rest_route=\/wp\/v2\/posts\/2966","targetHints":{"allow":["GET"]}}],"collection":[{"href":"https:\/\/www.ladislavjakl.cz\/index.php?rest_route=\/wp\/v2\/posts"}],"about":[{"href":"https:\/\/www.ladislavjakl.cz\/index.php?rest_route=\/wp\/v2\/types\/post"}],"author":[{"embeddable":true,"href":"https:\/\/www.ladislavjakl.cz\/index.php?rest_route=\/wp\/v2\/users\/1"}],"replies":[{"embeddable":true,"href":"https:\/\/www.ladislavjakl.cz\/index.php?rest_route=%2Fwp%2Fv2%2Fcomments&post=2966"}],"version-history":[{"count":24,"href":"https:\/\/www.ladislavjakl.cz\/index.php?rest_route=\/wp\/v2\/posts\/2966\/revisions"}],"predecessor-version":[{"id":3093,"href":"https:\/\/www.ladislavjakl.cz\/index.php?rest_route=\/wp\/v2\/posts\/2966\/revisions\/3093"}],"wp:attachment":[{"href":"https:\/\/www.ladislavjakl.cz\/index.php?rest_route=%2Fwp%2Fv2%2Fmedia&parent=2966"}],"wp:term":[{"taxonomy":"category","embeddable":true,"href":"https:\/\/www.ladislavjakl.cz\/index.php?rest_route=%2Fwp%2Fv2%2Fcategories&post=2966"},{"taxonomy":"post_tag","embeddable":true,"href":"https:\/\/www.ladislavjakl.cz\/index.php?rest_route=%2Fwp%2Fv2%2Ftags&post=2966"}],"curies":[{"name":"wp","href":"https:\/\/api.w.org\/{rel}","templated":true}]}}