{"id":2983,"date":"2012-10-24T16:15:52","date_gmt":"2012-10-24T14:15:52","guid":{"rendered":"http:\/\/www.ladislavjakl.cz\/?p=2983"},"modified":"2012-10-24T16:15:52","modified_gmt":"2012-10-24T14:15:52","slug":"l-j-v-rozhovoru-na-tema-dobrovolnictvi","status":"publish","type":"post","link":"https:\/\/www.ladislavjakl.cz\/?p=2983","title":{"rendered":"L.J. v rozhovoru na t\u00e9ma dobrovolnictv\u00ed"},"content":{"rendered":"<p>V\u00e1\u017een\u00fd pane Jakle, prost\u0159ednictv\u00edm kontaktu uve\u0159ejn\u011bn\u00e9ho na internetov\u00fdch str\u00e1nk\u00e1ch https:\/\/www.ladislavjakl.cz se na V\u00e1s obrac\u00edme v souvislosti s Va\u0161\u00edm \u00famyslem kandidovat na prezidenta \u010cesk\u00e9 republiky.<\/p>\n<p><!--more-->Dobrovolnik.cz je nejv\u011bt\u0161\u00ed servisn\u00ed a informa\u010dn\u00ed port\u00e1l o dobrovolnictv\u00ed v \u010cesk\u00e9 republice. Vznikl v b\u0159eznu 2001 a jeho obsah tvo\u0159\u00ed nejen redak\u010dn\u00ed rada slo\u017een\u00e1 ze z\u00e1stupc\u016f mnoha organizac\u00ed a profes\u00ed, kte\u0159\u00ed maj\u00ed s dobrovolnictv\u00edm v \u010cR mnohalet\u00e9 zku\u0161enosti, ale p\u0159edev\u0161\u00edm i sami u\u017eivatel\u00e9, kte\u0159\u00ed zde sd\u00edl\u00ed sv\u00e9 p\u0159\u00edb\u011bhy, fotografie, zku\u0161enosti atd. Jednou z hlavn\u00edch \u010d\u00e1st\u00ed port\u00e1lu je Datab\u00e1ze dobrovolnick\u00fdch p\u0159\u00edle\u017eitost\u00ed, kter\u00e1 zdarma nab\u00edz\u00ed propojen\u00ed mezi z\u00e1jemci o dobrovolnickou zku\u0161enost a t\u011bmi, kte\u0159\u00ed pomoc dobrovoln\u00edk\u016f pot\u0159ebuj\u00ed.<\/p>\n<p>S ohledem na to, \u017ee dobrovolnictv\u00ed pokl\u00e1d\u00e1me za v\u00fdraznou sou\u010d\u00e1st funguj\u00edc\u00ed ob\u010dansk\u00e9 spole\u010dnosti, oslovujeme V\u00e1s, kandid\u00e1ty na prezidenta, s \u017e\u00e1dost\u00ed o zodpov\u011bzen\u00ed n\u011bkolika ot\u00e1zek. Va\u0161e odpov\u011bdi n\u00e1sledn\u011b zve\u0159ejn\u00edme na str\u00e1nk\u00e1ch Dobrovolnik.cz, a to ihned, v po\u0159ad\u00ed, jak je od V\u00e1s obdr\u017e\u00edme. Formu Va\u0161\u00ed odpov\u011bdi ponech\u00e1me zcela na V\u00e1s. Jsme schopni p\u0159ijmout klasickou textovou odpov\u011b\u010f (ide\u00e1ln\u011b v\u010d. ilustra\u010dn\u00ed fotografie z Va\u0161\u00ed kandidatury) nebo t\u0159eba i videodokument, pokud sp\u00ed\u0161e komunikujete s Va\u0161imi sympatizanty nap\u0159. prost\u0159ednictv\u00edm kan\u00e1lu YouTube.<\/p>\n<p>Ot\u00e1zky:<\/p>\n<p><strong>1) M\u00e1te n\u011bjakou osobn\u00ed zku\u0161enost s dobrovolnictv\u00edm, p\u0159\u00edpadn\u011b ve sv\u00e9 rodin\u011b \u010di mezi bl\u00edzk\u00fdmi p\u0159\u00e1teli? Pokud ano \u2013 jakou? <\/strong><\/p>\n<p>Dobr\u00fd den. Rozum\u00edm tomu tak, \u017ee ch\u00e1pete dobrovolnictv\u00ed z\u00fa\u017eene jako specificky definovanou a zam\u011b\u0159enou \u010dinost. J\u00e1 ji asi ch\u00e1pu \u0161\u00ed\u0159eji a v tom \u0161ir\u0161\u00edm smyslu se s n\u00ed st\u00fdk\u00e1m denn\u011b. V\u011bt\u0161ina aktivit a spole\u010den\u011b organizovan\u00fdch nekomer\u010dn\u00edch aktivit je na dobrovolnictv\u00ed postavena. P\u0159\u00edklad\u016f jsou stovky. Ale v\u017edy je to tak, \u017ee je p\u00e1r iniciativn\u00edch, kte\u0159\u00ed t\u00e1hnou, a zbytek se v\u00edce \u010di m\u00e9n\u011b pasivn\u011b veze.<\/p>\n<p><strong>2) Jak podle Va\u0161eho n\u00e1zoru funguje ob\u010dansk\u00e1 spole\u010dnost v \u010cR?<\/strong><\/p>\n<p>J\u00e1 ten s\u00e1m term\u00edn pova\u017euji za \u0161patn\u00fd. Implikuje, \u017ee ka\u017ed\u00fd z n\u00e1s je v ka\u017ed\u00e9 chv\u00edli p\u0159edev\u0161\u00edm ob\u010danem, \u010dili kole\u010dkem st\u00e1tn\u00edho mechanismu. Nen\u00ed. Jsme ka\u017ed\u00fd p\u0159edev\u0161\u00edm \u010dlov\u011bkem. Proto se spokoj\u00edm s term\u00edny &#8222;svobodn\u00e1&#8220; \u010di &#8222;otev\u0159en\u00e1&#8220; spole\u010dnost. M\u00e1m za to, \u017ee po str\u00e1nce dobrovoln\u00e9ho sdru\u017eov\u00e1n\u00ed nen\u00ed na sv\u011bt\u011b pospolit\u011bj\u0161\u00ed n\u00e1rod. U n\u00e1s neexistuj\u00ed profesn\u00ed \u010di majetkov\u00e9 kasty, ve spolc\u00edch, hospod\u00e1ch, u hasi\u010d\u016f, ve fotbalov\u00fdch vesnick\u00fdch klubech a dal\u0161\u00edch tradi\u010dn\u00edch platform\u00e1ch setk\u00e1v\u00e1n\u00ed jsou pohromad\u011b zcela b\u011b\u017en\u011b lid\u00e9 \u00fapln\u011b rozd\u00edln\u00fdch soci\u00e1ln\u00edch pom\u011br\u016f. Nen\u00ed u n\u00e1\u0161 n\u00e1bo\u017eensk\u00e9 \u010di jin\u00e9 nevra\u017eivosti, lid\u00e9 k sob\u011b maj\u00ed realativn\u011b bl\u00edzko. V n\u011bkter\u00fdch n\u00e1mi \u010dasto obdivovan\u00fdch zem\u00edch je nemysliteln\u00e9, aby p\u0159\u00edslu\u0161n\u00edk jist\u00e9ho stavu sekal ve\u0159ejn\u011b tr\u00e1vu, hr\u00e1l s d\u011btmi od soused\u016f venku fotbal, byl na venkovsk\u00e9m plese \u010di cokoli takov\u00e9ho. U n\u00e1s je to norm\u00e1ln\u00ed a to je dob\u0159e.<\/p>\n<p><strong> 3) Jak konkr\u00e9tn\u011b byste byl ochoten z pozice \u00fa\u0159adu prezidenta p\u0159isp\u011bt k pos\u00edlen\u00ed pov\u011bdom\u00ed a obecn\u00e9 podpory dobrovolnictv\u00ed a ob\u010dansk\u00e9 spole\u010dnosti v \u010cR? <\/strong><\/p>\n<p><strong> <\/strong>St\u00e1t se do t\u011bchto v\u011bc\u00ed v\u016fbec nem\u00e1 pl\u00e9st.<\/p>\n<p><strong>4) Pokud stoj\u00edte o spolupr\u00e1ci s dobrovoln\u00edky p\u0159i prezidentsk\u00e9 kampani, pro\u010d by m\u011bli pracovat pr\u00e1v\u011b pro V\u00e1s?<\/strong><\/p>\n<p>Proto\u017ee maj\u00ed bl\u00edzko ke svobod\u011b, co\u017e je pro mne z\u00e1sadn\u00ed hodnotou.<\/p>\n<p><strong>5) Z\u00fa\u010dastnil byste se v p\u0159\u00edpad\u011b pozv\u00e1n\u00ed ve\u0159ejn\u00e9ho setk\u00e1n\u00ed a diskuse o dobrovolnictv\u00ed s jin\u00fdmi kandid\u00e1ty na prezidenta konan\u00e9 na p\u0159elomu listopadu a prosince v Praze? Pokud ano, pros\u00edme o kontakt na osobu, jej\u00edm\u017e prost\u0159ednictv\u00edm V\u00e1s m\u016f\u017eeme p\u0159izvat. <\/strong><\/p>\n<p>Klidn\u011b, ale musel bych l\u00e9pe pochopit, jak m\u00e1te tento term\u00edn vymezen vy.<\/p>\n","protected":false},"excerpt":{"rendered":"<p>V\u00e1\u017een\u00fd pane Jakle, prost\u0159ednictv\u00edm kontaktu uve\u0159ejn\u011bn\u00e9ho na internetov\u00fdch str\u00e1nk\u00e1ch https:\/\/www.ladislavjakl.cz se na V\u00e1s obrac\u00edme v souvislosti s Va\u0161\u00edm \u00famyslem kandidovat na prezidenta \u010cesk\u00e9 republiky.<\/p>\n","protected":false},"author":1,"featured_media":0,"comment_status":"open","ping_status":"open","sticky":false,"template":"","format":"standard","meta":{"ngg_post_thumbnail":0,"footnotes":""},"categories":[17,13],"tags":[],"class_list":["post-2983","post","type-post","status-publish","format-standard","hentry","category-jakl-president","category-rozhovory"],"_links":{"self":[{"href":"https:\/\/www.ladislavjakl.cz\/index.php?rest_route=\/wp\/v2\/posts\/2983","targetHints":{"allow":["GET"]}}],"collection":[{"href":"https:\/\/www.ladislavjakl.cz\/index.php?rest_route=\/wp\/v2\/posts"}],"about":[{"href":"https:\/\/www.ladislavjakl.cz\/index.php?rest_route=\/wp\/v2\/types\/post"}],"author":[{"embeddable":true,"href":"https:\/\/www.ladislavjakl.cz\/index.php?rest_route=\/wp\/v2\/users\/1"}],"replies":[{"embeddable":true,"href":"https:\/\/www.ladislavjakl.cz\/index.php?rest_route=%2Fwp%2Fv2%2Fcomments&post=2983"}],"version-history":[{"count":1,"href":"https:\/\/www.ladislavjakl.cz\/index.php?rest_route=\/wp\/v2\/posts\/2983\/revisions"}],"predecessor-version":[{"id":2984,"href":"https:\/\/www.ladislavjakl.cz\/index.php?rest_route=\/wp\/v2\/posts\/2983\/revisions\/2984"}],"wp:attachment":[{"href":"https:\/\/www.ladislavjakl.cz\/index.php?rest_route=%2Fwp%2Fv2%2Fmedia&parent=2983"}],"wp:term":[{"taxonomy":"category","embeddable":true,"href":"https:\/\/www.ladislavjakl.cz\/index.php?rest_route=%2Fwp%2Fv2%2Fcategories&post=2983"},{"taxonomy":"post_tag","embeddable":true,"href":"https:\/\/www.ladislavjakl.cz\/index.php?rest_route=%2Fwp%2Fv2%2Ftags&post=2983"}],"curies":[{"name":"wp","href":"https:\/\/api.w.org\/{rel}","templated":true}]}}