{"id":2985,"date":"2012-10-24T16:16:34","date_gmt":"2012-10-24T14:16:34","guid":{"rendered":"http:\/\/www.ladislavjakl.cz\/?p=2985"},"modified":"2012-10-24T16:16:34","modified_gmt":"2012-10-24T14:16:34","slug":"jakl-je-proti-trestu-smrti-stat-nikomu-zivot-nedal","status":"publish","type":"post","link":"https:\/\/www.ladislavjakl.cz\/?p=2985","title":{"rendered":"Jakl je proti trestu smrti. St\u00e1t nikomu \u017eivot nedal"},"content":{"rendered":"<p>Ladislav Jakl usiluje o kandidaturu na prezidenta. Lidem m\u016f\u017ee nab\u00eddnout  podporu existence Sen\u00e1tu, nechu\u0165 k evropsk\u00fdm z\u00e1kon\u016fm a odm\u00edt\u00e1n\u00ed trestu  smrti. St\u00e1t toti\u017e nikomu \u017eivot nedal, tak ho nem\u00e1 pr\u00e1vo br\u00e1t.<\/p>\n<p><!--more--><\/p>\n<p>\u201eTrest smrti bych neobnovil. Zaprv\u00e9 proto, \u017ee trest smrti nem\u016f\u017eeme  obnovit,\u201c vysv\u011btloval v diskusn\u00edm po\u0159adu na TV P\u011btka Ladislav Jakl.  Podle jeho slov je \u010cesko v\u00e1z\u00e1no smlouvami, kter\u00e9 mu ve znovuzaveden\u00ed  trestu smrti br\u00e1n\u00ed.<\/p>\n<p>\u201eA proto\u017ee jsem proti n\u011bmu,\u201c dodal i osobn\u00ed motivaci. \u201eSt\u00e1t nikomu  \u017eivot nedal a st\u00e1t ho nikomu br\u00e1t nem\u00e1,\u201c uvedl Jakl. \u201eNev\u011b\u0159\u00edm v  odstra\u0161uj\u00edc\u00ed \u00fa\u010dinky,\u201c pouk\u00e1zal tak\u00e9 na \u010dast\u00fd argument p\u0159\u00edznivc\u016f trestu  smrti. Podle Jakl m\u00e1 mnohem siln\u011bj\u0161\u00ed odstra\u0161uj\u00edc\u00ed \u00fa\u010dinek, kdy\u017e se budou  zlo\u010dinci opravdu st\u00edhat.<\/p>\n<p>Jakl se stav\u00ed odm\u00edtav\u011b i k mno\u017estv\u00ed z\u00e1kon\u016f, a to jak st\u00e1tn\u00edch, tak i  unijn\u00edch. Ka\u017ed\u00fd z\u00e1kon je toti\u017e podle n\u011bj omezen\u00ed. \u201eSen\u00e1t m\u00e1 p\u0159ece jenom  jednu funkci, i kdy\u017e ji nevyu\u017e\u00edv\u00e1 zcela,\u201c pouk\u00e1zal na to, \u017ee horn\u00ed  komora Parlamentu m\u016f\u017ee blokovat \u0161patn\u00e9 z\u00e1kony. \u201eTro\u0161ku p\u0159ibrzdit tu  ma\u0161in\u00e9rii, ten buldozer,\u201c dodal.<\/p>\n<p>Podobn\u011b mu vad\u00ed n\u011bkter\u00e9 \u201ezbyte\u010dn\u00e9\u201c z\u00e1kony z Evropsk\u00e9 unie, nap\u0159\u00edklad  na\u0159\u00edzen\u00ed o okurk\u00e1ch \u010di pomaz\u00e1nkov\u00e9m m\u00e1slu. \u201eTo si n\u011bkdo plat\u00ed velk\u00e9  prachy za kancel\u00e1\u0159e v Bruselu. A tak si lobbist\u00e9 prosazuj\u00ed z\u00e1kony,\u201c  povzdechl si.<\/p>\n<p><a href=\"http:\/\/www.parlamentnilisty.cz\/zpravy\/Jakl-je-proti-trestu-smrti-Stat-nikomu-zivot-nedal-250842\" target=\"_blank\">Zdroj<\/a><\/p>\n","protected":false},"excerpt":{"rendered":"<p>Ladislav Jakl usiluje o kandidaturu na prezidenta. Lidem m\u016f\u017ee nab\u00eddnout podporu existence Sen\u00e1tu, nechu\u0165 k evropsk\u00fdm z\u00e1kon\u016fm a odm\u00edt\u00e1n\u00ed trestu smrti. St\u00e1t toti\u017e nikomu \u017eivot nedal, tak ho nem\u00e1 pr\u00e1vo br\u00e1t.<\/p>\n","protected":false},"author":1,"featured_media":0,"comment_status":"open","ping_status":"open","sticky":false,"template":"","format":"standard","meta":{"ngg_post_thumbnail":0,"footnotes":""},"categories":[17,11],"tags":[],"class_list":["post-2985","post","type-post","status-publish","format-standard","hentry","category-jakl-president","category-ozvena"],"_links":{"self":[{"href":"https:\/\/www.ladislavjakl.cz\/index.php?rest_route=\/wp\/v2\/posts\/2985","targetHints":{"allow":["GET"]}}],"collection":[{"href":"https:\/\/www.ladislavjakl.cz\/index.php?rest_route=\/wp\/v2\/posts"}],"about":[{"href":"https:\/\/www.ladislavjakl.cz\/index.php?rest_route=\/wp\/v2\/types\/post"}],"author":[{"embeddable":true,"href":"https:\/\/www.ladislavjakl.cz\/index.php?rest_route=\/wp\/v2\/users\/1"}],"replies":[{"embeddable":true,"href":"https:\/\/www.ladislavjakl.cz\/index.php?rest_route=%2Fwp%2Fv2%2Fcomments&post=2985"}],"version-history":[{"count":1,"href":"https:\/\/www.ladislavjakl.cz\/index.php?rest_route=\/wp\/v2\/posts\/2985\/revisions"}],"predecessor-version":[{"id":2986,"href":"https:\/\/www.ladislavjakl.cz\/index.php?rest_route=\/wp\/v2\/posts\/2985\/revisions\/2986"}],"wp:attachment":[{"href":"https:\/\/www.ladislavjakl.cz\/index.php?rest_route=%2Fwp%2Fv2%2Fmedia&parent=2985"}],"wp:term":[{"taxonomy":"category","embeddable":true,"href":"https:\/\/www.ladislavjakl.cz\/index.php?rest_route=%2Fwp%2Fv2%2Fcategories&post=2985"},{"taxonomy":"post_tag","embeddable":true,"href":"https:\/\/www.ladislavjakl.cz\/index.php?rest_route=%2Fwp%2Fv2%2Ftags&post=2985"}],"curies":[{"name":"wp","href":"https:\/\/api.w.org\/{rel}","templated":true}]}}