{"id":2987,"date":"2012-10-24T16:17:46","date_gmt":"2012-10-24T14:17:46","guid":{"rendered":"http:\/\/www.ladislavjakl.cz\/?p=2987"},"modified":"2012-10-24T16:17:46","modified_gmt":"2012-10-24T14:17:46","slug":"vystupujeme-z-evropske-unie-oznamil-ve-videu-prezident-jakl","status":"publish","type":"post","link":"https:\/\/www.ladislavjakl.cz\/?p=2987","title":{"rendered":"Vystupujeme z Evropsk\u00e9 unie, ozn\u00e1mil ve videu &#8222;prezident&#8220; Jakl"},"content":{"rendered":"<div>\u010cas bruselsk\u00e9ho dikt\u00e1tu skon\u010dil, \u010cesko vystupuje z  nesmysln\u00e9 Evropsk\u00e9 unie. Tak by se dalo v kostce shrnout \u0161estiminutov\u00e9  video, ve kter\u00e9m p\u0159edn\u00e1\u0161\u00ed sv\u016fj projev nov\u00fd prezident \u010cesk\u00e9 republiky  Ladislav Jakl.<\/div>\n<div><!--more-->Ladislav Jakl je samoz\u0159ejm\u011b zat\u00edm jen tajemn\u00edkem nyn\u011bj\u0161\u00ed hlavy st\u00e1tu, ov\u0161em sv\u00e9 prezidentsk\u00e9 ambice netaj\u00ed a r\u00e1d by V\u00e1clava Klause na Hrad\u011b vyst\u0159\u00eddal.<\/div>\n<div>\n<p>P\u0159i sh\u00e1n\u011bn\u00ed podpory pro svou kandidaturu se vyprofiloval jako p\u0159\u00edsn\u00fd kritik Evropsk\u00e9 unie. Na nyn\u00ed zve\u0159ejn\u011bn\u00e9m videu si tak\u00e9 zahr\u00e1l roli prezidenta republiky a ozn\u00e1mil vystoupen\u00ed \u010ceska z t\u00e9to\u00a0instituce.<\/p>\n<p>Projev  pojal Jakl jako parafr\u00e1zi slavn\u00e9ho novoro\u010dn\u00edho projevu V\u00e1clava Havla z  roku 1990. &#8222;P\u0159edpokl\u00e1d\u00e1m, \u017ee jste si mne nezvolili prezidentem republiky  proto, abych v\u00e1m lhal,&#8220; \u0159\u00edk\u00e1 Jakl (stejn\u011b jako Havel) hned v po\u010d\u00e1tku  projevu. A p\u0159id\u00e1v\u00e1 sv\u00e9 argumenty: \u00a0na\u0161e \u010dlenstv\u00ed v n\u00ed n\u00e1m p\u0159in\u00e1\u0161\u00ed v\u00edc  \u0161kody ne\u017e u\u017eitku, kv\u016fli EU m\u00e1me zni\u010denou p\u0159\u00edrodu, drah\u00fd proud, \u0161patn\u00e9  z\u00e1kony a nejsme svobodn\u00ed.<\/p>\n<p>&#8222;Dovolte mi mil\u00ed spoluob\u010dan\u00e9, abych v\u00e1m ozn\u00e1mil sv\u00e9 z\u00e1sadn\u00ed rozhodnut\u00ed.  Dnes dopoledne jsem poslal jm\u00e9nem \u010cesk\u00e9 republiky dopis p\u0159edsedovi  evropsk\u00e9 rady, \u017ee \u010cesk\u00e1 republika dne\u0161n\u00edm dnem vystupuje z Evropsk\u00e9 unie  a st\u00e1v\u00e1 se op\u011bt nez\u00e1visl\u00fdm, svobodn\u00fdm st\u00e1tem. \u010cas bruselsk\u00e9ho dikt\u00e1tu  skon\u010dil,&#8220; uzav\u00edr\u00e1 sv\u016fj projev &#8222;prezident&#8220; Jakl.<\/p>\n<p><a href=\"http:\/\/www.lidovky.cz\/vystupujeme-z-evropske-unie-oznamil-ve-videu-prezident-jakl-p5o-\/ln_domov.asp?c=A121022_184733_ln_domov_Pta\" target=\"_blank\">Zdroj<\/a><\/div>\n","protected":false},"excerpt":{"rendered":"<p>\u010cas bruselsk\u00e9ho dikt\u00e1tu skon\u010dil, \u010cesko vystupuje z nesmysln\u00e9 Evropsk\u00e9 unie. Tak by se dalo v kostce shrnout \u0161estiminutov\u00e9 video, ve kter\u00e9m p\u0159edn\u00e1\u0161\u00ed sv\u016fj projev nov\u00fd prezident \u010cesk\u00e9 republiky Ladislav Jakl.<\/p>\n","protected":false},"author":1,"featured_media":0,"comment_status":"open","ping_status":"open","sticky":false,"template":"","format":"standard","meta":{"ngg_post_thumbnail":0,"footnotes":""},"categories":[17,11],"tags":[],"class_list":["post-2987","post","type-post","status-publish","format-standard","hentry","category-jakl-president","category-ozvena"],"_links":{"self":[{"href":"https:\/\/www.ladislavjakl.cz\/index.php?rest_route=\/wp\/v2\/posts\/2987","targetHints":{"allow":["GET"]}}],"collection":[{"href":"https:\/\/www.ladislavjakl.cz\/index.php?rest_route=\/wp\/v2\/posts"}],"about":[{"href":"https:\/\/www.ladislavjakl.cz\/index.php?rest_route=\/wp\/v2\/types\/post"}],"author":[{"embeddable":true,"href":"https:\/\/www.ladislavjakl.cz\/index.php?rest_route=\/wp\/v2\/users\/1"}],"replies":[{"embeddable":true,"href":"https:\/\/www.ladislavjakl.cz\/index.php?rest_route=%2Fwp%2Fv2%2Fcomments&post=2987"}],"version-history":[{"count":1,"href":"https:\/\/www.ladislavjakl.cz\/index.php?rest_route=\/wp\/v2\/posts\/2987\/revisions"}],"predecessor-version":[{"id":2988,"href":"https:\/\/www.ladislavjakl.cz\/index.php?rest_route=\/wp\/v2\/posts\/2987\/revisions\/2988"}],"wp:attachment":[{"href":"https:\/\/www.ladislavjakl.cz\/index.php?rest_route=%2Fwp%2Fv2%2Fmedia&parent=2987"}],"wp:term":[{"taxonomy":"category","embeddable":true,"href":"https:\/\/www.ladislavjakl.cz\/index.php?rest_route=%2Fwp%2Fv2%2Fcategories&post=2987"},{"taxonomy":"post_tag","embeddable":true,"href":"https:\/\/www.ladislavjakl.cz\/index.php?rest_route=%2Fwp%2Fv2%2Ftags&post=2987"}],"curies":[{"name":"wp","href":"https:\/\/api.w.org\/{rel}","templated":true}]}}