{"id":2989,"date":"2012-10-24T16:19:01","date_gmt":"2012-10-24T14:19:01","guid":{"rendered":"http:\/\/www.ladislavjakl.cz\/?p=2989"},"modified":"2012-10-24T16:19:01","modified_gmt":"2012-10-24T14:19:01","slug":"prezidentovi-muzi-jakl-a-hajek-vtipkuji-na-ucet-zesnuleho-prezidenta-havla","status":"publish","type":"post","link":"https:\/\/www.ladislavjakl.cz\/?p=2989","title":{"rendered":"Prezidentovi mu\u017ei Jakl a H\u00e1jek vtipkuj\u00ed na \u00fa\u010det zesnul\u00e9ho prezidenta Havla"},"content":{"rendered":"<p>Ladislav Jakl, kandid\u00e1t na prezidenta a sou\u010dasn\u00fd tajemn\u00edk V\u00e1clava  Klause, u\u017e m\u00e1 za sebou prvn\u00ed novoro\u010dn\u00ed projev v pozici hlavy st\u00e1tu.  Fiktivn\u00ed. V n\u011bm na serveru YouTube.com ozn\u00e1mil, \u017ee \u010cesk\u00e1 republika  vystoupila z Evropsk\u00e9 unie.<\/p>\n<p><!--more--><\/p>\n<p>Prezidentsk\u00fd kandid\u00e1t Ladislav Jakl zve\u0159ejnil  na internetu &#8222;novoro\u010dn\u00ed projev&#8220;, ve kter\u00e9m oznamuje vystoupen\u00ed \u010cesk\u00e9  republiky z Evropsk\u00e9 unie. \u010clenstv\u00ed v EU podle n\u011bj p\u0159in\u00e1\u0161\u00ed zemi &#8222;v\u00edce  \u0161kody ne\u017e u\u017eitku&#8220;.<\/p>\n<p>Jakl je kandid\u00e1tem Strany svobodn\u00fdch ob\u010dan\u016f, kter\u00e1 na sobotu organizuje manifestaci za osamostatn\u011bn\u00ed \u010cR od unie.<\/p>\n<p>&#8222;Dnes dopoledne jsem poslal jm\u00e9nem \u010cesk\u00e9  republiky dopis p\u0159edsedovi Evropsk\u00e9 rady, \u017ee \u010cesk\u00e1 republika dne\u0161n\u00edm  dnem vystupuje z Evropsk\u00e9 unie a st\u00e1v\u00e1 se op\u011bt nez\u00e1visl\u00fdm, svobodn\u00fdm  st\u00e1tem,&#8220; \u0159\u00edk\u00e1 Jakl na videu, zve\u0159ejn\u011bn\u00e9m na serveru Youtube.com.<\/p>\n<p>\u010cesko je podle n\u011bj p\u0159ipraveno ke spolupr\u00e1ci s  k\u00fdmkoli, ale pouze za vz\u00e1jemn\u011b v\u00fdhodn\u00fdch podm\u00ednek. &#8222;\u010cas bruselsk\u00e9ho  dikt\u00e1tu skon\u010dil,&#8220; dod\u00e1v\u00e1 Jakl v z\u00e1v\u011bru projevu.<\/p>\n<p>Uchaze\u010d o k\u0159eslo hlavy st\u00e1tu v \u00favodu videa parafr\u00e1zuje prvn\u00ed polistopadov\u00fd novoro\u010dn\u00ed projev prezidenta V\u00e1clava Havla.<\/p>\n<p>&#8222;Ne, Evropsk\u00e1 unie nevzkv\u00e9t\u00e1. Evropsk\u00e1 unie  nen\u00ed prostorem spolupr\u00e1ce a harmonie, ale prostorem rostouc\u00edho  spole\u010densk\u00e9ho nap\u011bt\u00ed mezi soci\u00e1ln\u00edmi vrstvami i n\u00e1rody,&#8220; uv\u00e1d\u00ed Jakl v  \u00favodu sv\u00e9ho projevu. Na internetu existuj\u00ed dv\u011b verze &#8211; \u00fapln\u00e1 a zkr\u00e1cen\u00e1.<\/p>\n<p>Strana svobodn\u00fdch ob\u010dan\u016f je zn\u00e1m\u00e1  rezervovan\u00fdm postojem k EU. Strana na sobotu organizuje do Prahy  demonstraci za svobodu \u010cesk\u00e9 republiky.<\/p>\n<p>&#8222;Op\u011bt si p\u0159ipomeneme den osamostatn\u011bn\u00ed st\u00e1tu  od Rakouska-Uherska a vyhl\u00e1\u0161en\u00ed svrchovan\u00e9ho \u010cesko-Slovenska v roce 1918  a vyslov\u00edme se pro osamostatn\u011bn\u00ed \u010cesk\u00e9 republiky od Evropsk\u00e9 unie,&#8220;  sd\u011blila \u010cTK medi\u00e1ln\u00ed z\u00e1stupkyn\u011b Svobodn\u00fdch Tereza Meli\u0161ov\u00e1.<\/p>\n<p><strong>Na Havl\u016fv \u00fa\u010det vtipkuje i H\u00e1jek<\/strong><\/p>\n<p>Jakl je tajemn\u00edkem sou\u010dasn\u00e9ho prezidenta  V\u00e1clava Klause, kter\u00fd tak\u00e9 podepsal petici za Jaklovu kandidaturu. Zat\u00edm  ale nen\u00ed jist\u00e9, zda u\u017e z\u00edskal 50 000 podpis\u016f, kter\u00e9 jsou k re\u00e1ln\u00e9  \u00fa\u010dasti v prezidentsk\u00e9 p\u0159\u00edm\u00e9 volb\u011b pot\u0159eba.<\/p>\n<p>Tajemn\u00edk prezidenta Klause nen\u00ed jedin\u00fdm, kdo  vtipkuje na \u00fa\u010det V\u00e1clava Havla. Klaus\u016fv vicekancl\u00e9\u0159 Petr H\u00e1jek \u00fadajn\u011b ve  sv\u00e9 nov\u00e9 knize Smrt v sametu ozna\u010dil zesnul\u00e9ho prezidenta za &#8222;n\u00e1stroj  l\u017ei a nen\u00e1visti&#8220;, teoretick\u00e9ho moralistu bez mor\u00e1ln\u00edch skrupul\u00ed.<\/p>\n<p><a href=\"http:\/\/zpravy.ihned.cz\/politika\/c1-58049560-prezidentovi-muzi-jakl-a-hajek-vtipkuji-na-ucet-zesnuleho-prezidenta-havla\" target=\"_blank\">Zdroj<\/a><\/p>\n","protected":false},"excerpt":{"rendered":"<p>Ladislav Jakl, kandid\u00e1t na prezidenta a sou\u010dasn\u00fd tajemn\u00edk V\u00e1clava Klause, u\u017e m\u00e1 za sebou prvn\u00ed novoro\u010dn\u00ed projev v pozici hlavy st\u00e1tu. Fiktivn\u00ed. V n\u011bm na serveru YouTube.com ozn\u00e1mil, \u017ee \u010cesk\u00e1 republika vystoupila z Evropsk\u00e9 unie.<\/p>\n","protected":false},"author":1,"featured_media":0,"comment_status":"open","ping_status":"open","sticky":false,"template":"","format":"standard","meta":{"ngg_post_thumbnail":0,"footnotes":""},"categories":[17,11],"tags":[],"class_list":["post-2989","post","type-post","status-publish","format-standard","hentry","category-jakl-president","category-ozvena"],"_links":{"self":[{"href":"https:\/\/www.ladislavjakl.cz\/index.php?rest_route=\/wp\/v2\/posts\/2989","targetHints":{"allow":["GET"]}}],"collection":[{"href":"https:\/\/www.ladislavjakl.cz\/index.php?rest_route=\/wp\/v2\/posts"}],"about":[{"href":"https:\/\/www.ladislavjakl.cz\/index.php?rest_route=\/wp\/v2\/types\/post"}],"author":[{"embeddable":true,"href":"https:\/\/www.ladislavjakl.cz\/index.php?rest_route=\/wp\/v2\/users\/1"}],"replies":[{"embeddable":true,"href":"https:\/\/www.ladislavjakl.cz\/index.php?rest_route=%2Fwp%2Fv2%2Fcomments&post=2989"}],"version-history":[{"count":1,"href":"https:\/\/www.ladislavjakl.cz\/index.php?rest_route=\/wp\/v2\/posts\/2989\/revisions"}],"predecessor-version":[{"id":2990,"href":"https:\/\/www.ladislavjakl.cz\/index.php?rest_route=\/wp\/v2\/posts\/2989\/revisions\/2990"}],"wp:attachment":[{"href":"https:\/\/www.ladislavjakl.cz\/index.php?rest_route=%2Fwp%2Fv2%2Fmedia&parent=2989"}],"wp:term":[{"taxonomy":"category","embeddable":true,"href":"https:\/\/www.ladislavjakl.cz\/index.php?rest_route=%2Fwp%2Fv2%2Fcategories&post=2989"},{"taxonomy":"post_tag","embeddable":true,"href":"https:\/\/www.ladislavjakl.cz\/index.php?rest_route=%2Fwp%2Fv2%2Ftags&post=2989"}],"curies":[{"name":"wp","href":"https:\/\/api.w.org\/{rel}","templated":true}]}}