{"id":3004,"date":"2012-10-26T12:49:45","date_gmt":"2012-10-26T10:49:45","guid":{"rendered":"http:\/\/www.ladislavjakl.cz\/?p=3004"},"modified":"2012-10-26T12:49:45","modified_gmt":"2012-10-26T10:49:45","slug":"pravdy-a-nepravdy-%e2%80%9eprezidenta%e2%80%9c-jakla","status":"publish","type":"post","link":"https:\/\/www.ladislavjakl.cz\/?p=3004","title":{"rendered":"Pravdy a nepravdy \u201eprezidenta\u201c Jakla"},"content":{"rendered":"<p>P\u0159edn\u011b je t\u0159eba \u0159\u00edci, \u017ee <a href=\"http:\/\/www.lidovky.cz\/jakl-ve-svem-novorocnim-projevu-oznamuje-vystoupeni-ceska-z-eu-pw0-\/ln-video.asp?c=A121023_213254_ln-video_kim\">toto video<\/a> nen\u00ed \u017e\u00e1dnou parodi\u00ed na V\u00e1clava Havla. Jedinou nar\u00e1\u017ekou na n\u011bj je v\u011bta,  \u017ee \u201eEvropsk\u00e1 Unie nevzkv\u00e9t\u00e1\u201c a to je mysl\u00edm na parodii p\u0159\u00edli\u0161 m\u00e1lo. Aby  to byl parodie, musel by Ladislav Jakl tak\u00e9 napodobovat r\u00e1\u010dkov\u00e1n\u00ed  V\u00e1clava Havla, jeho ehm, ehm a v\u016fbec cel\u00fd styl jeho projev\u016f, kter\u00e9  k\u00a0posledku b\u00fdvaly dosti nudn\u00e9. To se ale nestalo.<\/p>\n<p><a name=\"t2\"><\/a><!--more--><\/p>\n<p>Video Ladislava Jakla je  zcela legitimn\u00ed politickou satirou, kterou p\u0159\u00edznivci sou\u010dasn\u00e9 podoby EU  nemohou sn\u00e9st, zat\u00edmco kdy\u017e se na Pra\u017esk\u00e9m Hrad\u011b produc\u00edroval zn\u00e1m\u00fd  pis\u00e1lek a skandalista Michal Viewegh a vyz\u00fdval prezidenta Klause  k\u00a0n\u00e1stupu do psychiatrick\u00e9 l\u00e9\u010debny, bylo dle nich v\u0161e v\u00a0naprost\u00e9m  po\u0159\u00e1dku.<\/p>\n<p>Samoz\u0159ejm\u011b, \u017ee z\u00a0jejich hlediska to v\u00a0po\u0159\u00e1dku bylo, proto\u017ee  Lisabonsk\u00e1 smlouva je jedn\u00edm z\u00a0posledn\u00edch \u010dl\u00e1nk\u016f \u0159et\u011bzu, svazuj\u00edc\u00edho  samostatnost a suverenitu jednotliv\u00fdch st\u00e1t\u016f EU. V\u00a0podstat\u011b lze bez  nads\u00e1zky \u0159\u00edci, \u017ee socialistick\u00e1 administrativa EU v\u00a0\u010dele s\u00a0marxistou  Barossem postupuje naprosto stejn\u00fdm zp\u016fsobem jako KS\u010c v\u00a0roce 1948.<\/p>\n<p>Volby v\u00a0roce 1946 KS\u010c vyhr\u00e1la, ale jakmile tento siln\u00fd mand\u00e1t od  obyvatelstva dostala, nehodlala se ji\u017e sv\u00e9 moci vzd\u00e1t. A to sam\u00e9 Brusel,  kter\u00fd byl sice dobrovoln\u011b zvolen za hlavn\u00ed m\u011bsto EU, ale nyn\u00ed nehodl\u00e1  nic ze sv\u00fdch kompetenc\u00ed ztratit a p\u0159ib\u00edr\u00e1 si st\u00e1le dal\u0161\u00ed, zat\u00edmco  \u010dlensk\u00e9 st\u00e1ty proti tom nemohou nic d\u011blat. Podobn\u011b jako \u010deskoslovensk\u00e9  obyvatelstvo po roce 1948.<\/p>\n<p>Jen m\u00e1lokdo byl hned v\u00a0kv\u011btnu 2004 tak nad\u0161en ze vstupu do EU jako  j\u00e1. Pro firmu jsem ze Srbska dov\u00e1\u017eel n\u011bjak\u00e9 telekomunika\u010dn\u00ed sou\u010d\u00e1stky a  pamatoval si z\u00a0p\u0159edchoz\u00edch cest to p\u0159\u00ed\u0161ern\u00e9 \u010dek\u00e1n\u00ed na celnic\u00edch. Na  Ma\u010farsko-Slovensk\u00e9 celnici a Slovensko-\u010cesk\u00e9 celnici. A najednou (jeli  jsem jenom dod\u00e1vkou do 3,5 tuny) n\u00e1s prakticky jen prom\u00e1vli a my byli  doma nejm\u00e9n\u011b o p\u016fl dne d\u0159\u00edv.<\/p>\n<p>Ale chyba l\u00e1vky. Voln\u00fd pohyb zbo\u017e\u00ed nen\u00ed \u017e\u00e1dn\u00fdm vyn\u00e1lezem EU. A ani  \u017e\u00e1dn\u00fd voln\u00fd pohyb osob. To v\u0161e existovalo cel\u00fdch 35 let ji\u017e od zalo\u017een\u00ed  EHS v\u00a0roce 1958 a p\u0159em\u011bna EHS v\u00a0EU v\u00a0roce 1993 na tom v\u016fbec nic  nezm\u011bnila. To, co se zm\u011bnilo, bylo sm\u011b\u0159ov\u00e1n\u00ed k\u00a0<strong>politick\u00e9 integraci<\/strong> Evropy, k\u00a0c\u00edli , kter\u00fd m\u011bl ji\u017e Adolf Hitler a neb\u00fdt nemoudr\u00e9ho napaden\u00ed Sov\u011btsk\u00e9ho Svazu, mohlo se mu to poda\u0159it.<\/p>\n<p>Ladislav Jakl pouze vypichuje ty nejhor\u0161\u00ed excesy, kter\u00e9 n\u00e1m Evropsk\u00e1  Unie vnutila. A vypichuje je naprosto spr\u00e1vn\u011b. \u0160\u00edlen\u00fd fotovoltaick\u00fd  projekt nejen\u017ee zamo\u0159il \u00farodn\u00e1 pole zdrav\u00ed \u0161kodliv\u00fdmi sol\u00e1rn\u00edmi panely  (ji\u017e nyn\u00ed v\u00edme, jak\u00fd probl\u00e9m bude s\u00a0jejich likvidac\u00ed), obludn\u00fdmi  v\u011btrn\u00edky, kter\u00e9 se l\u00edn\u011b p\u0159evaluj\u00ed, aby, stejn\u011b jako sol\u00e1rn\u00ed panely,  generovaly p\u0159edev\u0161\u00edm platby n\u00e1s v\u0161ech za \u201ezelenou\u201c energii.<\/p>\n<p>A tyto platby, kter\u00e9 z\u00a0v\u016fle EU plynou do kapes privilegovan\u00fdm  \u201enepodnikatel\u016fm\u201c, kte\u0159\u00ed nepodstupuj\u00ed \u017e\u00e1dn\u00e1 podnikatelsk\u00e1 rizika. Jejich  zisk je garantov\u00e1n st\u00e1tem. A samoz\u0159ejm\u011b, nelze ani opomenout biopaliva,  kter\u00e1 jsou snad ze v\u0161ech \u201evyn\u00e1lez\u016f\u201c EU to nejhor\u0161\u00ed. M\u00edsto potravin se  produkuj\u00ed plodiny na olej a potraviny zdra\u017euj\u00ed, zat\u00edmco motory se ni\u010d\u00ed.<\/p>\n<p>Ladislav Jakl toti\u017e ne\u0159ekl nic jin\u00e9ho, ne\u017e, \u017ee kr\u00e1l, kter\u00fd se na  ve\u0159ejnosti proch\u00e1z\u00ed bez od\u011bvu, je nah\u00fd. A \u201enah\u00e1\u201c je v\u00a0tomto p\u0159\u00edpad\u011b  Evropsk\u00e1 Unie a nen\u00ed divu, \u017ee parta lid\u00ed, kte\u0159\u00ed ze EU \u017eij\u00ed a tyj\u00ed  skv\u011bl\u00fdm zp\u016fsobem, se c\u00edt\u00ed dot\u010dena. I j\u00e1 bych se c\u00edtil dot\u010den, kdyby  takto n\u011bkdo kritizoval p\u011bkn\u011b vypasenou a dob\u0159e \u017eivenou bruselskou  administrativu, na jej\u00ed\u017e struky je p\u0159is\u00e1t.<\/p>\n<p>Ale takov\u00fdch lid\u00ed je u n\u00e1s jen nepatrn\u00e9 procento. Naprost\u00e9 v\u011bt\u0161in\u011b  lid\u00ed p\u0159inesla EU sp\u00ed\u0161e pot\u00ed\u017ee ne\u017e n\u011bjak\u00e9 z\u0159eteln\u00e9 v\u00fdhody. Ano, mohu bez  pasu jezdit po Schengenu. Moc hezk\u00e9. Ale stejn\u011b tak m\u016f\u017ee \u00fanosce d\u00edt\u011bte  bez probl\u00e9m\u016f uniknout z\u00a0republiky. Tak\u017ee, v\u017edy je n\u011bco na n\u011bco a nezd\u00e1  se, \u017ee by ta strana \u201edal\u201c byla v\u00a0p\u0159\u00edpad\u011b EU v\u011bt\u0161\u00ed ne\u017e na\u0161e \u201em\u00e1 d\u00e1ti\u201c.<\/p>\n<p><a href=\"http:\/\/jirihermanek.blog.idnes.cz\/c\/297550\/Pravdy-a-nepravdy-prezidenta-Jakla.html\" target=\"_blank\">Zdroj<\/a><\/p>\n","protected":false},"excerpt":{"rendered":"<p>P\u0159edn\u011b je t\u0159eba \u0159\u00edci, \u017ee toto video nen\u00ed \u017e\u00e1dnou parodi\u00ed na V\u00e1clava Havla. Jedinou nar\u00e1\u017ekou na n\u011bj je v\u011bta, \u017ee \u201eEvropsk\u00e1 Unie nevzkv\u00e9t\u00e1\u201c a to je mysl\u00edm na parodii p\u0159\u00edli\u0161 m\u00e1lo. Aby to byl parodie, musel by Ladislav Jakl tak\u00e9 napodobovat r\u00e1\u010dkov\u00e1n\u00ed V\u00e1clava Havla, jeho ehm, ehm a v\u016fbec cel\u00fd styl jeho projev\u016f, kter\u00e9 k\u00a0posledku [&hellip;]<\/p>\n","protected":false},"author":1,"featured_media":0,"comment_status":"open","ping_status":"open","sticky":false,"template":"","format":"standard","meta":{"ngg_post_thumbnail":0,"footnotes":""},"categories":[17,11],"tags":[],"class_list":["post-3004","post","type-post","status-publish","format-standard","hentry","category-jakl-president","category-ozvena"],"_links":{"self":[{"href":"https:\/\/www.ladislavjakl.cz\/index.php?rest_route=\/wp\/v2\/posts\/3004","targetHints":{"allow":["GET"]}}],"collection":[{"href":"https:\/\/www.ladislavjakl.cz\/index.php?rest_route=\/wp\/v2\/posts"}],"about":[{"href":"https:\/\/www.ladislavjakl.cz\/index.php?rest_route=\/wp\/v2\/types\/post"}],"author":[{"embeddable":true,"href":"https:\/\/www.ladislavjakl.cz\/index.php?rest_route=\/wp\/v2\/users\/1"}],"replies":[{"embeddable":true,"href":"https:\/\/www.ladislavjakl.cz\/index.php?rest_route=%2Fwp%2Fv2%2Fcomments&post=3004"}],"version-history":[{"count":1,"href":"https:\/\/www.ladislavjakl.cz\/index.php?rest_route=\/wp\/v2\/posts\/3004\/revisions"}],"predecessor-version":[{"id":3005,"href":"https:\/\/www.ladislavjakl.cz\/index.php?rest_route=\/wp\/v2\/posts\/3004\/revisions\/3005"}],"wp:attachment":[{"href":"https:\/\/www.ladislavjakl.cz\/index.php?rest_route=%2Fwp%2Fv2%2Fmedia&parent=3004"}],"wp:term":[{"taxonomy":"category","embeddable":true,"href":"https:\/\/www.ladislavjakl.cz\/index.php?rest_route=%2Fwp%2Fv2%2Fcategories&post=3004"},{"taxonomy":"post_tag","embeddable":true,"href":"https:\/\/www.ladislavjakl.cz\/index.php?rest_route=%2Fwp%2Fv2%2Ftags&post=3004"}],"curies":[{"name":"wp","href":"https:\/\/api.w.org\/{rel}","templated":true}]}}