{"id":3008,"date":"2012-10-26T12:52:13","date_gmt":"2012-10-26T10:52:13","guid":{"rendered":"http:\/\/www.ladislavjakl.cz\/?p=3008"},"modified":"2012-10-26T12:52:13","modified_gmt":"2012-10-26T10:52:13","slug":"pravdy-a-nepravdy-%e2%80%9eprezidenta%e2%80%9c-jakla-2","status":"publish","type":"post","link":"https:\/\/www.ladislavjakl.cz\/?p=3008","title":{"rendered":"Pravdy a nepravdy \u201eprezidenta\u201c Jakla"},"content":{"rendered":"<p>P\u0159edn\u011b je t\u0159eba \u0159\u00edci, \u017ee <a href=\"http:\/\/www.youtube.com\/watch?v=_CidVlxqij8&amp;feature=youtu.be\" target=\"_blank\">toto video<\/a> (jeho dlouh\u00e1 verze <a href=\"http:\/\/www.youtube.com\/watch?v=Nx6MyNJgafg&amp;feature=g-upl\" target=\"_blank\">zde<\/a>)  nen\u00ed \u017e\u00e1dnou parodi\u00ed na V\u00e1clava Havla. Jedinou nar\u00e1\u017ekou na n\u011bj je v\u011bta,  \u017ee &#8222;Evropsk\u00e1 unie nevzkv\u00e9t\u00e1&#8220;, a to je mysl\u00edm na parodii p\u0159\u00edli\u0161 m\u00e1lo. Aby  to byl parodie, musel by Ladislav Jakl tak\u00e9 napodobovat r\u00e1\u010dkov\u00e1n\u00ed  V\u00e1clava Havla, jeho ehm, ehm a v\u016fbec cel\u00fd styl jeho projev\u016f, kter\u00e9 k  posledku b\u00fdvaly dosti nudn\u00e9. To se ale nestalo.<\/p>\n<p><!--more-->Video  Ladislava Jakla je zcela legitimn\u00ed politickou satirou, kterou p\u0159\u00edznivci  sou\u010dasn\u00e9 podoby EU nemohou sn\u00e9st, zat\u00edmco kdy\u017e se na Pra\u017esk\u00e9m hrad\u011b  produc\u00edroval zn\u00e1m\u00fd pis\u00e1lek a skandalista Michal Viewegh a vyz\u00fdval  prezidenta Klause k n\u00e1stupu do psychiatrick\u00e9 l\u00e9\u010debny, bylo dle nich v\u0161e v  naprost\u00e9m po\u0159\u00e1dku.<\/p>\n<p>Samoz\u0159ejm\u011b, \u017ee z jejich hlediska to v po\u0159\u00e1dku  bylo, proto\u017ee Lisabonsk\u00e1 smlouva je jedn\u00edm z posledn\u00edch \u010dl\u00e1nk\u016f \u0159et\u011bzu  svazuj\u00edc\u00edho samostatnost a suverenitu jednotliv\u00fdch st\u00e1t\u016f EU. V podstat\u011b  lze bez nads\u00e1zky \u0159\u00edci, \u017ee socialistick\u00e1 administrativa EU v \u010dele s  maoistou Barrosem postupuje naprosto stejn\u00fdm zp\u016fsobem jako KS\u010c v roce  1948.<\/p>\n<p>Volby v roce 1946 KS\u010c vyhr\u00e1la, ale jakmile tento siln\u00fd  mand\u00e1t od obyvatelstva dostala, nehodlala se ji\u017e sv\u00e9 moci vzd\u00e1t. A to  sam\u00e9 Brusel, kter\u00fd byl sice dobrovoln\u011b zvolen za hlavn\u00ed m\u011bsto EU, ale  nyn\u00ed nehodl\u00e1 nic ze sv\u00fdch kompetenc\u00ed ztratit a p\u0159ib\u00edr\u00e1 si st\u00e1le dal\u0161\u00ed,  zat\u00edmco \u010dlensk\u00e9 st\u00e1ty proti tomu nemohou nic d\u011blat. Podobn\u011b jako  \u010deskoslovensk\u00e9 obyvatelstvo po roce 1948.<\/p>\n<p>Jen m\u00e1lokdo byl hned v  kv\u011btnu 2004 tak nad\u0161en ze vstupu do EU jako j\u00e1. Pro firmu jsem ze Srbska  dov\u00e1\u017eel n\u011bjak\u00e9 telekomunika\u010dn\u00ed sou\u010d\u00e1stky a pamatoval si z p\u0159edchoz\u00edch  cest to p\u0159\u00ed\u0161ern\u00e9 \u010dek\u00e1n\u00ed na celnic\u00edch. Na ma\u010farsko-slovensk\u00e9 a  slovensko-\u010desk\u00e9 celnici. A najednou (jeli jsem jenom dod\u00e1vkou do 3,5  tuny) n\u00e1s prakticky jen prom\u00e1vli a my byli doma nejm\u00e9n\u011b o p\u016fl dne d\u0159\u00edv.<\/p>\n<p>Ale  chyba l\u00e1vky. Voln\u00fd pohyb zbo\u017e\u00ed nen\u00ed \u017e\u00e1dn\u00fdm vyn\u00e1lezem EU. A ani \u017e\u00e1dn\u00fd  voln\u00fd pohyb osob. To v\u0161e existovalo cel\u00fdch 35 let ji\u017e od zalo\u017een\u00ed EHS v  roce 1958 a p\u0159em\u011bna EHS v EU v roce 1993 na tom v\u016fbec nic nezm\u011bnila. To,  co se zm\u011bnilo, bylo sm\u011b\u0159ov\u00e1n\u00ed k <strong>politick\u00e9 integraci<\/strong> Evropy, k c\u00edli, kter\u00fd m\u011bl ji\u017e Adolf Hitler a, neb\u00fdt nemoudr\u00e9ho napaden\u00ed Sov\u011btsk\u00e9ho svazu, mohlo se mu to poda\u0159it.<\/p>\n<p>Ladislav  Jakl pouze vypichuje ty nejhor\u0161\u00ed excesy, kter\u00e9 n\u00e1m Evropsk\u00e1 unie  vnutila. A vypichuje je naprosto spr\u00e1vn\u011b. \u0160\u00edlen\u00fd fotovoltaick\u00fd projekt  nejen\u017ee zamo\u0159il \u00farodn\u00e1 pole zdrav\u00ed \u0161kodliv\u00fdmi sol\u00e1rn\u00edmi panely (ji\u017e nyn\u00ed  v\u00edme, jak\u00fd probl\u00e9m bude s jejich likvidac\u00ed), obludn\u00fdmi v\u011btrn\u00edky, kter\u00e9  se l\u00edn\u011b p\u0159evaluj\u00ed, aby stejn\u011b jako sol\u00e1rn\u00ed panely generovaly p\u0159edev\u0161\u00edm  platby n\u00e1s v\u0161ech za &#8222;zelenou&#8220; energii.<\/p>\n<p>A tyto platby z v\u016fle EU  plynou do kapes privilegovan\u00fdm &#8222;nepodnikatel\u016fm&#8220;, kte\u0159\u00ed nepodstupuj\u00ed  \u017e\u00e1dn\u00e1 podnikatelsk\u00e1 rizika. Jejich zisk je garantov\u00e1n st\u00e1tem. A  samoz\u0159ejm\u011b nelze ani opomenout biopaliva, kter\u00e1 jsou snad ze v\u0161ech  &#8222;vyn\u00e1lez\u016f&#8220; EU to nejhor\u0161\u00ed. M\u00edsto potravin se produkuj\u00ed plodiny na olej a  potraviny zdra\u017euj\u00ed, zat\u00edmco motory se ni\u010d\u00ed.<\/p>\n<p>Ladislav Jakl toti\u017e  ne\u0159ekl nic jin\u00e9ho, ne\u017e \u017ee kr\u00e1l, kter\u00fd se na ve\u0159ejnosti proch\u00e1z\u00ed bez  od\u011bvu, je nah\u00fd. A &#8222;nah\u00e1&#8220; je v tomto p\u0159\u00edpad\u011b Evropsk\u00e1 unie a nen\u00ed divu,  \u017ee parta lid\u00ed, kte\u0159\u00ed z Unie \u017eij\u00ed a tyj\u00ed skv\u011bl\u00fdm zp\u016fsobem, se c\u00edt\u00ed  dot\u010dena. I j\u00e1 bych se c\u00edtil dot\u010den, kdyby takto n\u011bkdo kritizoval p\u011bkn\u011b  vypasenou a dob\u0159e \u017eivenou bruselskou administrativu, na jej\u00ed\u017e struky  bych byl p\u0159is\u00e1t.<\/p>\n<p>Ale takov\u00fdch lid\u00ed je u n\u00e1s jen nepatrn\u00e9 procento.  Naprost\u00e9 v\u011bt\u0161in\u011b lid\u00ed p\u0159inesla EU sp\u00ed\u0161e pot\u00ed\u017ee ne\u017e n\u011bjak\u00e9 z\u0159eteln\u00e9  v\u00fdhody. Ano, mohu bez pasu jezdit po Schengenu. Moc hezk\u00e9. Ale stejn\u011b  tak m\u016f\u017ee \u00fanosce d\u00edt\u011bte bez probl\u00e9m\u016f uniknout z republiky. Tak\u017ee, v\u017edy je  n\u011bco na n\u011bco a nezd\u00e1 se, \u017ee by ta strana &#8222;dal&#8220; byla v p\u0159\u00edpad\u011b EU v\u011bt\u0161\u00ed  ne\u017e na\u0161e &#8222;m\u00e1 d\u00e1ti&#8220;.<\/p>\n<p><a href=\"http:\/\/neviditelnypes.lidovky.cz\/evropa-pravdy-a-nepravdy-prezidenta-jakla-fij-\/p_politika.asp?c=A121024_231435_p_politika_wag\" target=\"_blank\">Zdroj<\/a><\/p>\n","protected":false},"excerpt":{"rendered":"<p>P\u0159edn\u011b je t\u0159eba \u0159\u00edci, \u017ee toto video (jeho dlouh\u00e1 verze zde) nen\u00ed \u017e\u00e1dnou parodi\u00ed na V\u00e1clava Havla. Jedinou nar\u00e1\u017ekou na n\u011bj je v\u011bta, \u017ee &#8222;Evropsk\u00e1 unie nevzkv\u00e9t\u00e1&#8220;, a to je mysl\u00edm na parodii p\u0159\u00edli\u0161 m\u00e1lo. Aby to byl parodie, musel by Ladislav Jakl tak\u00e9 napodobovat r\u00e1\u010dkov\u00e1n\u00ed V\u00e1clava Havla, jeho ehm, ehm a v\u016fbec cel\u00fd styl [&hellip;]<\/p>\n","protected":false},"author":1,"featured_media":0,"comment_status":"open","ping_status":"open","sticky":false,"template":"","format":"standard","meta":{"ngg_post_thumbnail":0,"footnotes":""},"categories":[17,11],"tags":[],"class_list":["post-3008","post","type-post","status-publish","format-standard","hentry","category-jakl-president","category-ozvena"],"_links":{"self":[{"href":"https:\/\/www.ladislavjakl.cz\/index.php?rest_route=\/wp\/v2\/posts\/3008","targetHints":{"allow":["GET"]}}],"collection":[{"href":"https:\/\/www.ladislavjakl.cz\/index.php?rest_route=\/wp\/v2\/posts"}],"about":[{"href":"https:\/\/www.ladislavjakl.cz\/index.php?rest_route=\/wp\/v2\/types\/post"}],"author":[{"embeddable":true,"href":"https:\/\/www.ladislavjakl.cz\/index.php?rest_route=\/wp\/v2\/users\/1"}],"replies":[{"embeddable":true,"href":"https:\/\/www.ladislavjakl.cz\/index.php?rest_route=%2Fwp%2Fv2%2Fcomments&post=3008"}],"version-history":[{"count":1,"href":"https:\/\/www.ladislavjakl.cz\/index.php?rest_route=\/wp\/v2\/posts\/3008\/revisions"}],"predecessor-version":[{"id":3009,"href":"https:\/\/www.ladislavjakl.cz\/index.php?rest_route=\/wp\/v2\/posts\/3008\/revisions\/3009"}],"wp:attachment":[{"href":"https:\/\/www.ladislavjakl.cz\/index.php?rest_route=%2Fwp%2Fv2%2Fmedia&parent=3008"}],"wp:term":[{"taxonomy":"category","embeddable":true,"href":"https:\/\/www.ladislavjakl.cz\/index.php?rest_route=%2Fwp%2Fv2%2Fcategories&post=3008"},{"taxonomy":"post_tag","embeddable":true,"href":"https:\/\/www.ladislavjakl.cz\/index.php?rest_route=%2Fwp%2Fv2%2Ftags&post=3008"}],"curies":[{"name":"wp","href":"https:\/\/api.w.org\/{rel}","templated":true}]}}