{"id":3019,"date":"2012-10-30T15:20:53","date_gmt":"2012-10-30T14:20:53","guid":{"rendered":"http:\/\/www.ladislavjakl.cz\/?p=3019"},"modified":"2012-10-30T15:20:53","modified_gmt":"2012-10-30T14:20:53","slug":"prezident-republiky-vcera-udelil-statni-vyznamenani-rovnez-nekterym-umelcum","status":"publish","type":"post","link":"https:\/\/www.ladislavjakl.cz\/?p=3019","title":{"rendered":"Prezident republiky v\u010dera ud\u011blil st\u00e1tn\u00ed vyznamen\u00e1n\u00ed rovn\u011b\u017e n\u011bkter\u00fdm um\u011blc\u016fm"},"content":{"rendered":"<p>Podle prezidentova tajemn\u00edka Ladislav Jakla se prezident V\u00e1clav Klaus  oproti sv\u00e9mu p\u0159edch\u016fdci sna\u017eil sn\u00ed\u017eit inflaci st\u00e1tn\u00edch vyznamen\u00e1n\u00ed,  p\u0159edev\u0161\u00edm v jejich po\u010dtu. \u201eNejen kv\u016fli inflaci institutu samotn\u00e9ho  vyznamen\u00e1n\u00ed, ale i kv\u016fli d\u016fstojnosti aktu p\u0159ed\u00e1v\u00e1n\u00ed&#8230; Dv\u011b des\u00edtky m\u00edsto  n\u011bkdy tak\u00e9 \u0161esti des\u00edtek, to je docela rozd\u00edl.&#8220; Uv\u00e1d\u00edme, kter\u00fdm  osobnostem p\u016fsob\u00edc\u00edm v oblasti kultury a um\u011bn\u00ed bylo ud\u011bleno v\u010dera  vyznamen\u00e1n\u00ed.<\/p>\n<p><!--more--><strong>Prezident republiky ud\u011blil Medaili za z\u00e1sluhy Otovi Filipovi za z\u00e1sluhy o st\u00e1t v oblasti um\u011bn\u00ed.<\/strong><\/p>\n<p>Ota Filip je v\u00fdznamn\u00fd \u010desk\u00fd exilov\u00fd spisovatel, autor rozs\u00e1hl\u00e9ho  rom\u00e1nov\u00e9ho a publicistick\u00e9ho d\u00edla psan\u00e9ho \u010desky i n\u011bmecky, kter\u00e9  obohatilo \u010deskou i n\u011bmeckou literaturu. Po maturit\u011b vyst\u0159\u00eddal mnoh\u00e1  zam\u011bstn\u00e1n\u00ed. V roce 1970 byl odsouzen za podvracen\u00ed republiky a po  propu\u0161t\u011bn\u00ed z v\u011bzen\u00ed se v roce 1974 vyst\u011bhoval do SRN. P\u016fsob\u00ed jako  publicista a koment\u00e1tor v p\u0159edn\u00edch n\u011bmeck\u00fdch den\u00edc\u00edch, je dr\u017eitelem  mnoha presti\u017en\u00edch ocen\u011bn\u00ed a stal se \u010dlenem Bavorsk\u00e9 akademie v\u011bd a  um\u011bn\u00ed.<\/p>\n<p><strong>Prezident republiky ud\u011blil Medaili za z\u00e1sluhy prof. Marku Kopelentovi za z\u00e1sluhy o st\u00e1t v oblasti um\u011bn\u00ed.<\/strong><\/p>\n<p>Prof. Marek Kopelent je v\u00fdznamn\u00fd \u010desk\u00fd hudebn\u00ed skladatel, klav\u00edrista,  publicista a organiz\u00e1tor hudebn\u00edho \u017eivota. Od 60. let vzbudila jeho  tvorba v oblasti v\u00e1\u017en\u00e9 hudby pozornost a ohlas u n\u00e1s i zahrani\u010d\u00ed. V  obdob\u00ed normalizace byl z politick\u00fdch d\u016fvod\u016f perzekvov\u00e1n a uml\u010dov\u00e1n. Od  roku 1991 p\u016fsob\u00ed jako profesor skladby na pra\u017esk\u00e9 AMU, byl \u010dlenem mnoha  porot v mezin\u00e1rodn\u00edch skladatelsk\u00fdch sout\u011b\u017e\u00edch, organiz\u00e1torem  mezin\u00e1rodn\u00edch skladatelsk\u00fdch kurs\u016f a dr\u017eitelem presti\u017en\u00edch um\u011bleck\u00fdch  ocen\u011bn\u00ed. Letos se do\u017eil 80 let.<\/p>\n<p><strong>Prezident republiky ud\u011blil Medaili za z\u00e1sluhy prof. PhDr. Petru Wittlichovi, CSc. za z\u00e1sluhy o st\u00e1t v oblasti um\u011bn\u00ed a kultury.<\/strong><\/p>\n<p>Prof. Petr Wittlich je v\u00fdznamn\u00fd \u010desk\u00fd historik um\u011bn\u00ed, profesor  Filozofick\u00e9 fakulty Karlovy univerzity. Je autorem \u0159ady odborn\u00fdch  publikac\u00ed, kter\u00e9 si z\u00edskaly velk\u00fd ohlas u odborn\u00e9 ve\u0159ejnosti i \u0161irok\u00e9ho  publika \u010dten\u00e1\u0159\u016f. P\u0159edm\u011btem jeho z\u00e1jmu je modern\u00ed um\u011bn\u00ed, p\u0159edev\u0161\u00edm \u010desk\u00e1  secese, \u010desk\u00e9 socha\u0159stv\u00ed a d\u00edla n\u011bkter\u00fdch velk\u00fdch osobnost\u00ed \u010desk\u00e9ho a  sv\u011btov\u00e9ho v\u00fdtvarn\u00e9ho um\u011bn\u00ed. Sv\u00e9 odborn\u00e9 pr\u00e1ce vyu\u017e\u00edv\u00e1 i k popularizaci  v\u00fdtvarn\u00e9ho um\u011bn\u00ed a kultury a vyslovuje se k ochran\u011b pam\u00e1tek a kulturn\u00edho  d\u011bdictv\u00ed. Letos se do\u017eil 80 let.<\/p>\n<p><strong>Ladislav Jakl k problematice ud\u011blov\u00e1n\u00ed st\u00e1tn\u00edho vyznamen\u00e1n\u00ed<\/strong><\/p>\n<p>\u0158editel politick\u00e9ho odboru a tajemn\u00edk prezidenta se pro den\u00edk Mlad\u00e1  fronta Dnes vyj\u00e1d\u0159il za skupinu poradc\u016f, kter\u00e1 navrhuje st\u00e1tn\u00ed  vyznamen\u00e1n\u00ed ke zp\u016fsobu ud\u011blov\u00e1n\u00ed t\u00e9to pocty a mimo jin\u00e9 \u0159ekl: \u201eAgenda  vyznamen\u00e1n\u00ed je agendou velmi speci\u00e1ln\u00ed, agendou, kter\u00e1 nem\u00e1 jedin\u00e9  nesporn\u00e9 \u0159e\u0161en\u00ed, agendou, kde vlastn\u011b ka\u017ed\u00e1 n\u00e1mitka je alespo\u0148 z\u010d\u00e1sti  opr\u00e1vn\u011bn\u00e1. Je to t\u00edm, \u017ee st\u00e1tn\u00ed vyznamen\u00e1n\u00ed ud\u011blovan\u00e1 prezidentem maj\u00ed  sice n\u00e9st jistou osobn\u00ed pe\u010de\u0165 a vyjad\u0159ovat preference aktu\u00e1ln\u00ed hlavy  st\u00e1tu, z\u00e1rove\u0148 se ale nesm\u011bj\u00ed st\u00e1t hra\u010dkou v rukou panovn\u00edka, proto\u017ee  jde p\u0159ece o &#8222;st\u00e1tn\u00ed vyznamen\u00e1n\u00ed&#8220;, o vyznamen\u00e1n\u00ed jm\u00e9nem cel\u00e9 spole\u010dnosti.  Ka\u017ed\u00fd m\u00e1 n\u00e1rok k tomu \u0159\u00edci sv\u00e9.<\/p>\n<p>A v tom je pr\u00e1v\u011b h\u00e1\u010dek. Nen\u00ed mo\u017en\u00e9, aby se cel\u00e1 spole\u010dnost shodla i  na celkov\u00e9m pojet\u00ed ud\u011blov\u00e1n\u00ed vyznamen\u00e1n\u00ed, nato\u017e na jednotliv\u00fdch jm\u00e9nech.  Ale respekt k m\u00edn\u011bn\u00ed ve\u0159ejnosti vyznamen\u00e1vaj\u00edc\u00ed m\u00edt mus\u00ed. Z\u00e1rove\u0148 si  v\u0161ak mus\u00ed d\u00e1t pozor na nadb\u00edh\u00e1n\u00ed n\u00e1lad\u00e1m a vyzdvihov\u00e1n\u00ed obecn\u00e9  popularity jako hlavn\u00edho krit\u00e9ria. Za posledn\u00ed l\u00e9ta je br\u00e1n institut  vyznamen\u00e1n\u00ed velmi v\u00e1\u017en\u011b.&#8220;<\/p>\n<p>Nav\u00edc k tomu Ladislav Jakl\u00a0dodal: \u201eJedn\u00edm z d\u016fle\u017eit\u00fdch krit\u00e9ri\u00ed je  vyv\u00e1\u017eenost. Mnoh\u00fdm se nel\u00edb\u00ed, kdy\u017e v jedn\u00e9 skupin\u011b vyznamenan\u00fdch vid\u00ed  v\u00e1le\u010dn\u00e9 \u010di odbojov\u00e9 veter\u00e1ny a sou\u010dasn\u011b um\u011blce \u010di sportovce. Osobn\u011b  neb\u00fdv\u00e1m nad\u0161en, kdy\u017e m\u00e1 dostat vyznamen\u00e1n\u00ed n\u011bkdo &#8222;jen&#8220; za to, \u017ee vynik\u00e1  ve sv\u00e9m oboru. Ale nevedeme zrovna \u017e\u00e1dnou v\u00e1lku a hrdin\u016f se jaksi  nedost\u00e1v\u00e1. Proto pln\u00fdm pr\u00e1vem b\u00fdvaj\u00ed ocen\u011bni lid\u00e9 z re\u00e1ln\u00e9ho \u017eivota,  v\u00fdjime\u010dn\u00ed profesion\u00e1lov\u00e9 sv\u00e9ho oboru, kte\u0159\u00ed maj\u00ed i n\u011bjak\u00fd spole\u010densk\u00fd  p\u0159esah.&#8220;<\/p>\n<p><a href=\"http:\/\/www.literarky.cz\/domov\/politika\/12217-prezident-republiky-vera-udlil-statni-vyznamenani-rovn-nkterym-umlcm\" target=\"_blank\">Zdroj<\/a><\/p>\n","protected":false},"excerpt":{"rendered":"<p>Podle prezidentova tajemn\u00edka Ladislav Jakla se prezident V\u00e1clav Klaus oproti sv\u00e9mu p\u0159edch\u016fdci sna\u017eil sn\u00ed\u017eit inflaci st\u00e1tn\u00edch vyznamen\u00e1n\u00ed, p\u0159edev\u0161\u00edm v jejich po\u010dtu. \u201eNejen kv\u016fli inflaci institutu samotn\u00e9ho vyznamen\u00e1n\u00ed, ale i kv\u016fli d\u016fstojnosti aktu p\u0159ed\u00e1v\u00e1n\u00ed&#8230; Dv\u011b des\u00edtky m\u00edsto n\u011bkdy tak\u00e9 \u0161esti des\u00edtek, to je docela rozd\u00edl.&#8220; Uv\u00e1d\u00edme, kter\u00fdm osobnostem p\u016fsob\u00edc\u00edm v oblasti kultury a um\u011bn\u00ed bylo ud\u011bleno [&hellip;]<\/p>\n","protected":false},"author":1,"featured_media":0,"comment_status":"open","ping_status":"open","sticky":false,"template":"","format":"standard","meta":{"ngg_post_thumbnail":0,"footnotes":""},"categories":[11],"tags":[],"class_list":["post-3019","post","type-post","status-publish","format-standard","hentry","category-ozvena"],"_links":{"self":[{"href":"https:\/\/www.ladislavjakl.cz\/index.php?rest_route=\/wp\/v2\/posts\/3019","targetHints":{"allow":["GET"]}}],"collection":[{"href":"https:\/\/www.ladislavjakl.cz\/index.php?rest_route=\/wp\/v2\/posts"}],"about":[{"href":"https:\/\/www.ladislavjakl.cz\/index.php?rest_route=\/wp\/v2\/types\/post"}],"author":[{"embeddable":true,"href":"https:\/\/www.ladislavjakl.cz\/index.php?rest_route=\/wp\/v2\/users\/1"}],"replies":[{"embeddable":true,"href":"https:\/\/www.ladislavjakl.cz\/index.php?rest_route=%2Fwp%2Fv2%2Fcomments&post=3019"}],"version-history":[{"count":1,"href":"https:\/\/www.ladislavjakl.cz\/index.php?rest_route=\/wp\/v2\/posts\/3019\/revisions"}],"predecessor-version":[{"id":3020,"href":"https:\/\/www.ladislavjakl.cz\/index.php?rest_route=\/wp\/v2\/posts\/3019\/revisions\/3020"}],"wp:attachment":[{"href":"https:\/\/www.ladislavjakl.cz\/index.php?rest_route=%2Fwp%2Fv2%2Fmedia&parent=3019"}],"wp:term":[{"taxonomy":"category","embeddable":true,"href":"https:\/\/www.ladislavjakl.cz\/index.php?rest_route=%2Fwp%2Fv2%2Fcategories&post=3019"},{"taxonomy":"post_tag","embeddable":true,"href":"https:\/\/www.ladislavjakl.cz\/index.php?rest_route=%2Fwp%2Fv2%2Ftags&post=3019"}],"curies":[{"name":"wp","href":"https:\/\/api.w.org\/{rel}","templated":true}]}}